{"id":35583,"date":"2021-03-23T16:48:53","date_gmt":"2021-03-23T16:48:53","guid":{"rendered":"https:\/\/www.anmp.pt\/?p=35583"},"modified":"2021-03-24T09:53:52","modified_gmt":"2021-03-24T09:53:52","slug":"proposta-de-lei-relativa-a-aerodromos-anmp-defende-mecanismos-de-concertacao-e-de-harmonizacao-dos-interesses-nacional-e-local","status":"publish","type":"post","link":"https:\/\/anmp.pt\/en\/proposta-de-lei-relativa-a-aerodromos-anmp-defende-mecanismos-de-concertacao-e-de-harmonizacao-dos-interesses-nacional-e-local\/","title":{"rendered":"(Portugu\u00eas) ANMP analisa proposta de lei<br> relativa a aer\u00f3dromos nacionais"},"content":{"rendered":"<p class=\"qtranxs-available-languages-message qtranxs-available-languages-message-en\">Sorry, this entry is only available in <a href=\"https:\/\/anmp.pt\/pt\/wp-json\/wp\/v2\/posts\/35583\" class=\"qtranxs-available-language-link qtranxs-available-language-link-pt\" title=\"Portugu\u00eas\">Portugu\u00eas<\/a>.<\/p><p><\/p>\n<p style=\"text-align: justify;\">O Conselho Diretivo analisou hoje uma proposta de lei remetida pela Assembleia da Rep\u00fablica relativa \u00e0 altera\u00e7\u00e3o das condi\u00e7\u00f5es de constru\u00e7\u00e3o de aer\u00f3dromos civis nacionais.<\/p>\n<p style=\"text-align: justify;\">A ANMP reconhece a exist\u00eancia de um conjunto de situa\u00e7\u00f5es em que se coloca a necessidade de intera\u00e7\u00e3o e de articula\u00e7\u00e3o entre o Estado Central e os Munic\u00edpios, defendendo que devem existir mecanismos de concerta\u00e7\u00e3o e de harmoniza\u00e7\u00e3o dos interesses em presen\u00e7a.<\/p>\n<p style=\"text-align: justify;\">Face \u00e0 exist\u00eancia de projetos com uma dimens\u00e3o e abrang\u00eancia nacional, entende a ANMP que deve ser legalmente institu\u00eddo um mecanismo de concerta\u00e7\u00e3o de interesses que propicie que o Estado Central e os Munic\u00edpios articulem as suas pol\u00edticas e a salvaguarda das op\u00e7\u00f5es a tomar \u2013 nacionais e locais \u2013 \u00e0 semelhan\u00e7a do que hoje ocorre em mat\u00e9ria de ordenamento do territ\u00f3rio.<\/p>\n<h4 style=\"text-align: justify;\">ELEI\u00c7\u00d5ES AUT\u00c1RQUICAS<strong>\u00a0<\/strong><\/h4>\n<p style=\"text-align: justify;\">O Conselho Diretivo debru\u00e7ou-se tamb\u00e9m sobre algumas propostas de lei relativamente \u00e0 realiza\u00e7\u00e3o das pr\u00f3ximas elei\u00e7\u00f5es aut\u00e1rquicas e, partindo da experi\u00eancia das recentes elei\u00e7\u00f5es presidenciais, est\u00e1 convicto de que estamos a tempo de realizar uma programac\u0327a\u0303o adequada, com mecanismos que permitam a marcac\u0327a\u0303o do pro\u0301ximo ato eleitoral auta\u0301rquico nas datas definidas na Lei Eleitoral.<\/p>\n<p style=\"text-align: justify;\">A ANMP assume, como princi\u0301pio geral, que na\u0303o devem ser criadas exige\u0302ncias acrescidas que, pela sua natureza, obstaculizem e limitem a participac\u0327a\u0303o poli\u0301tica e eleitoral dos cidada\u0303os e a pra\u0301tica da democracia a ni\u0301vel local. Por\u00e9m, considera incompreens\u00edvel que, a poucos meses da realizac\u0327a\u0303o das eleic\u0327o\u0303es auta\u0301rquicas, sejam propostas modificac\u0327o\u0303es a\u0300 lei eleitoral em aspetos que mereceram, ainda ha\u0301 pouco tempo, um amplo consenso, que levou a\u0300 sua aprovac\u0327a\u0303o e a\u0300 publicac\u0327a\u0303o da Lei Orga\u0302nica (n.\u00ba 1-A\/2020, de 21 de agosto).<\/p>\n<p style=\"text-align: justify;\">Neste sentido, defende que as normas aplica\u0301veis ao processo eleitoral sejam constantes e duradouras, de modo a permitir a estabilidade na realizac\u0327a\u0303o das eleic\u0327o\u0303es auta\u0301rquicas e sustenta que a democracia n\u00e3o se pode deixar confinar pela pandemia.<\/p>\n<h4 style=\"text-align: justify;\">SAU\u0301DE: AUTOS DE TRANSFERE\u0302NCIA<\/h4>\n<p style=\"text-align: justify;\">Hoje, o Conselho Diretivo debateu ainda a transfer\u00eancia de compet\u00eancias na \u00e1rea da Sa\u00fade, nomeadamente a quest\u00e3o dos autos de transfer\u00eancia.<\/p>\n<p style=\"text-align: justify;\">A ANMP tem vindo a trabalhar com o Governo nesta mat\u00e9ria, mas, at\u00e9 ao momento, ainda n\u00e3o foi poss\u00edvel chegar a um entendimento relativamente aos autos de transfer\u00eancia.<\/p>\n<p style=\"text-align: justify;\">Em termos gerais, a Associa\u00e7\u00e3o entende que o modelo de auto de transfere\u0302ncia atribui, a\u0300s administrac\u0327o\u0303es regionais de sau\u0301de, um conjunto de poderes que configuram uma tutela sancionato\u0301ria e substitutiva da administrac\u0327a\u0303o central sobre a administrac\u0327a\u0303o local, o que \u00e9 constitucionalmente e legalmente inaceit\u00e1vel.<\/p>\n<p style=\"text-align: justify;\">Em termos concretos, est\u00e3o em causa as regras de gesta\u0303o de pessoal que carece de parecer pre\u0301vio por parte da ARS, a avaliac\u0327a\u0303o qualitativa do trabalho dos munici\u0301pios e o poder de suspender as transfere\u0302ncias financeiras e avocar as compete\u0302ncias atribui\u0301do a cada ARS.<\/p>\n<p style=\"text-align: justify;\">A ANMP enviou uma proposta concreta de altera\u00e7\u00e3o do auto de transfer\u00eancia e aguarda agora resposta, o mais brevemente poss\u00edvel, dado que sem os aperfei\u00e7oamentos necess\u00e1rios dificilmente haver\u00e1 ades\u00e3o de mais munic\u00edpios a este processo.<\/p>\n<p>&nbsp;<\/p>","protected":false},"excerpt":{"rendered":"<p>Sorry, this entry is only available in Portugu\u00eas. O Conselho Diretivo analisou hoje uma proposta de lei remetida pela Assembleia da Rep\u00fablica relativa \u00e0 altera\u00e7\u00e3o das condi\u00e7\u00f5es de constru\u00e7\u00e3o de aer\u00f3dromos civis nacionais. A ANMP reconhece a exist\u00eancia de um conjunto de situa\u00e7\u00f5es em que se coloca a necessidade de intera\u00e7\u00e3o e de articula\u00e7\u00e3o entre [&hellip;]<\/p>\n","protected":false},"author":34,"featured_media":0,"comment_status":"closed","ping_status":"closed","sticky":false,"template":"","format":"standard","meta":{"_acf_changed":false,"_exactmetrics_skip_tracking":false,"_exactmetrics_sitenote_active":false,"_exactmetrics_sitenote_note":"","_exactmetrics_sitenote_category":0,"footnotes":""},"categories":[1555],"tags":[],"class_list":["post-35583","post","type-post","status-publish","format-standard","hentry","category-atualidade-2021"],"acf":[],"yoast_head":"<!-- This site is optimized with the Yoast SEO plugin v23.9 - https:\/\/yoast.com\/wordpress\/plugins\/seo\/ -->\n<title><\/title>\n<meta name=\"robots\" content=\"index, follow, max-snippet:-1, max-image-preview:large, max-video-preview:-1\" \/>\n<link rel=\"canonical\" href=\"https:\/\/anmp.pt\/proposta-de-lei-relativa-a-aerodromos-anmp-defende-mecanismos-de-concertacao-e-de-harmonizacao-dos-interesses-nacional-e-local\/\" \/>\n<meta property=\"og:locale\" content=\"en_US\" \/>\n<meta property=\"og:type\" content=\"article\" \/>\n<meta property=\"og:title\" content=\"[:pt]ANMP analisa proposta de lei relativa a aer\u00f3dromos nacionais [:] - Portal Institucional\" \/>\n<meta property=\"og:description\" content=\"Sorry, this entry is only available in Portugu\u00eas. O Conselho Diretivo analisou hoje uma proposta de lei remetida pela Assembleia da Rep\u00fablica relativa \u00e0 altera\u00e7\u00e3o das condi\u00e7\u00f5es de constru\u00e7\u00e3o de aer\u00f3dromos civis nacionais. A ANMP reconhece a exist\u00eancia de um conjunto de situa\u00e7\u00f5es em que se coloca a necessidade de intera\u00e7\u00e3o e de articula\u00e7\u00e3o entre [&hellip;]\" \/>\n<meta property=\"og:url\" content=\"https:\/\/anmp.pt\/proposta-de-lei-relativa-a-aerodromos-anmp-defende-mecanismos-de-concertacao-e-de-harmonizacao-dos-interesses-nacional-e-local\/\" \/>\n<meta property=\"og:site_name\" content=\"Portal Institucional\" \/>\n<meta property=\"article:publisher\" content=\"https:\/\/www.facebook.com\/ANMP.PT\" \/>\n<meta property=\"article:published_time\" content=\"2021-03-23T16:48:53+00:00\" \/>\n<meta property=\"article:modified_time\" content=\"2021-03-24T09:53:52+00:00\" \/>\n<meta name=\"author\" content=\"Aristides Carvalho\" \/>\n<meta name=\"twitter:card\" content=\"summary_large_image\" \/>\n<script type=\"application\/ld+json\" class=\"yoast-schema-graph\">{\"@context\":\"https:\/\/schema.org\",\"@graph\":[{\"@type\":\"Article\",\"@id\":\"https:\/\/anmp.pt\/proposta-de-lei-relativa-a-aerodromos-anmp-defende-mecanismos-de-concertacao-e-de-harmonizacao-dos-interesses-nacional-e-local\/#article\",\"isPartOf\":{\"@id\":\"https:\/\/anmp.pt\/proposta-de-lei-relativa-a-aerodromos-anmp-defende-mecanismos-de-concertacao-e-de-harmonizacao-dos-interesses-nacional-e-local\/\"},\"author\":{\"name\":\"Aristides Carvalho\",\"@id\":\"https:\/\/anmp.pt\/#\/schema\/person\/3e31ab197fc4b592367ad60b3dff1290\"},\"headline\":\"(Portugu\u00eas) ANMP analisa proposta de lei relativa a aer\u00f3dromos nacionais\",\"datePublished\":\"2021-03-23T16:48:53+00:00\",\"dateModified\":\"2021-03-24T09:53:52+00:00\",\"mainEntityOfPage\":{\"@id\":\"https:\/\/anmp.pt\/proposta-de-lei-relativa-a-aerodromos-anmp-defende-mecanismos-de-concertacao-e-de-harmonizacao-dos-interesses-nacional-e-local\/\"},\"wordCount\":593,\"publisher\":{\"@id\":\"https:\/\/anmp.pt\/#organization\"},\"articleSection\":[\"Atualidade-2021\"],\"inLanguage\":\"en-US\"},{\"@type\":\"WebPage\",\"@id\":\"https:\/\/anmp.pt\/proposta-de-lei-relativa-a-aerodromos-anmp-defende-mecanismos-de-concertacao-e-de-harmonizacao-dos-interesses-nacional-e-local\/\",\"url\":\"https:\/\/anmp.pt\/proposta-de-lei-relativa-a-aerodromos-anmp-defende-mecanismos-de-concertacao-e-de-harmonizacao-dos-interesses-nacional-e-local\/\",\"name\":\"[:pt]ANMP analisa proposta de lei relativa a aer\u00f3dromos nacionais [:] - Portal Institucional\",\"isPartOf\":{\"@id\":\"https:\/\/anmp.pt\/#website\"},\"datePublished\":\"2021-03-23T16:48:53+00:00\",\"dateModified\":\"2021-03-24T09:53:52+00:00\",\"breadcrumb\":{\"@id\":\"https:\/\/anmp.pt\/proposta-de-lei-relativa-a-aerodromos-anmp-defende-mecanismos-de-concertacao-e-de-harmonizacao-dos-interesses-nacional-e-local\/#breadcrumb\"},\"inLanguage\":\"en-US\",\"potentialAction\":[{\"@type\":\"ReadAction\",\"target\":[\"https:\/\/anmp.pt\/proposta-de-lei-relativa-a-aerodromos-anmp-defende-mecanismos-de-concertacao-e-de-harmonizacao-dos-interesses-nacional-e-local\/\"]}]},{\"@type\":\"BreadcrumbList\",\"@id\":\"https:\/\/anmp.pt\/proposta-de-lei-relativa-a-aerodromos-anmp-defende-mecanismos-de-concertacao-e-de-harmonizacao-dos-interesses-nacional-e-local\/#breadcrumb\",\"itemListElement\":[{\"@type\":\"ListItem\",\"position\":1,\"name\":\"In\u00edcio\",\"item\":\"https:\/\/anmp.pt\/\"},{\"@type\":\"ListItem\",\"position\":2,\"name\":\"ANMP analisa proposta de lei relativa a aer\u00f3dromos nacionais\"}]},{\"@type\":\"WebSite\",\"@id\":\"https:\/\/anmp.pt\/#website\",\"url\":\"https:\/\/anmp.pt\/\",\"name\":\"Associa\u00e7\u00e3o Nacional de Munic\u00edpios Portugueses\",\"description\":\"Portal Institucional\",\"publisher\":{\"@id\":\"https:\/\/anmp.pt\/#organization\"},\"potentialAction\":[{\"@type\":\"SearchAction\",\"target\":{\"@type\":\"EntryPoint\",\"urlTemplate\":\"https:\/\/anmp.pt\/?s={search_term_string}\"},\"query-input\":{\"@type\":\"PropertyValueSpecification\",\"valueRequired\":true,\"valueName\":\"search_term_string\"}}],\"inLanguage\":\"en-US\"},{\"@type\":\"Organization\",\"@id\":\"https:\/\/anmp.pt\/#organization\",\"name\":\"Associa\u00e7\u00e3o Nacional de Munic\u00edpios Portugueses\",\"url\":\"https:\/\/anmp.pt\/\",\"logo\":{\"@type\":\"ImageObject\",\"inLanguage\":\"en-US\",\"@id\":\"https:\/\/anmp.pt\/#\/schema\/logo\/image\/\",\"url\":\"https:\/\/anmp.pt\/wp-content\/uploads\/2020\/06\/logo980400.png\",\"contentUrl\":\"https:\/\/anmp.pt\/wp-content\/uploads\/2020\/06\/logo980400.png\",\"width\":980,\"height\":400,\"caption\":\"Associa\u00e7\u00e3o Nacional de Munic\u00edpios Portugueses\"},\"image\":{\"@id\":\"https:\/\/anmp.pt\/#\/schema\/logo\/image\/\"},\"sameAs\":[\"https:\/\/www.facebook.com\/ANMP.PT\"]},{\"@type\":\"Person\",\"@id\":\"https:\/\/anmp.pt\/#\/schema\/person\/3e31ab197fc4b592367ad60b3dff1290\",\"name\":\"Aristides Carvalho\",\"image\":{\"@type\":\"ImageObject\",\"inLanguage\":\"en-US\",\"@id\":\"https:\/\/anmp.pt\/#\/schema\/person\/image\/\",\"url\":\"https:\/\/secure.gravatar.com\/avatar\/b27ae6c145f7c02bcfc86e34bcfc4a53?s=96&d=mm&r=g\",\"contentUrl\":\"https:\/\/secure.gravatar.com\/avatar\/b27ae6c145f7c02bcfc86e34bcfc4a53?s=96&d=mm&r=g\",\"caption\":\"Aristides Carvalho\"}}]}<\/script>\n<!-- \/ Yoast SEO plugin. -->","yoast_head_json":{"title":"[:pt]ANMP analisa proposta de lei relativa a aer\u00f3dromos nacionais [:] - Portal Institucional","robots":{"index":"index","follow":"follow","max-snippet":"max-snippet:-1","max-image-preview":"max-image-preview:large","max-video-preview":"max-video-preview:-1"},"canonical":"https:\/\/anmp.pt\/proposta-de-lei-relativa-a-aerodromos-anmp-defende-mecanismos-de-concertacao-e-de-harmonizacao-dos-interesses-nacional-e-local\/","og_locale":"en_US","og_type":"article","og_title":"[:pt]ANMP analisa proposta de lei relativa a aer\u00f3dromos nacionais [:] - Portal Institucional","og_description":"Sorry, this entry is only available in Portugu\u00eas. O Conselho Diretivo analisou hoje uma proposta de lei remetida pela Assembleia da Rep\u00fablica relativa \u00e0 altera\u00e7\u00e3o das condi\u00e7\u00f5es de constru\u00e7\u00e3o de aer\u00f3dromos civis nacionais. A ANMP reconhece a exist\u00eancia de um conjunto de situa\u00e7\u00f5es em que se coloca a necessidade de intera\u00e7\u00e3o e de articula\u00e7\u00e3o entre [&hellip;]","og_url":"https:\/\/anmp.pt\/proposta-de-lei-relativa-a-aerodromos-anmp-defende-mecanismos-de-concertacao-e-de-harmonizacao-dos-interesses-nacional-e-local\/","og_site_name":"Portal Institucional","article_publisher":"https:\/\/www.facebook.com\/ANMP.PT","article_published_time":"2021-03-23T16:48:53+00:00","article_modified_time":"2021-03-24T09:53:52+00:00","author":"Aristides Carvalho","twitter_card":"summary_large_image","schema":{"@context":"https:\/\/schema.org","@graph":[{"@type":"Article","@id":"https:\/\/anmp.pt\/proposta-de-lei-relativa-a-aerodromos-anmp-defende-mecanismos-de-concertacao-e-de-harmonizacao-dos-interesses-nacional-e-local\/#article","isPartOf":{"@id":"https:\/\/anmp.pt\/proposta-de-lei-relativa-a-aerodromos-anmp-defende-mecanismos-de-concertacao-e-de-harmonizacao-dos-interesses-nacional-e-local\/"},"author":{"name":"Aristides Carvalho","@id":"https:\/\/anmp.pt\/#\/schema\/person\/3e31ab197fc4b592367ad60b3dff1290"},"headline":"(Portugu\u00eas) ANMP analisa proposta de lei relativa a aer\u00f3dromos nacionais","datePublished":"2021-03-23T16:48:53+00:00","dateModified":"2021-03-24T09:53:52+00:00","mainEntityOfPage":{"@id":"https:\/\/anmp.pt\/proposta-de-lei-relativa-a-aerodromos-anmp-defende-mecanismos-de-concertacao-e-de-harmonizacao-dos-interesses-nacional-e-local\/"},"wordCount":593,"publisher":{"@id":"https:\/\/anmp.pt\/#organization"},"articleSection":["Atualidade-2021"],"inLanguage":"en-US"},{"@type":"WebPage","@id":"https:\/\/anmp.pt\/proposta-de-lei-relativa-a-aerodromos-anmp-defende-mecanismos-de-concertacao-e-de-harmonizacao-dos-interesses-nacional-e-local\/","url":"https:\/\/anmp.pt\/proposta-de-lei-relativa-a-aerodromos-anmp-defende-mecanismos-de-concertacao-e-de-harmonizacao-dos-interesses-nacional-e-local\/","name":"[:pt]ANMP analisa proposta de lei relativa a aer\u00f3dromos nacionais [:] - Portal Institucional","isPartOf":{"@id":"https:\/\/anmp.pt\/#website"},"datePublished":"2021-03-23T16:48:53+00:00","dateModified":"2021-03-24T09:53:52+00:00","breadcrumb":{"@id":"https:\/\/anmp.pt\/proposta-de-lei-relativa-a-aerodromos-anmp-defende-mecanismos-de-concertacao-e-de-harmonizacao-dos-interesses-nacional-e-local\/#breadcrumb"},"inLanguage":"en-US","potentialAction":[{"@type":"ReadAction","target":["https:\/\/anmp.pt\/proposta-de-lei-relativa-a-aerodromos-anmp-defende-mecanismos-de-concertacao-e-de-harmonizacao-dos-interesses-nacional-e-local\/"]}]},{"@type":"BreadcrumbList","@id":"https:\/\/anmp.pt\/proposta-de-lei-relativa-a-aerodromos-anmp-defende-mecanismos-de-concertacao-e-de-harmonizacao-dos-interesses-nacional-e-local\/#breadcrumb","itemListElement":[{"@type":"ListItem","position":1,"name":"In\u00edcio","item":"https:\/\/anmp.pt\/"},{"@type":"ListItem","position":2,"name":"ANMP analisa proposta de lei relativa a aer\u00f3dromos nacionais"}]},{"@type":"WebSite","@id":"https:\/\/anmp.pt\/#website","url":"https:\/\/anmp.pt\/","name":"Associa\u00e7\u00e3o Nacional de Munic\u00edpios Portugueses","description":"Portal Institucional","publisher":{"@id":"https:\/\/anmp.pt\/#organization"},"potentialAction":[{"@type":"SearchAction","target":{"@type":"EntryPoint","urlTemplate":"https:\/\/anmp.pt\/?s={search_term_string}"},"query-input":{"@type":"PropertyValueSpecification","valueRequired":true,"valueName":"search_term_string"}}],"inLanguage":"en-US"},{"@type":"Organization","@id":"https:\/\/anmp.pt\/#organization","name":"Associa\u00e7\u00e3o Nacional de Munic\u00edpios Portugueses","url":"https:\/\/anmp.pt\/","logo":{"@type":"ImageObject","inLanguage":"en-US","@id":"https:\/\/anmp.pt\/#\/schema\/logo\/image\/","url":"https:\/\/anmp.pt\/wp-content\/uploads\/2020\/06\/logo980400.png","contentUrl":"https:\/\/anmp.pt\/wp-content\/uploads\/2020\/06\/logo980400.png","width":980,"height":400,"caption":"Associa\u00e7\u00e3o Nacional de Munic\u00edpios Portugueses"},"image":{"@id":"https:\/\/anmp.pt\/#\/schema\/logo\/image\/"},"sameAs":["https:\/\/www.facebook.com\/ANMP.PT"]},{"@type":"Person","@id":"https:\/\/anmp.pt\/#\/schema\/person\/3e31ab197fc4b592367ad60b3dff1290","name":"Aristides Carvalho","image":{"@type":"ImageObject","inLanguage":"en-US","@id":"https:\/\/anmp.pt\/#\/schema\/person\/image\/","url":"https:\/\/secure.gravatar.com\/avatar\/b27ae6c145f7c02bcfc86e34bcfc4a53?s=96&d=mm&r=g","contentUrl":"https:\/\/secure.gravatar.com\/avatar\/b27ae6c145f7c02bcfc86e34bcfc4a53?s=96&d=mm&r=g","caption":"Aristides Carvalho"}}]}},"_links":{"self":[{"href":"https:\/\/anmp.pt\/en\/wp-json\/wp\/v2\/posts\/35583","targetHints":{"allow":["GET"]}}],"collection":[{"href":"https:\/\/anmp.pt\/en\/wp-json\/wp\/v2\/posts"}],"about":[{"href":"https:\/\/anmp.pt\/en\/wp-json\/wp\/v2\/types\/post"}],"author":[{"embeddable":true,"href":"https:\/\/anmp.pt\/en\/wp-json\/wp\/v2\/users\/34"}],"replies":[{"embeddable":true,"href":"https:\/\/anmp.pt\/en\/wp-json\/wp\/v2\/comments?post=35583"}],"version-history":[{"count":0,"href":"https:\/\/anmp.pt\/en\/wp-json\/wp\/v2\/posts\/35583\/revisions"}],"wp:attachment":[{"href":"https:\/\/anmp.pt\/en\/wp-json\/wp\/v2\/media?parent=35583"}],"wp:term":[{"taxonomy":"category","embeddable":true,"href":"https:\/\/anmp.pt\/en\/wp-json\/wp\/v2\/categories?post=35583"},{"taxonomy":"post_tag","embeddable":true,"href":"https:\/\/anmp.pt\/en\/wp-json\/wp\/v2\/tags?post=35583"}],"curies":[{"name":"wp","href":"https:\/\/api.w.org\/{rel}","templated":true}]}}