{"id":37291,"date":"2021-05-11T22:28:42","date_gmt":"2021-05-11T21:28:42","guid":{"rendered":"https:\/\/www.anmp.pt\/?p=37291"},"modified":"2021-05-11T22:34:27","modified_gmt":"2021-05-11T21:34:27","slug":"anmp-reitera-que-aumento-da-tgr-e-inaceitavel","status":"publish","type":"post","link":"https:\/\/anmp.pt\/en\/anmp-reitera-que-aumento-da-tgr-e-inaceitavel\/","title":{"rendered":"(Portugu\u00eas) ANMP reitera que aumento da TGR \u00e9 inaceit\u00e1vel"},"content":{"rendered":"<p class=\"qtranxs-available-languages-message qtranxs-available-languages-message-en\">Sorry, this entry is only available in <a href=\"https:\/\/anmp.pt\/pt\/wp-json\/wp\/v2\/posts\/37291\" class=\"qtranxs-available-language-link qtranxs-available-language-link-pt\" title=\"Portugu\u00eas\">Portugu\u00eas<\/a>.<\/p><p>O Conselho Diretivo da Associa\u00e7\u00e3o Nacional de Munic\u00edpios Portugueses reuniu hoje na Funda\u00e7\u00e3o FEFAL, entidade que tem como miss\u00e3o promover os estudos e a forma\u00e7\u00e3o para as Autarquias Locais.<\/p>\n<p>Nesta reuni\u00e3o, entre outros assuntos, debateu a taxa de utiliza\u00e7\u00e3o de dom\u00ednio municipal para energia el\u00e9trica em m\u00e9dia e alta tens\u00e3o, acerca da qual a generalidade dos munic\u00edpios tem defendido o pagamento pela EDP, e o aumento da Taxa de Gest\u00e3o de Res\u00edduos (TGR), reiterando que o seu aumento \u00e9 inaceit\u00e1vel.<\/p>\n<p>A Associa\u00e7\u00e3o considera que, em mat\u00e9ria de distribui\u00e7\u00e3o de energia el\u00e9trica em m\u00e9dia e alta tens\u00e3o, h\u00e1, efetivamente, uma ocupa\u00e7\u00e3o e utiliza\u00e7\u00e3o do solo e ou do subsolo municipal, com infraestruturas e equipamentos afetos a essa atividade, pelo que s\u00e3o devidas as respetivas taxas por essa utiliza\u00e7\u00e3o.<\/p>\n<p>A ANMP sublinha que, se o contrato de concess\u00e3o em baixa tens\u00e3o, celebrado entre os munic\u00edpios e a EDP, excluiu expressamente as infraestruturas de m\u00e9dia e alta tens\u00e3o, \u00e9 evidente que a utiliza\u00e7\u00e3o do dom\u00ednio p\u00fablico municipal nestes \u00e2mbitos n\u00e3o est\u00e1 isenta da taxa.<\/p>\n<p>Assim, o Conselho Diretivo decidiu solicitar uma reuni\u00e3o ao Ministro do Ambiente para que se clarifique em definitivo esta situa\u00e7\u00e3o que, se n\u00e3o for atempadamente resolvida, ter\u00e1 um impacto financeiro relevante nos munic\u00edpios.<\/p>\n<p>&nbsp;<\/p>\n<h4>Fundo Ambiental<\/h4>\n<p>&nbsp;<\/p>\n<p>O Conselho Diretivo analisou tamb\u00e9m o Despacho relativo ao Plano anual de atribui\u00e7\u00e3o de apoios e de utiliza\u00e7\u00e3o de receitas do Fundo Ambiental para o corrente ano de 2021 e que se traduz numa diminui\u00e7\u00e3o do montante afeto \u00e0 recolha seletiva de biorres\u00edduos.<\/p>\n<p>Este montante \u00e9 reduzido para metade &#8211; passando de 11 850 000\u20ac para 5 925 000\u20ac &#8211; o que decorre, de acordo com o Governo, do facto do aumento da TGR ter sido adiado para o segundo semestre de 2021.<\/p>\n<p>Neste contexto, a ANMP reitera que o aumento da TGR &#8211; j\u00e1 este ano de 11 para 22\u20ac por tonelada, e, em tr\u00eas anos, para 35\u20ac por tonelada \u2013 \u00e9 inaceit\u00e1vel e tem de ser revisto, de modo a n\u00e3o penalizar os munic\u00edpios e as popula\u00e7\u00f5es, quer em termos financeiros quer em termos ambientais.<\/p>\n<p>A Associa\u00e7\u00e3o sustenta que os munic\u00edpios n\u00e3o podem ser penalizados por cortes do Fundo Ambiental, devendo, isso sim, ser apoiados, porque desempenham um papel importante no dom\u00ednio ambiental e no desenvolvimento sustent\u00e1vel dos seus territ\u00f3rios e, assim, do Pa\u00eds \u2013 e a recolha seletiva de biorres\u00edduos \u00e9 um compromisso do Pa\u00eds.<\/p>\n<p>Tendo em conta a sua import\u00e2ncia para os munic\u00edpios e para as popula\u00e7\u00f5es, estas duas mat\u00e9rias ser\u00e3o debatidas com o Governo, numa reuni\u00e3o pedida pela ANMP ao Minist\u00e9rio do Ambiente.<\/p>\n<p>&nbsp;<\/p>","protected":false},"excerpt":{"rendered":"<p>Sorry, this entry is only available in Portugu\u00eas.O Conselho Diretivo da Associa\u00e7\u00e3o Nacional de Munic\u00edpios Portugueses reuniu hoje na Funda\u00e7\u00e3o FEFAL, entidade que tem como miss\u00e3o promover os estudos e a forma\u00e7\u00e3o para as Autarquias Locais. Nesta reuni\u00e3o, entre outros assuntos, debateu a taxa de utiliza\u00e7\u00e3o de dom\u00ednio municipal para energia el\u00e9trica em m\u00e9dia e [&hellip;]<\/p>\n","protected":false},"author":34,"featured_media":0,"comment_status":"closed","ping_status":"closed","sticky":false,"template":"","format":"standard","meta":{"_acf_changed":false,"_exactmetrics_skip_tracking":false,"_exactmetrics_sitenote_active":false,"_exactmetrics_sitenote_note":"","_exactmetrics_sitenote_category":0,"footnotes":""},"categories":[1555],"tags":[],"class_list":["post-37291","post","type-post","status-publish","format-standard","hentry","category-atualidade-2021"],"acf":[],"yoast_head":"<!-- This site is optimized with the Yoast SEO plugin v23.9 - https:\/\/yoast.com\/wordpress\/plugins\/seo\/ -->\n<title><\/title>\n<meta name=\"robots\" content=\"index, follow, max-snippet:-1, max-image-preview:large, max-video-preview:-1\" \/>\n<link rel=\"canonical\" href=\"https:\/\/anmp.pt\/anmp-reitera-que-aumento-da-tgr-e-inaceitavel\/\" \/>\n<meta property=\"og:locale\" content=\"en_US\" \/>\n<meta property=\"og:type\" content=\"article\" \/>\n<meta property=\"og:title\" content=\"[:pt]ANMP reitera que aumento da TGR \u00e9 inaceit\u00e1vel[:] - Portal Institucional\" \/>\n<meta property=\"og:description\" content=\"Sorry, this entry is only available in Portugu\u00eas.O Conselho Diretivo da Associa\u00e7\u00e3o Nacional de Munic\u00edpios Portugueses reuniu hoje na Funda\u00e7\u00e3o FEFAL, entidade que tem como miss\u00e3o promover os estudos e a forma\u00e7\u00e3o para as Autarquias Locais. Nesta reuni\u00e3o, entre outros assuntos, debateu a taxa de utiliza\u00e7\u00e3o de dom\u00ednio municipal para energia el\u00e9trica em m\u00e9dia e [&hellip;]\" \/>\n<meta property=\"og:url\" content=\"https:\/\/anmp.pt\/anmp-reitera-que-aumento-da-tgr-e-inaceitavel\/\" \/>\n<meta property=\"og:site_name\" content=\"Portal Institucional\" \/>\n<meta property=\"article:publisher\" content=\"https:\/\/www.facebook.com\/ANMP.PT\" \/>\n<meta property=\"article:published_time\" content=\"2021-05-11T21:28:42+00:00\" \/>\n<meta property=\"article:modified_time\" content=\"2021-05-11T21:34:27+00:00\" \/>\n<meta name=\"author\" content=\"Aristides Carvalho\" \/>\n<meta name=\"twitter:card\" content=\"summary_large_image\" \/>\n<script type=\"application\/ld+json\" class=\"yoast-schema-graph\">{\"@context\":\"https:\/\/schema.org\",\"@graph\":[{\"@type\":\"Article\",\"@id\":\"https:\/\/anmp.pt\/anmp-reitera-que-aumento-da-tgr-e-inaceitavel\/#article\",\"isPartOf\":{\"@id\":\"https:\/\/anmp.pt\/anmp-reitera-que-aumento-da-tgr-e-inaceitavel\/\"},\"author\":{\"name\":\"Aristides Carvalho\",\"@id\":\"https:\/\/anmp.pt\/#\/schema\/person\/3e31ab197fc4b592367ad60b3dff1290\"},\"headline\":\"(Portugu\u00eas) ANMP reitera que aumento da TGR \u00e9 inaceit\u00e1vel\",\"datePublished\":\"2021-05-11T21:28:42+00:00\",\"dateModified\":\"2021-05-11T21:34:27+00:00\",\"mainEntityOfPage\":{\"@id\":\"https:\/\/anmp.pt\/anmp-reitera-que-aumento-da-tgr-e-inaceitavel\/\"},\"wordCount\":482,\"publisher\":{\"@id\":\"https:\/\/anmp.pt\/#organization\"},\"articleSection\":[\"Atualidade-2021\"],\"inLanguage\":\"en-US\"},{\"@type\":\"WebPage\",\"@id\":\"https:\/\/anmp.pt\/anmp-reitera-que-aumento-da-tgr-e-inaceitavel\/\",\"url\":\"https:\/\/anmp.pt\/anmp-reitera-que-aumento-da-tgr-e-inaceitavel\/\",\"name\":\"[:pt]ANMP reitera que aumento da TGR \u00e9 inaceit\u00e1vel[:] - Portal Institucional\",\"isPartOf\":{\"@id\":\"https:\/\/anmp.pt\/#website\"},\"datePublished\":\"2021-05-11T21:28:42+00:00\",\"dateModified\":\"2021-05-11T21:34:27+00:00\",\"breadcrumb\":{\"@id\":\"https:\/\/anmp.pt\/anmp-reitera-que-aumento-da-tgr-e-inaceitavel\/#breadcrumb\"},\"inLanguage\":\"en-US\",\"potentialAction\":[{\"@type\":\"ReadAction\",\"target\":[\"https:\/\/anmp.pt\/anmp-reitera-que-aumento-da-tgr-e-inaceitavel\/\"]}]},{\"@type\":\"BreadcrumbList\",\"@id\":\"https:\/\/anmp.pt\/anmp-reitera-que-aumento-da-tgr-e-inaceitavel\/#breadcrumb\",\"itemListElement\":[{\"@type\":\"ListItem\",\"position\":1,\"name\":\"In\u00edcio\",\"item\":\"https:\/\/anmp.pt\/\"},{\"@type\":\"ListItem\",\"position\":2,\"name\":\"ANMP reitera que aumento da TGR \u00e9 inaceit\u00e1vel\"}]},{\"@type\":\"WebSite\",\"@id\":\"https:\/\/anmp.pt\/#website\",\"url\":\"https:\/\/anmp.pt\/\",\"name\":\"Associa\u00e7\u00e3o Nacional de Munic\u00edpios Portugueses\",\"description\":\"Portal Institucional\",\"publisher\":{\"@id\":\"https:\/\/anmp.pt\/#organization\"},\"potentialAction\":[{\"@type\":\"SearchAction\",\"target\":{\"@type\":\"EntryPoint\",\"urlTemplate\":\"https:\/\/anmp.pt\/?s={search_term_string}\"},\"query-input\":{\"@type\":\"PropertyValueSpecification\",\"valueRequired\":true,\"valueName\":\"search_term_string\"}}],\"inLanguage\":\"en-US\"},{\"@type\":\"Organization\",\"@id\":\"https:\/\/anmp.pt\/#organization\",\"name\":\"Associa\u00e7\u00e3o Nacional de Munic\u00edpios Portugueses\",\"url\":\"https:\/\/anmp.pt\/\",\"logo\":{\"@type\":\"ImageObject\",\"inLanguage\":\"en-US\",\"@id\":\"https:\/\/anmp.pt\/#\/schema\/logo\/image\/\",\"url\":\"https:\/\/anmp.pt\/wp-content\/uploads\/2020\/06\/logo980400.png\",\"contentUrl\":\"https:\/\/anmp.pt\/wp-content\/uploads\/2020\/06\/logo980400.png\",\"width\":980,\"height\":400,\"caption\":\"Associa\u00e7\u00e3o Nacional de Munic\u00edpios Portugueses\"},\"image\":{\"@id\":\"https:\/\/anmp.pt\/#\/schema\/logo\/image\/\"},\"sameAs\":[\"https:\/\/www.facebook.com\/ANMP.PT\"]},{\"@type\":\"Person\",\"@id\":\"https:\/\/anmp.pt\/#\/schema\/person\/3e31ab197fc4b592367ad60b3dff1290\",\"name\":\"Aristides Carvalho\",\"image\":{\"@type\":\"ImageObject\",\"inLanguage\":\"en-US\",\"@id\":\"https:\/\/anmp.pt\/#\/schema\/person\/image\/\",\"url\":\"https:\/\/secure.gravatar.com\/avatar\/b27ae6c145f7c02bcfc86e34bcfc4a53?s=96&d=mm&r=g\",\"contentUrl\":\"https:\/\/secure.gravatar.com\/avatar\/b27ae6c145f7c02bcfc86e34bcfc4a53?s=96&d=mm&r=g\",\"caption\":\"Aristides Carvalho\"}}]}<\/script>\n<!-- \/ Yoast SEO plugin. -->","yoast_head_json":{"title":"[:pt]ANMP reitera que aumento da TGR \u00e9 inaceit\u00e1vel[:] - Portal Institucional","robots":{"index":"index","follow":"follow","max-snippet":"max-snippet:-1","max-image-preview":"max-image-preview:large","max-video-preview":"max-video-preview:-1"},"canonical":"https:\/\/anmp.pt\/anmp-reitera-que-aumento-da-tgr-e-inaceitavel\/","og_locale":"en_US","og_type":"article","og_title":"[:pt]ANMP reitera que aumento da TGR \u00e9 inaceit\u00e1vel[:] - Portal Institucional","og_description":"Sorry, this entry is only available in Portugu\u00eas.O Conselho Diretivo da Associa\u00e7\u00e3o Nacional de Munic\u00edpios Portugueses reuniu hoje na Funda\u00e7\u00e3o FEFAL, entidade que tem como miss\u00e3o promover os estudos e a forma\u00e7\u00e3o para as Autarquias Locais. Nesta reuni\u00e3o, entre outros assuntos, debateu a taxa de utiliza\u00e7\u00e3o de dom\u00ednio municipal para energia el\u00e9trica em m\u00e9dia e [&hellip;]","og_url":"https:\/\/anmp.pt\/anmp-reitera-que-aumento-da-tgr-e-inaceitavel\/","og_site_name":"Portal Institucional","article_publisher":"https:\/\/www.facebook.com\/ANMP.PT","article_published_time":"2021-05-11T21:28:42+00:00","article_modified_time":"2021-05-11T21:34:27+00:00","author":"Aristides Carvalho","twitter_card":"summary_large_image","schema":{"@context":"https:\/\/schema.org","@graph":[{"@type":"Article","@id":"https:\/\/anmp.pt\/anmp-reitera-que-aumento-da-tgr-e-inaceitavel\/#article","isPartOf":{"@id":"https:\/\/anmp.pt\/anmp-reitera-que-aumento-da-tgr-e-inaceitavel\/"},"author":{"name":"Aristides Carvalho","@id":"https:\/\/anmp.pt\/#\/schema\/person\/3e31ab197fc4b592367ad60b3dff1290"},"headline":"(Portugu\u00eas) ANMP reitera que aumento da TGR \u00e9 inaceit\u00e1vel","datePublished":"2021-05-11T21:28:42+00:00","dateModified":"2021-05-11T21:34:27+00:00","mainEntityOfPage":{"@id":"https:\/\/anmp.pt\/anmp-reitera-que-aumento-da-tgr-e-inaceitavel\/"},"wordCount":482,"publisher":{"@id":"https:\/\/anmp.pt\/#organization"},"articleSection":["Atualidade-2021"],"inLanguage":"en-US"},{"@type":"WebPage","@id":"https:\/\/anmp.pt\/anmp-reitera-que-aumento-da-tgr-e-inaceitavel\/","url":"https:\/\/anmp.pt\/anmp-reitera-que-aumento-da-tgr-e-inaceitavel\/","name":"[:pt]ANMP reitera que aumento da TGR \u00e9 inaceit\u00e1vel[:] - Portal Institucional","isPartOf":{"@id":"https:\/\/anmp.pt\/#website"},"datePublished":"2021-05-11T21:28:42+00:00","dateModified":"2021-05-11T21:34:27+00:00","breadcrumb":{"@id":"https:\/\/anmp.pt\/anmp-reitera-que-aumento-da-tgr-e-inaceitavel\/#breadcrumb"},"inLanguage":"en-US","potentialAction":[{"@type":"ReadAction","target":["https:\/\/anmp.pt\/anmp-reitera-que-aumento-da-tgr-e-inaceitavel\/"]}]},{"@type":"BreadcrumbList","@id":"https:\/\/anmp.pt\/anmp-reitera-que-aumento-da-tgr-e-inaceitavel\/#breadcrumb","itemListElement":[{"@type":"ListItem","position":1,"name":"In\u00edcio","item":"https:\/\/anmp.pt\/"},{"@type":"ListItem","position":2,"name":"ANMP reitera que aumento da TGR \u00e9 inaceit\u00e1vel"}]},{"@type":"WebSite","@id":"https:\/\/anmp.pt\/#website","url":"https:\/\/anmp.pt\/","name":"Associa\u00e7\u00e3o Nacional de Munic\u00edpios Portugueses","description":"Portal Institucional","publisher":{"@id":"https:\/\/anmp.pt\/#organization"},"potentialAction":[{"@type":"SearchAction","target":{"@type":"EntryPoint","urlTemplate":"https:\/\/anmp.pt\/?s={search_term_string}"},"query-input":{"@type":"PropertyValueSpecification","valueRequired":true,"valueName":"search_term_string"}}],"inLanguage":"en-US"},{"@type":"Organization","@id":"https:\/\/anmp.pt\/#organization","name":"Associa\u00e7\u00e3o Nacional de Munic\u00edpios Portugueses","url":"https:\/\/anmp.pt\/","logo":{"@type":"ImageObject","inLanguage":"en-US","@id":"https:\/\/anmp.pt\/#\/schema\/logo\/image\/","url":"https:\/\/anmp.pt\/wp-content\/uploads\/2020\/06\/logo980400.png","contentUrl":"https:\/\/anmp.pt\/wp-content\/uploads\/2020\/06\/logo980400.png","width":980,"height":400,"caption":"Associa\u00e7\u00e3o Nacional de Munic\u00edpios Portugueses"},"image":{"@id":"https:\/\/anmp.pt\/#\/schema\/logo\/image\/"},"sameAs":["https:\/\/www.facebook.com\/ANMP.PT"]},{"@type":"Person","@id":"https:\/\/anmp.pt\/#\/schema\/person\/3e31ab197fc4b592367ad60b3dff1290","name":"Aristides Carvalho","image":{"@type":"ImageObject","inLanguage":"en-US","@id":"https:\/\/anmp.pt\/#\/schema\/person\/image\/","url":"https:\/\/secure.gravatar.com\/avatar\/b27ae6c145f7c02bcfc86e34bcfc4a53?s=96&d=mm&r=g","contentUrl":"https:\/\/secure.gravatar.com\/avatar\/b27ae6c145f7c02bcfc86e34bcfc4a53?s=96&d=mm&r=g","caption":"Aristides Carvalho"}}]}},"_links":{"self":[{"href":"https:\/\/anmp.pt\/en\/wp-json\/wp\/v2\/posts\/37291","targetHints":{"allow":["GET"]}}],"collection":[{"href":"https:\/\/anmp.pt\/en\/wp-json\/wp\/v2\/posts"}],"about":[{"href":"https:\/\/anmp.pt\/en\/wp-json\/wp\/v2\/types\/post"}],"author":[{"embeddable":true,"href":"https:\/\/anmp.pt\/en\/wp-json\/wp\/v2\/users\/34"}],"replies":[{"embeddable":true,"href":"https:\/\/anmp.pt\/en\/wp-json\/wp\/v2\/comments?post=37291"}],"version-history":[{"count":0,"href":"https:\/\/anmp.pt\/en\/wp-json\/wp\/v2\/posts\/37291\/revisions"}],"wp:attachment":[{"href":"https:\/\/anmp.pt\/en\/wp-json\/wp\/v2\/media?parent=37291"}],"wp:term":[{"taxonomy":"category","embeddable":true,"href":"https:\/\/anmp.pt\/en\/wp-json\/wp\/v2\/categories?post=37291"},{"taxonomy":"post_tag","embeddable":true,"href":"https:\/\/anmp.pt\/en\/wp-json\/wp\/v2\/tags?post=37291"}],"curies":[{"name":"wp","href":"https:\/\/api.w.org\/{rel}","templated":true}]}}