{"id":37526,"date":"2021-05-25T18:16:07","date_gmt":"2021-05-25T17:16:07","guid":{"rendered":"https:\/\/www.anmp.pt\/?p=37526"},"modified":"2021-05-26T14:56:48","modified_gmt":"2021-05-26T13:56:48","slug":"distribuicao-de-eletricidade-anmp-pede-celeridade-e-universalidade","status":"publish","type":"post","link":"https:\/\/anmp.pt\/en\/distribuicao-de-eletricidade-anmp-pede-celeridade-e-universalidade\/","title":{"rendered":"(Portugu\u00eas) Distribui\u00e7\u00e3o de eletricidade: ANMP pede celeridade e universalidade"},"content":{"rendered":"<p class=\"qtranxs-available-languages-message qtranxs-available-languages-message-en\">Sorry, this entry is only available in <a href=\"https:\/\/anmp.pt\/pt\/wp-json\/wp\/v2\/posts\/37526\" class=\"qtranxs-available-language-link qtranxs-available-language-link-pt\" title=\"Portugu\u00eas\">Portugu\u00eas<\/a>.<\/p><p><\/p>\n<p style=\"text-align: justify;\">A Associa\u00e7\u00e3o Nacional de Munic\u00edpios Portugueses (ANMP) pediu hoje celeridade ao Governo para se avan\u00e7ar com o concurso p\u00fablico de concess\u00e3o de distribui\u00e7\u00e3o de eletricidade em baixa tens\u00e3o para todo o territ\u00f3rio continental. \u201cN\u00e3o h\u00e1 tempo a perder\u201d, afirmou o presidente da ANMP, Manuel Machado, que falava em confer\u00eancia de imprensa, em Coimbra.<\/p>\n<p style=\"text-align: justify;\">O presidente Manuel Machado lembrou que o concurso p\u00fablico deveria ser lan\u00e7ado antes do ver\u00e3o, face \u00e0 morosidade que este tipo de procedimentos acarreta. No final da reuni\u00e3o do Conselho Diretivo da ANMP, recordou que os contratos de concess\u00e3o em S\u00e3o Jo\u00e3o da Madeira e em Lisboa j\u00e1 caducaram em 2016 e 2017, respetivamente, e que, em 2021, 228 munic\u00edpios v\u00e3o ver as suas concess\u00f5es terminadas.<\/p>\n<p style=\"text-align: justify;\">Nas reuni\u00f5es com o Governo, a ANMP defendeu a realiza\u00e7\u00e3o de \u201cum procedimento concursal para todo o territ\u00f3rio continental portugu\u00eas\u201d, mas o processo \u201cn\u00e3o teve ainda o andamento que tem que ter\u201d, disse.<\/p>\n<p style=\"text-align: justify;\">O presidente da ANMP sublinhou que este assunto \u201c\u00e9 problem\u00e1tico, na medida em que j\u00e1 com os contratos caducados h\u00e1 procedimentos legais e de transpar\u00eancia que t\u00eam que ser desenvolvidos\u201d, chamando ainda a aten\u00e7\u00e3o que o concurso deveria ser feito a tempo de se poder mobilizar financiamento dispon\u00edvel, quer no Portugal 2030, quer no Plano de Recupera\u00e7\u00e3o e Resili\u00eancia.<\/p>\n<p style=\"text-align: justify;\">De acordo com Manuel Machado, a ANMP decidiu solicitar mais uma reuni\u00e3o ao Minist\u00e9rio do Ambiente e A\u00e7\u00e3o Clim\u00e1tica para manifestar as suas preocupa\u00e7\u00f5es, nomeadamente com prazos do concurso e formalidades relacionadas com o processo.<\/p>\n<p style=\"text-align: justify;\">Para o presidente da Associa\u00e7\u00e3o, \u201c\u00e9 essencial que o tarif\u00e1rio seja mantido homog\u00e9neo no todo nacional\u201d e \u201cfundamental que os munic\u00edpios com menor capacidade ou menor densidade sejam igualmente tratados\u201d.<\/p>\n<p style=\"text-align: justify;\">Para al\u00e9m disso, no entender de Manuel Machado, o futuro concession\u00e1rio \u201ctem de manter os bens da concess\u00e3o devidamente modernizados\u201d, nomeadamente acrescentando inova\u00e7\u00e3o tecnol\u00f3gica aplicada.<\/p>\n<p style=\"text-align: justify;\">Com um novo contrato de concess\u00e3o para todo o territ\u00f3rio continental e com a salvaguarda da necessidade de moderniza\u00e7\u00e3o das infraestruturas, Manuel Machado acredita que ser\u00e1 \u201cposs\u00edvel e desej\u00e1vel baixar o pre\u00e7o da fatura\u201d.<\/p>\n<p>&nbsp;<\/p>\n<p>Com Lusa.<\/p>","protected":false},"excerpt":{"rendered":"<p>Sorry, this entry is only available in Portugu\u00eas. A Associa\u00e7\u00e3o Nacional de Munic\u00edpios Portugueses (ANMP) pediu hoje celeridade ao Governo para se avan\u00e7ar com o concurso p\u00fablico de concess\u00e3o de distribui\u00e7\u00e3o de eletricidade em baixa tens\u00e3o para todo o territ\u00f3rio continental. \u201cN\u00e3o h\u00e1 tempo a perder\u201d, afirmou o presidente da ANMP, Manuel Machado, que falava [&hellip;]<\/p>\n","protected":false},"author":34,"featured_media":0,"comment_status":"closed","ping_status":"closed","sticky":false,"template":"","format":"standard","meta":{"_acf_changed":false,"_exactmetrics_skip_tracking":false,"_exactmetrics_sitenote_active":false,"_exactmetrics_sitenote_note":"","_exactmetrics_sitenote_category":0,"footnotes":""},"categories":[1555],"tags":[],"class_list":["post-37526","post","type-post","status-publish","format-standard","hentry","category-atualidade-2021"],"acf":[],"yoast_head":"<!-- This site is optimized with the Yoast SEO plugin v23.9 - https:\/\/yoast.com\/wordpress\/plugins\/seo\/ -->\n<title><\/title>\n<meta name=\"robots\" content=\"index, follow, max-snippet:-1, max-image-preview:large, max-video-preview:-1\" \/>\n<link rel=\"canonical\" href=\"https:\/\/anmp.pt\/distribuicao-de-eletricidade-anmp-pede-celeridade-e-universalidade\/\" \/>\n<meta property=\"og:locale\" content=\"en_US\" \/>\n<meta property=\"og:type\" content=\"article\" \/>\n<meta property=\"og:title\" content=\"[:pt]Distribui\u00e7\u00e3o de eletricidade: ANMP pede celeridade e universalidade[:] - Portal Institucional\" \/>\n<meta property=\"og:description\" content=\"Sorry, this entry is only available in Portugu\u00eas. A Associa\u00e7\u00e3o Nacional de Munic\u00edpios Portugueses (ANMP) pediu hoje celeridade ao Governo para se avan\u00e7ar com o concurso p\u00fablico de concess\u00e3o de distribui\u00e7\u00e3o de eletricidade em baixa tens\u00e3o para todo o territ\u00f3rio continental. \u201cN\u00e3o h\u00e1 tempo a perder\u201d, afirmou o presidente da ANMP, Manuel Machado, que falava [&hellip;]\" \/>\n<meta property=\"og:url\" content=\"https:\/\/anmp.pt\/distribuicao-de-eletricidade-anmp-pede-celeridade-e-universalidade\/\" \/>\n<meta property=\"og:site_name\" content=\"Portal Institucional\" \/>\n<meta property=\"article:publisher\" content=\"https:\/\/www.facebook.com\/ANMP.PT\" \/>\n<meta property=\"article:published_time\" content=\"2021-05-25T17:16:07+00:00\" \/>\n<meta property=\"article:modified_time\" content=\"2021-05-26T13:56:48+00:00\" \/>\n<meta name=\"author\" content=\"Aristides Carvalho\" \/>\n<meta name=\"twitter:card\" content=\"summary_large_image\" \/>\n<script type=\"application\/ld+json\" class=\"yoast-schema-graph\">{\"@context\":\"https:\/\/schema.org\",\"@graph\":[{\"@type\":\"Article\",\"@id\":\"https:\/\/anmp.pt\/distribuicao-de-eletricidade-anmp-pede-celeridade-e-universalidade\/#article\",\"isPartOf\":{\"@id\":\"https:\/\/anmp.pt\/distribuicao-de-eletricidade-anmp-pede-celeridade-e-universalidade\/\"},\"author\":{\"name\":\"Aristides Carvalho\",\"@id\":\"https:\/\/anmp.pt\/#\/schema\/person\/3e31ab197fc4b592367ad60b3dff1290\"},\"headline\":\"(Portugu\u00eas) Distribui\u00e7\u00e3o de eletricidade: ANMP pede celeridade e universalidade\",\"datePublished\":\"2021-05-25T17:16:07+00:00\",\"dateModified\":\"2021-05-26T13:56:48+00:00\",\"mainEntityOfPage\":{\"@id\":\"https:\/\/anmp.pt\/distribuicao-de-eletricidade-anmp-pede-celeridade-e-universalidade\/\"},\"wordCount\":393,\"publisher\":{\"@id\":\"https:\/\/anmp.pt\/#organization\"},\"articleSection\":[\"Atualidade-2021\"],\"inLanguage\":\"en-US\"},{\"@type\":\"WebPage\",\"@id\":\"https:\/\/anmp.pt\/distribuicao-de-eletricidade-anmp-pede-celeridade-e-universalidade\/\",\"url\":\"https:\/\/anmp.pt\/distribuicao-de-eletricidade-anmp-pede-celeridade-e-universalidade\/\",\"name\":\"[:pt]Distribui\u00e7\u00e3o de eletricidade: ANMP pede celeridade e universalidade[:] - Portal Institucional\",\"isPartOf\":{\"@id\":\"https:\/\/anmp.pt\/#website\"},\"datePublished\":\"2021-05-25T17:16:07+00:00\",\"dateModified\":\"2021-05-26T13:56:48+00:00\",\"breadcrumb\":{\"@id\":\"https:\/\/anmp.pt\/distribuicao-de-eletricidade-anmp-pede-celeridade-e-universalidade\/#breadcrumb\"},\"inLanguage\":\"en-US\",\"potentialAction\":[{\"@type\":\"ReadAction\",\"target\":[\"https:\/\/anmp.pt\/distribuicao-de-eletricidade-anmp-pede-celeridade-e-universalidade\/\"]}]},{\"@type\":\"BreadcrumbList\",\"@id\":\"https:\/\/anmp.pt\/distribuicao-de-eletricidade-anmp-pede-celeridade-e-universalidade\/#breadcrumb\",\"itemListElement\":[{\"@type\":\"ListItem\",\"position\":1,\"name\":\"In\u00edcio\",\"item\":\"https:\/\/anmp.pt\/\"},{\"@type\":\"ListItem\",\"position\":2,\"name\":\"Distribui\u00e7\u00e3o de eletricidade: ANMP pede celeridade e universalidade\"}]},{\"@type\":\"WebSite\",\"@id\":\"https:\/\/anmp.pt\/#website\",\"url\":\"https:\/\/anmp.pt\/\",\"name\":\"Associa\u00e7\u00e3o Nacional de Munic\u00edpios Portugueses\",\"description\":\"Portal Institucional\",\"publisher\":{\"@id\":\"https:\/\/anmp.pt\/#organization\"},\"potentialAction\":[{\"@type\":\"SearchAction\",\"target\":{\"@type\":\"EntryPoint\",\"urlTemplate\":\"https:\/\/anmp.pt\/?s={search_term_string}\"},\"query-input\":{\"@type\":\"PropertyValueSpecification\",\"valueRequired\":true,\"valueName\":\"search_term_string\"}}],\"inLanguage\":\"en-US\"},{\"@type\":\"Organization\",\"@id\":\"https:\/\/anmp.pt\/#organization\",\"name\":\"Associa\u00e7\u00e3o Nacional de Munic\u00edpios Portugueses\",\"url\":\"https:\/\/anmp.pt\/\",\"logo\":{\"@type\":\"ImageObject\",\"inLanguage\":\"en-US\",\"@id\":\"https:\/\/anmp.pt\/#\/schema\/logo\/image\/\",\"url\":\"https:\/\/anmp.pt\/wp-content\/uploads\/2020\/06\/logo980400.png\",\"contentUrl\":\"https:\/\/anmp.pt\/wp-content\/uploads\/2020\/06\/logo980400.png\",\"width\":980,\"height\":400,\"caption\":\"Associa\u00e7\u00e3o Nacional de Munic\u00edpios Portugueses\"},\"image\":{\"@id\":\"https:\/\/anmp.pt\/#\/schema\/logo\/image\/\"},\"sameAs\":[\"https:\/\/www.facebook.com\/ANMP.PT\"]},{\"@type\":\"Person\",\"@id\":\"https:\/\/anmp.pt\/#\/schema\/person\/3e31ab197fc4b592367ad60b3dff1290\",\"name\":\"Aristides Carvalho\",\"image\":{\"@type\":\"ImageObject\",\"inLanguage\":\"en-US\",\"@id\":\"https:\/\/anmp.pt\/#\/schema\/person\/image\/\",\"url\":\"https:\/\/secure.gravatar.com\/avatar\/b27ae6c145f7c02bcfc86e34bcfc4a53?s=96&d=mm&r=g\",\"contentUrl\":\"https:\/\/secure.gravatar.com\/avatar\/b27ae6c145f7c02bcfc86e34bcfc4a53?s=96&d=mm&r=g\",\"caption\":\"Aristides Carvalho\"}}]}<\/script>\n<!-- \/ Yoast SEO plugin. -->","yoast_head_json":{"title":"[:pt]Distribui\u00e7\u00e3o de eletricidade: ANMP pede celeridade e universalidade[:] - Portal Institucional","robots":{"index":"index","follow":"follow","max-snippet":"max-snippet:-1","max-image-preview":"max-image-preview:large","max-video-preview":"max-video-preview:-1"},"canonical":"https:\/\/anmp.pt\/distribuicao-de-eletricidade-anmp-pede-celeridade-e-universalidade\/","og_locale":"en_US","og_type":"article","og_title":"[:pt]Distribui\u00e7\u00e3o de eletricidade: ANMP pede celeridade e universalidade[:] - Portal Institucional","og_description":"Sorry, this entry is only available in Portugu\u00eas. A Associa\u00e7\u00e3o Nacional de Munic\u00edpios Portugueses (ANMP) pediu hoje celeridade ao Governo para se avan\u00e7ar com o concurso p\u00fablico de concess\u00e3o de distribui\u00e7\u00e3o de eletricidade em baixa tens\u00e3o para todo o territ\u00f3rio continental. \u201cN\u00e3o h\u00e1 tempo a perder\u201d, afirmou o presidente da ANMP, Manuel Machado, que falava [&hellip;]","og_url":"https:\/\/anmp.pt\/distribuicao-de-eletricidade-anmp-pede-celeridade-e-universalidade\/","og_site_name":"Portal Institucional","article_publisher":"https:\/\/www.facebook.com\/ANMP.PT","article_published_time":"2021-05-25T17:16:07+00:00","article_modified_time":"2021-05-26T13:56:48+00:00","author":"Aristides Carvalho","twitter_card":"summary_large_image","schema":{"@context":"https:\/\/schema.org","@graph":[{"@type":"Article","@id":"https:\/\/anmp.pt\/distribuicao-de-eletricidade-anmp-pede-celeridade-e-universalidade\/#article","isPartOf":{"@id":"https:\/\/anmp.pt\/distribuicao-de-eletricidade-anmp-pede-celeridade-e-universalidade\/"},"author":{"name":"Aristides Carvalho","@id":"https:\/\/anmp.pt\/#\/schema\/person\/3e31ab197fc4b592367ad60b3dff1290"},"headline":"(Portugu\u00eas) Distribui\u00e7\u00e3o de eletricidade: ANMP pede celeridade e universalidade","datePublished":"2021-05-25T17:16:07+00:00","dateModified":"2021-05-26T13:56:48+00:00","mainEntityOfPage":{"@id":"https:\/\/anmp.pt\/distribuicao-de-eletricidade-anmp-pede-celeridade-e-universalidade\/"},"wordCount":393,"publisher":{"@id":"https:\/\/anmp.pt\/#organization"},"articleSection":["Atualidade-2021"],"inLanguage":"en-US"},{"@type":"WebPage","@id":"https:\/\/anmp.pt\/distribuicao-de-eletricidade-anmp-pede-celeridade-e-universalidade\/","url":"https:\/\/anmp.pt\/distribuicao-de-eletricidade-anmp-pede-celeridade-e-universalidade\/","name":"[:pt]Distribui\u00e7\u00e3o de eletricidade: ANMP pede celeridade e universalidade[:] - Portal Institucional","isPartOf":{"@id":"https:\/\/anmp.pt\/#website"},"datePublished":"2021-05-25T17:16:07+00:00","dateModified":"2021-05-26T13:56:48+00:00","breadcrumb":{"@id":"https:\/\/anmp.pt\/distribuicao-de-eletricidade-anmp-pede-celeridade-e-universalidade\/#breadcrumb"},"inLanguage":"en-US","potentialAction":[{"@type":"ReadAction","target":["https:\/\/anmp.pt\/distribuicao-de-eletricidade-anmp-pede-celeridade-e-universalidade\/"]}]},{"@type":"BreadcrumbList","@id":"https:\/\/anmp.pt\/distribuicao-de-eletricidade-anmp-pede-celeridade-e-universalidade\/#breadcrumb","itemListElement":[{"@type":"ListItem","position":1,"name":"In\u00edcio","item":"https:\/\/anmp.pt\/"},{"@type":"ListItem","position":2,"name":"Distribui\u00e7\u00e3o de eletricidade: ANMP pede celeridade e universalidade"}]},{"@type":"WebSite","@id":"https:\/\/anmp.pt\/#website","url":"https:\/\/anmp.pt\/","name":"Associa\u00e7\u00e3o Nacional de Munic\u00edpios Portugueses","description":"Portal Institucional","publisher":{"@id":"https:\/\/anmp.pt\/#organization"},"potentialAction":[{"@type":"SearchAction","target":{"@type":"EntryPoint","urlTemplate":"https:\/\/anmp.pt\/?s={search_term_string}"},"query-input":{"@type":"PropertyValueSpecification","valueRequired":true,"valueName":"search_term_string"}}],"inLanguage":"en-US"},{"@type":"Organization","@id":"https:\/\/anmp.pt\/#organization","name":"Associa\u00e7\u00e3o Nacional de Munic\u00edpios Portugueses","url":"https:\/\/anmp.pt\/","logo":{"@type":"ImageObject","inLanguage":"en-US","@id":"https:\/\/anmp.pt\/#\/schema\/logo\/image\/","url":"https:\/\/anmp.pt\/wp-content\/uploads\/2020\/06\/logo980400.png","contentUrl":"https:\/\/anmp.pt\/wp-content\/uploads\/2020\/06\/logo980400.png","width":980,"height":400,"caption":"Associa\u00e7\u00e3o Nacional de Munic\u00edpios Portugueses"},"image":{"@id":"https:\/\/anmp.pt\/#\/schema\/logo\/image\/"},"sameAs":["https:\/\/www.facebook.com\/ANMP.PT"]},{"@type":"Person","@id":"https:\/\/anmp.pt\/#\/schema\/person\/3e31ab197fc4b592367ad60b3dff1290","name":"Aristides Carvalho","image":{"@type":"ImageObject","inLanguage":"en-US","@id":"https:\/\/anmp.pt\/#\/schema\/person\/image\/","url":"https:\/\/secure.gravatar.com\/avatar\/b27ae6c145f7c02bcfc86e34bcfc4a53?s=96&d=mm&r=g","contentUrl":"https:\/\/secure.gravatar.com\/avatar\/b27ae6c145f7c02bcfc86e34bcfc4a53?s=96&d=mm&r=g","caption":"Aristides Carvalho"}}]}},"_links":{"self":[{"href":"https:\/\/anmp.pt\/en\/wp-json\/wp\/v2\/posts\/37526","targetHints":{"allow":["GET"]}}],"collection":[{"href":"https:\/\/anmp.pt\/en\/wp-json\/wp\/v2\/posts"}],"about":[{"href":"https:\/\/anmp.pt\/en\/wp-json\/wp\/v2\/types\/post"}],"author":[{"embeddable":true,"href":"https:\/\/anmp.pt\/en\/wp-json\/wp\/v2\/users\/34"}],"replies":[{"embeddable":true,"href":"https:\/\/anmp.pt\/en\/wp-json\/wp\/v2\/comments?post=37526"}],"version-history":[{"count":0,"href":"https:\/\/anmp.pt\/en\/wp-json\/wp\/v2\/posts\/37526\/revisions"}],"wp:attachment":[{"href":"https:\/\/anmp.pt\/en\/wp-json\/wp\/v2\/media?parent=37526"}],"wp:term":[{"taxonomy":"category","embeddable":true,"href":"https:\/\/anmp.pt\/en\/wp-json\/wp\/v2\/categories?post=37526"},{"taxonomy":"post_tag","embeddable":true,"href":"https:\/\/anmp.pt\/en\/wp-json\/wp\/v2\/tags?post=37526"}],"curies":[{"name":"wp","href":"https:\/\/api.w.org\/{rel}","templated":true}]}}