{"id":43136,"date":"2022-02-17T22:56:18","date_gmt":"2022-02-17T22:56:18","guid":{"rendered":"https:\/\/www.anmp.pt\/?p=43136"},"modified":"2022-02-18T17:06:35","modified_gmt":"2022-02-18T17:06:35","slug":"anmp-recebida-em-audienciapela-comissaria-europeia-elisa-ferreira","status":"publish","type":"post","link":"https:\/\/anmp.pt\/en\/anmp-recebida-em-audienciapela-comissaria-europeia-elisa-ferreira\/","title":{"rendered":"(Portugu\u00eas) ANMP recebida em audi\u00eancia<br \/>pela Comiss\u00e1ria Europeia Elisa Ferreira"},"content":{"rendered":"<p class=\"qtranxs-available-languages-message qtranxs-available-languages-message-en\">Sorry, this entry is only available in <a href=\"https:\/\/anmp.pt\/pt\/wp-json\/wp\/v2\/posts\/43136\" class=\"qtranxs-available-language-link qtranxs-available-language-link-pt\" title=\"Portugu\u00eas\">Portugu\u00eas<\/a>.<\/p><p><\/p>\n<p style=\"text-align: justify;\">A Associa\u00e7\u00e3o Nacional de Munic\u00edpios Portugueses (ANMP) foi hoje recebida em audi\u00eancia pela Comiss\u00e1ria Europeia da Coes\u00e3o e Reformas Elisa Ferreira. A delega\u00e7\u00e3o da ANMP, presidida por Lu\u00edsa Salgueiro, integrou os membros do Conselho Diretivo Rui Santos, \u00c1lvaro Ara\u00fajo, Fernando Queiroga e o Secret\u00e1rio Geral Rui Solheiro.<\/p>\n<p style=\"text-align: justify;\">A presidente da ANMP Lu\u00edsa Salgueiro apresentou \u00e0 Comiss\u00e1ria Elisa Ferreira as principais preocupa\u00e7\u00f5es da Associa\u00e7\u00e3o relativamente \u00e0 reta final do quadro comunit\u00e1rio Portugal 2020, nomeadamente as quest\u00f5es do overbooking, bem como os desafios colocados aos munic\u00edpios pelo Plano de Recupera\u00e7\u00e3o e Resili\u00eancia (PRR) e pelo novo quadro comunit\u00e1rio Portugal 2030.<\/p>\n<p style=\"text-align: justify;\">A Comiss\u00e1ria Europeia Elisa Ferreira sublinhou a import\u00e2ncia desta reuni\u00e3o com a Associa\u00e7\u00e3o e alertou para a necessidade de um pensamento estrat\u00e9gico que pense o territ\u00f3rio de forma equilibrada e que alinhe o nosso pa\u00eds com os novos eixos de reforma da Uni\u00e3o Europeia que assentam em investimento em pol\u00edticas verdes, digitais e de coes\u00e3o.<\/p>\n<p>&nbsp;<\/p>","protected":false},"excerpt":{"rendered":"<p>Sorry, this entry is only available in Portugu\u00eas. A Associa\u00e7\u00e3o Nacional de Munic\u00edpios Portugueses (ANMP) foi hoje recebida em audi\u00eancia pela Comiss\u00e1ria Europeia da Coes\u00e3o e Reformas Elisa Ferreira. A delega\u00e7\u00e3o da ANMP, presidida por Lu\u00edsa Salgueiro, integrou os membros do Conselho Diretivo Rui Santos, \u00c1lvaro Ara\u00fajo, Fernando Queiroga e o Secret\u00e1rio Geral Rui Solheiro. [&hellip;]<\/p>\n","protected":false},"author":34,"featured_media":0,"comment_status":"closed","ping_status":"closed","sticky":false,"template":"","format":"standard","meta":{"_acf_changed":false,"_exactmetrics_skip_tracking":false,"_exactmetrics_sitenote_active":false,"_exactmetrics_sitenote_note":"","_exactmetrics_sitenote_category":0,"footnotes":""},"categories":[1602],"tags":[],"class_list":["post-43136","post","type-post","status-publish","format-standard","hentry","category-atualidade-2022"],"acf":[],"yoast_head":"<!-- This site is optimized with the Yoast SEO plugin v23.9 - https:\/\/yoast.com\/wordpress\/plugins\/seo\/ -->\n<title><\/title>\n<meta name=\"robots\" content=\"index, follow, max-snippet:-1, max-image-preview:large, max-video-preview:-1\" \/>\n<link rel=\"canonical\" href=\"https:\/\/anmp.pt\/fr\/anmp-recebida-em-audienciapela-comissaria-europeia-elisa-ferreira\/\" \/>\n<meta property=\"og:locale\" content=\"en_US\" \/>\n<meta property=\"og:type\" content=\"article\" \/>\n<meta property=\"og:title\" content=\"[:pt]ANMP recebida em audi\u00eanciapela Comiss\u00e1ria Europeia Elisa Ferreira[:] - Portal Institucional\" \/>\n<meta property=\"og:description\" content=\"Sorry, this entry is only available in Portugu\u00eas. A Associa\u00e7\u00e3o Nacional de Munic\u00edpios Portugueses (ANMP) foi hoje recebida em audi\u00eancia pela Comiss\u00e1ria Europeia da Coes\u00e3o e Reformas Elisa Ferreira. A delega\u00e7\u00e3o da ANMP, presidida por Lu\u00edsa Salgueiro, integrou os membros do Conselho Diretivo Rui Santos, \u00c1lvaro Ara\u00fajo, Fernando Queiroga e o Secret\u00e1rio Geral Rui Solheiro. [&hellip;]\" \/>\n<meta property=\"og:url\" content=\"https:\/\/anmp.pt\/fr\/anmp-recebida-em-audienciapela-comissaria-europeia-elisa-ferreira\/\" \/>\n<meta property=\"og:site_name\" content=\"Portal Institucional\" \/>\n<meta property=\"article:publisher\" content=\"https:\/\/www.facebook.com\/ANMP.PT\" \/>\n<meta property=\"article:published_time\" content=\"2022-02-17T22:56:18+00:00\" \/>\n<meta property=\"article:modified_time\" content=\"2022-02-18T17:06:35+00:00\" \/>\n<meta name=\"author\" content=\"Aristides Carvalho\" \/>\n<meta name=\"twitter:card\" content=\"summary_large_image\" \/>\n<script type=\"application\/ld+json\" class=\"yoast-schema-graph\">{\"@context\":\"https:\/\/schema.org\",\"@graph\":[{\"@type\":\"Article\",\"@id\":\"https:\/\/anmp.pt\/fr\/anmp-recebida-em-audienciapela-comissaria-europeia-elisa-ferreira\/#article\",\"isPartOf\":{\"@id\":\"https:\/\/anmp.pt\/fr\/anmp-recebida-em-audienciapela-comissaria-europeia-elisa-ferreira\/\"},\"author\":{\"name\":\"Aristides Carvalho\",\"@id\":\"https:\/\/anmp.pt\/#\/schema\/person\/3e31ab197fc4b592367ad60b3dff1290\"},\"headline\":\"(Portugu\u00eas) ANMP recebida em audi\u00eancia pela Comiss\u00e1ria Europeia Elisa Ferreira\",\"datePublished\":\"2022-02-17T22:56:18+00:00\",\"dateModified\":\"2022-02-18T17:06:35+00:00\",\"mainEntityOfPage\":{\"@id\":\"https:\/\/anmp.pt\/fr\/anmp-recebida-em-audienciapela-comissaria-europeia-elisa-ferreira\/\"},\"wordCount\":191,\"publisher\":{\"@id\":\"https:\/\/anmp.pt\/#organization\"},\"articleSection\":[\"Atualidade-2022\"],\"inLanguage\":\"en-US\"},{\"@type\":\"WebPage\",\"@id\":\"https:\/\/anmp.pt\/fr\/anmp-recebida-em-audienciapela-comissaria-europeia-elisa-ferreira\/\",\"url\":\"https:\/\/anmp.pt\/fr\/anmp-recebida-em-audienciapela-comissaria-europeia-elisa-ferreira\/\",\"name\":\"[:pt]ANMP recebida em audi\u00eancia pela Comiss\u00e1ria Europeia Elisa Ferreira[:] - Portal Institucional\",\"isPartOf\":{\"@id\":\"https:\/\/anmp.pt\/#website\"},\"datePublished\":\"2022-02-17T22:56:18+00:00\",\"dateModified\":\"2022-02-18T17:06:35+00:00\",\"breadcrumb\":{\"@id\":\"https:\/\/anmp.pt\/fr\/anmp-recebida-em-audienciapela-comissaria-europeia-elisa-ferreira\/#breadcrumb\"},\"inLanguage\":\"en-US\",\"potentialAction\":[{\"@type\":\"ReadAction\",\"target\":[\"https:\/\/anmp.pt\/fr\/anmp-recebida-em-audienciapela-comissaria-europeia-elisa-ferreira\/\"]}]},{\"@type\":\"BreadcrumbList\",\"@id\":\"https:\/\/anmp.pt\/fr\/anmp-recebida-em-audienciapela-comissaria-europeia-elisa-ferreira\/#breadcrumb\",\"itemListElement\":[{\"@type\":\"ListItem\",\"position\":1,\"name\":\"In\u00edcio\",\"item\":\"https:\/\/anmp.pt\/\"},{\"@type\":\"ListItem\",\"position\":2,\"name\":\"(Portugu\u00eas) ANMP recebida em audi\u00eanciapela Comiss\u00e1ria Europeia Elisa Ferreira\"}]},{\"@type\":\"WebSite\",\"@id\":\"https:\/\/anmp.pt\/#website\",\"url\":\"https:\/\/anmp.pt\/\",\"name\":\"Associa\u00e7\u00e3o Nacional de Munic\u00edpios Portugueses\",\"description\":\"Portal Institucional\",\"publisher\":{\"@id\":\"https:\/\/anmp.pt\/#organization\"},\"potentialAction\":[{\"@type\":\"SearchAction\",\"target\":{\"@type\":\"EntryPoint\",\"urlTemplate\":\"https:\/\/anmp.pt\/?s={search_term_string}\"},\"query-input\":{\"@type\":\"PropertyValueSpecification\",\"valueRequired\":true,\"valueName\":\"search_term_string\"}}],\"inLanguage\":\"en-US\"},{\"@type\":\"Organization\",\"@id\":\"https:\/\/anmp.pt\/#organization\",\"name\":\"Associa\u00e7\u00e3o Nacional de Munic\u00edpios Portugueses\",\"url\":\"https:\/\/anmp.pt\/\",\"logo\":{\"@type\":\"ImageObject\",\"inLanguage\":\"en-US\",\"@id\":\"https:\/\/anmp.pt\/#\/schema\/logo\/image\/\",\"url\":\"https:\/\/anmp.pt\/wp-content\/uploads\/2020\/06\/logo980400.png\",\"contentUrl\":\"https:\/\/anmp.pt\/wp-content\/uploads\/2020\/06\/logo980400.png\",\"width\":980,\"height\":400,\"caption\":\"Associa\u00e7\u00e3o Nacional de Munic\u00edpios Portugueses\"},\"image\":{\"@id\":\"https:\/\/anmp.pt\/#\/schema\/logo\/image\/\"},\"sameAs\":[\"https:\/\/www.facebook.com\/ANMP.PT\"]},{\"@type\":\"Person\",\"@id\":\"https:\/\/anmp.pt\/#\/schema\/person\/3e31ab197fc4b592367ad60b3dff1290\",\"name\":\"Aristides Carvalho\",\"image\":{\"@type\":\"ImageObject\",\"inLanguage\":\"en-US\",\"@id\":\"https:\/\/anmp.pt\/#\/schema\/person\/image\/\",\"url\":\"https:\/\/secure.gravatar.com\/avatar\/b27ae6c145f7c02bcfc86e34bcfc4a53?s=96&d=mm&r=g\",\"contentUrl\":\"https:\/\/secure.gravatar.com\/avatar\/b27ae6c145f7c02bcfc86e34bcfc4a53?s=96&d=mm&r=g\",\"caption\":\"Aristides Carvalho\"}}]}<\/script>\n<!-- \/ Yoast SEO plugin. -->","yoast_head_json":{"title":"[:pt]ANMP recebida em audi\u00eanciapela Comiss\u00e1ria Europeia Elisa Ferreira[:] - Portal Institucional","robots":{"index":"index","follow":"follow","max-snippet":"max-snippet:-1","max-image-preview":"max-image-preview:large","max-video-preview":"max-video-preview:-1"},"canonical":"https:\/\/anmp.pt\/fr\/anmp-recebida-em-audienciapela-comissaria-europeia-elisa-ferreira\/","og_locale":"en_US","og_type":"article","og_title":"[:pt]ANMP recebida em audi\u00eanciapela Comiss\u00e1ria Europeia Elisa Ferreira[:] - Portal Institucional","og_description":"Sorry, this entry is only available in Portugu\u00eas. A Associa\u00e7\u00e3o Nacional de Munic\u00edpios Portugueses (ANMP) foi hoje recebida em audi\u00eancia pela Comiss\u00e1ria Europeia da Coes\u00e3o e Reformas Elisa Ferreira. A delega\u00e7\u00e3o da ANMP, presidida por Lu\u00edsa Salgueiro, integrou os membros do Conselho Diretivo Rui Santos, \u00c1lvaro Ara\u00fajo, Fernando Queiroga e o Secret\u00e1rio Geral Rui Solheiro. [&hellip;]","og_url":"https:\/\/anmp.pt\/fr\/anmp-recebida-em-audienciapela-comissaria-europeia-elisa-ferreira\/","og_site_name":"Portal Institucional","article_publisher":"https:\/\/www.facebook.com\/ANMP.PT","article_published_time":"2022-02-17T22:56:18+00:00","article_modified_time":"2022-02-18T17:06:35+00:00","author":"Aristides Carvalho","twitter_card":"summary_large_image","schema":{"@context":"https:\/\/schema.org","@graph":[{"@type":"Article","@id":"https:\/\/anmp.pt\/fr\/anmp-recebida-em-audienciapela-comissaria-europeia-elisa-ferreira\/#article","isPartOf":{"@id":"https:\/\/anmp.pt\/fr\/anmp-recebida-em-audienciapela-comissaria-europeia-elisa-ferreira\/"},"author":{"name":"Aristides Carvalho","@id":"https:\/\/anmp.pt\/#\/schema\/person\/3e31ab197fc4b592367ad60b3dff1290"},"headline":"(Portugu\u00eas) ANMP recebida em audi\u00eancia pela Comiss\u00e1ria Europeia Elisa Ferreira","datePublished":"2022-02-17T22:56:18+00:00","dateModified":"2022-02-18T17:06:35+00:00","mainEntityOfPage":{"@id":"https:\/\/anmp.pt\/fr\/anmp-recebida-em-audienciapela-comissaria-europeia-elisa-ferreira\/"},"wordCount":191,"publisher":{"@id":"https:\/\/anmp.pt\/#organization"},"articleSection":["Atualidade-2022"],"inLanguage":"en-US"},{"@type":"WebPage","@id":"https:\/\/anmp.pt\/fr\/anmp-recebida-em-audienciapela-comissaria-europeia-elisa-ferreira\/","url":"https:\/\/anmp.pt\/fr\/anmp-recebida-em-audienciapela-comissaria-europeia-elisa-ferreira\/","name":"[:pt]ANMP recebida em audi\u00eancia pela Comiss\u00e1ria Europeia Elisa Ferreira[:] - Portal Institucional","isPartOf":{"@id":"https:\/\/anmp.pt\/#website"},"datePublished":"2022-02-17T22:56:18+00:00","dateModified":"2022-02-18T17:06:35+00:00","breadcrumb":{"@id":"https:\/\/anmp.pt\/fr\/anmp-recebida-em-audienciapela-comissaria-europeia-elisa-ferreira\/#breadcrumb"},"inLanguage":"en-US","potentialAction":[{"@type":"ReadAction","target":["https:\/\/anmp.pt\/fr\/anmp-recebida-em-audienciapela-comissaria-europeia-elisa-ferreira\/"]}]},{"@type":"BreadcrumbList","@id":"https:\/\/anmp.pt\/fr\/anmp-recebida-em-audienciapela-comissaria-europeia-elisa-ferreira\/#breadcrumb","itemListElement":[{"@type":"ListItem","position":1,"name":"In\u00edcio","item":"https:\/\/anmp.pt\/"},{"@type":"ListItem","position":2,"name":"(Portugu\u00eas) ANMP recebida em audi\u00eanciapela Comiss\u00e1ria Europeia Elisa Ferreira"}]},{"@type":"WebSite","@id":"https:\/\/anmp.pt\/#website","url":"https:\/\/anmp.pt\/","name":"Associa\u00e7\u00e3o Nacional de Munic\u00edpios Portugueses","description":"Portal Institucional","publisher":{"@id":"https:\/\/anmp.pt\/#organization"},"potentialAction":[{"@type":"SearchAction","target":{"@type":"EntryPoint","urlTemplate":"https:\/\/anmp.pt\/?s={search_term_string}"},"query-input":{"@type":"PropertyValueSpecification","valueRequired":true,"valueName":"search_term_string"}}],"inLanguage":"en-US"},{"@type":"Organization","@id":"https:\/\/anmp.pt\/#organization","name":"Associa\u00e7\u00e3o Nacional de Munic\u00edpios Portugueses","url":"https:\/\/anmp.pt\/","logo":{"@type":"ImageObject","inLanguage":"en-US","@id":"https:\/\/anmp.pt\/#\/schema\/logo\/image\/","url":"https:\/\/anmp.pt\/wp-content\/uploads\/2020\/06\/logo980400.png","contentUrl":"https:\/\/anmp.pt\/wp-content\/uploads\/2020\/06\/logo980400.png","width":980,"height":400,"caption":"Associa\u00e7\u00e3o Nacional de Munic\u00edpios Portugueses"},"image":{"@id":"https:\/\/anmp.pt\/#\/schema\/logo\/image\/"},"sameAs":["https:\/\/www.facebook.com\/ANMP.PT"]},{"@type":"Person","@id":"https:\/\/anmp.pt\/#\/schema\/person\/3e31ab197fc4b592367ad60b3dff1290","name":"Aristides Carvalho","image":{"@type":"ImageObject","inLanguage":"en-US","@id":"https:\/\/anmp.pt\/#\/schema\/person\/image\/","url":"https:\/\/secure.gravatar.com\/avatar\/b27ae6c145f7c02bcfc86e34bcfc4a53?s=96&d=mm&r=g","contentUrl":"https:\/\/secure.gravatar.com\/avatar\/b27ae6c145f7c02bcfc86e34bcfc4a53?s=96&d=mm&r=g","caption":"Aristides Carvalho"}}]}},"_links":{"self":[{"href":"https:\/\/anmp.pt\/en\/wp-json\/wp\/v2\/posts\/43136","targetHints":{"allow":["GET"]}}],"collection":[{"href":"https:\/\/anmp.pt\/en\/wp-json\/wp\/v2\/posts"}],"about":[{"href":"https:\/\/anmp.pt\/en\/wp-json\/wp\/v2\/types\/post"}],"author":[{"embeddable":true,"href":"https:\/\/anmp.pt\/en\/wp-json\/wp\/v2\/users\/34"}],"replies":[{"embeddable":true,"href":"https:\/\/anmp.pt\/en\/wp-json\/wp\/v2\/comments?post=43136"}],"version-history":[{"count":0,"href":"https:\/\/anmp.pt\/en\/wp-json\/wp\/v2\/posts\/43136\/revisions"}],"wp:attachment":[{"href":"https:\/\/anmp.pt\/en\/wp-json\/wp\/v2\/media?parent=43136"}],"wp:term":[{"taxonomy":"category","embeddable":true,"href":"https:\/\/anmp.pt\/en\/wp-json\/wp\/v2\/categories?post=43136"},{"taxonomy":"post_tag","embeddable":true,"href":"https:\/\/anmp.pt\/en\/wp-json\/wp\/v2\/tags?post=43136"}],"curies":[{"name":"wp","href":"https:\/\/api.w.org\/{rel}","templated":true}]}}