{"id":46699,"date":"2022-07-05T12:58:07","date_gmt":"2022-07-05T11:58:07","guid":{"rendered":"https:\/\/www.anmp.pt\/?p=46699"},"modified":"2022-07-06T13:04:17","modified_gmt":"2022-07-06T12:04:17","slug":"luisa-salgueiro-ha-uma-grande-convergencia-e-uniaoem-relacao-as-opcoes-feitas-entre-a-anmp-e-o-governo","status":"publish","type":"post","link":"https:\/\/anmp.pt\/en\/luisa-salgueiro-ha-uma-grande-convergencia-e-uniaoem-relacao-as-opcoes-feitas-entre-a-anmp-e-o-governo\/","title":{"rendered":"(Portugu\u00eas) Lu\u00edsa Salgueiro: \u201cH\u00e1 uma grande converg\u00eancia e uni\u00e3o<br \/>em rela\u00e7\u00e3o \u00e0s op\u00e7\u00f5es feitas entre a ANMP e o Governo\u201d"},"content":{"rendered":"<p class=\"qtranxs-available-languages-message qtranxs-available-languages-message-en\">Sorry, this entry is only available in <a href=\"https:\/\/anmp.pt\/pt\/wp-json\/wp\/v2\/posts\/46699\" class=\"qtranxs-available-language-link qtranxs-available-language-link-pt\" title=\"Portugu\u00eas\">Portugu\u00eas<\/a>.<\/p><p><\/p>\n<p style=\"text-align: justify;\">A presidente da Associa\u00e7\u00e3o Nacional de Munic\u00edpios Portugueses (ANMP), Lu\u00edsa Salgueiro, disse hoje que \u201ch\u00e1 uma grande converg\u00eancia e uni\u00e3o em rela\u00e7\u00e3o \u00e0s op\u00e7\u00f5es que est\u00e3o a ser feitas entre a ANMP e o Governo em mat\u00e9ria de descentraliza\u00e7\u00e3o, faltando apenas afinar detalhes\u201d.<\/p>\n<p style=\"text-align: justify;\">\u201cA mensagem geral que posso tirar \u00e9 de grande apoio e sintonia com o trabalho que tem sido e est\u00e1 a ser feito. H\u00e1 uma grande converg\u00eancia e uni\u00e3o, junto de todos os membros dos dois \u00f3rg\u00e3os (Conselho Geral e Conselho Diretivo da ANMP) e de valida\u00e7\u00e3o de tudo o que est\u00e1 a ser feito, todas as op\u00e7\u00f5es que est\u00e3o a ser trabalhadas bilateralmente entre a Associa\u00e7\u00e3o e o Governo\u201d, acrescentou.<\/p>\n<p style=\"text-align: justify;\">No final das reuni\u00f5es de Conselho Diretivo e de Conselho Geral da ANMP, realizadas na sede da Associa\u00e7\u00e3o, em Coimbra, Lu\u00edsa Salgueiro sublinhou que \u201cfalta agora afinar alguns detalhes\u201d para poder ser validado e assinado o acordo que registar\u00e1 \u201cas condi\u00e7\u00f5es que est\u00e3o agora estabilizadas\u201d.<\/p>\n<p style=\"text-align: justify;\">\u201cTemos estado a trabalhar muito intensamente com o Governo, no sentido de avan\u00e7armos com as respostas necess\u00e1rias para estabilizar algumas das reivindica\u00e7\u00f5es em mat\u00e9ria de descentraliza\u00e7\u00e3o de compet\u00eancias, focada neste momento na \u00e1rea da educa\u00e7\u00e3o e da sa\u00fade\u201d, frisou.<\/p>\n<p style=\"text-align: justify;\">A presidente da ANMP evidenciou que est\u00e1 a ser levada a cabo \u201cuma reforma significativa, com profundas altera\u00e7\u00f5es\u201d, o que faz com que \u201cv\u00e3o sendo detetados alguns problemas que t\u00eam de ser sanados, na articula\u00e7\u00e3o entre os v\u00e1rios n\u00edveis: autarquias, Administra\u00e7\u00e3o desconcentrada e o pr\u00f3prio Governo\u201d.<\/p>\n<p style=\"text-align: justify;\">Tamb\u00e9m o presidente do Conselho Geral da ANMP, Carlos Moedas, sublinhou que todos reconhecem \u201co excelente trabalho do conselho diretivo\u201d e referiu que \u201ca pr\u00f3xima reuni\u00e3o ser\u00e1 dia 20 para analisar melhor a documenta\u00e7\u00e3o e, atrav\u00e9s de sugest\u00f5es que sa\u00edram daqui, que o pr\u00f3prio Conselho Diretivo seja mandatado para poder avan\u00e7ar nesta negocia\u00e7\u00e3o\u201d.<\/p>\n<p style=\"text-align: justify;\">Carlos Moedas disse ainda que ficou agendado, para 17 de setembro um Encontro Nacional dos Autarcas que pretende ser um grande encontro, onde poder\u00e3o falar de descentraliza\u00e7\u00e3o, finan\u00e7as locais, do estatuto dos eleitos locais e do Or\u00e7amento do Estado para 2023, entre outros assuntos da atualidade pol\u00edtica aut\u00e1rquica.<\/p>\n<p>&nbsp;<\/p>\n<p>Com LUSA<\/p>","protected":false},"excerpt":{"rendered":"<p>Sorry, this entry is only available in Portugu\u00eas. A presidente da Associa\u00e7\u00e3o Nacional de Munic\u00edpios Portugueses (ANMP), Lu\u00edsa Salgueiro, disse hoje que \u201ch\u00e1 uma grande converg\u00eancia e uni\u00e3o em rela\u00e7\u00e3o \u00e0s op\u00e7\u00f5es que est\u00e3o a ser feitas entre a ANMP e o Governo em mat\u00e9ria de descentraliza\u00e7\u00e3o, faltando apenas afinar detalhes\u201d. \u201cA mensagem geral que [&hellip;]<\/p>\n","protected":false},"author":34,"featured_media":0,"comment_status":"closed","ping_status":"closed","sticky":false,"template":"","format":"standard","meta":{"_acf_changed":false,"_exactmetrics_skip_tracking":false,"_exactmetrics_sitenote_active":false,"_exactmetrics_sitenote_note":"","_exactmetrics_sitenote_category":0,"footnotes":""},"categories":[1602],"tags":[],"class_list":["post-46699","post","type-post","status-publish","format-standard","hentry","category-atualidade-2022"],"acf":[],"yoast_head":"<!-- This site is optimized with the Yoast SEO plugin v23.9 - https:\/\/yoast.com\/wordpress\/plugins\/seo\/ -->\n<title><\/title>\n<meta name=\"robots\" content=\"index, follow, max-snippet:-1, max-image-preview:large, max-video-preview:-1\" \/>\n<link rel=\"canonical\" href=\"https:\/\/anmp.pt\/luisa-salgueiro-ha-uma-grande-convergencia-e-uniaoem-relacao-as-opcoes-feitas-entre-a-anmp-e-o-governo\/\" \/>\n<meta property=\"og:locale\" content=\"en_US\" \/>\n<meta property=\"og:type\" content=\"article\" \/>\n<meta property=\"og:title\" content=\"[:pt]Lu\u00edsa Salgueiro: \u201cH\u00e1 uma grande converg\u00eancia e uni\u00e3oem rela\u00e7\u00e3o \u00e0s op\u00e7\u00f5es feitas entre a ANMP e o Governo\u201d[:] - Portal Institucional\" \/>\n<meta property=\"og:description\" content=\"Sorry, this entry is only available in Portugu\u00eas. A presidente da Associa\u00e7\u00e3o Nacional de Munic\u00edpios Portugueses (ANMP), Lu\u00edsa Salgueiro, disse hoje que \u201ch\u00e1 uma grande converg\u00eancia e uni\u00e3o em rela\u00e7\u00e3o \u00e0s op\u00e7\u00f5es que est\u00e3o a ser feitas entre a ANMP e o Governo em mat\u00e9ria de descentraliza\u00e7\u00e3o, faltando apenas afinar detalhes\u201d. \u201cA mensagem geral que [&hellip;]\" \/>\n<meta property=\"og:url\" content=\"https:\/\/anmp.pt\/luisa-salgueiro-ha-uma-grande-convergencia-e-uniaoem-relacao-as-opcoes-feitas-entre-a-anmp-e-o-governo\/\" \/>\n<meta property=\"og:site_name\" content=\"Portal Institucional\" \/>\n<meta property=\"article:publisher\" content=\"https:\/\/www.facebook.com\/ANMP.PT\" \/>\n<meta property=\"article:published_time\" content=\"2022-07-05T11:58:07+00:00\" \/>\n<meta property=\"article:modified_time\" content=\"2022-07-06T12:04:17+00:00\" \/>\n<meta name=\"author\" content=\"Aristides Carvalho\" \/>\n<meta name=\"twitter:card\" content=\"summary_large_image\" \/>\n<script type=\"application\/ld+json\" class=\"yoast-schema-graph\">{\"@context\":\"https:\/\/schema.org\",\"@graph\":[{\"@type\":\"Article\",\"@id\":\"https:\/\/anmp.pt\/luisa-salgueiro-ha-uma-grande-convergencia-e-uniaoem-relacao-as-opcoes-feitas-entre-a-anmp-e-o-governo\/#article\",\"isPartOf\":{\"@id\":\"https:\/\/anmp.pt\/luisa-salgueiro-ha-uma-grande-convergencia-e-uniaoem-relacao-as-opcoes-feitas-entre-a-anmp-e-o-governo\/\"},\"author\":{\"name\":\"Aristides Carvalho\",\"@id\":\"https:\/\/anmp.pt\/#\/schema\/person\/3e31ab197fc4b592367ad60b3dff1290\"},\"headline\":\"(Portugu\u00eas) Lu\u00edsa Salgueiro: \u201cH\u00e1 uma grande converg\u00eancia e uni\u00e3o em rela\u00e7\u00e3o \u00e0s op\u00e7\u00f5es feitas entre a ANMP e o Governo\u201d\",\"datePublished\":\"2022-07-05T11:58:07+00:00\",\"dateModified\":\"2022-07-06T12:04:17+00:00\",\"mainEntityOfPage\":{\"@id\":\"https:\/\/anmp.pt\/luisa-salgueiro-ha-uma-grande-convergencia-e-uniaoem-relacao-as-opcoes-feitas-entre-a-anmp-e-o-governo\/\"},\"wordCount\":423,\"publisher\":{\"@id\":\"https:\/\/anmp.pt\/#organization\"},\"articleSection\":[\"Atualidade-2022\"],\"inLanguage\":\"en-US\"},{\"@type\":\"WebPage\",\"@id\":\"https:\/\/anmp.pt\/luisa-salgueiro-ha-uma-grande-convergencia-e-uniaoem-relacao-as-opcoes-feitas-entre-a-anmp-e-o-governo\/\",\"url\":\"https:\/\/anmp.pt\/luisa-salgueiro-ha-uma-grande-convergencia-e-uniaoem-relacao-as-opcoes-feitas-entre-a-anmp-e-o-governo\/\",\"name\":\"[:pt]Lu\u00edsa Salgueiro: \u201cH\u00e1 uma grande converg\u00eancia e uni\u00e3o em rela\u00e7\u00e3o \u00e0s op\u00e7\u00f5es feitas entre a ANMP e o Governo\u201d[:] - Portal Institucional\",\"isPartOf\":{\"@id\":\"https:\/\/anmp.pt\/#website\"},\"datePublished\":\"2022-07-05T11:58:07+00:00\",\"dateModified\":\"2022-07-06T12:04:17+00:00\",\"breadcrumb\":{\"@id\":\"https:\/\/anmp.pt\/luisa-salgueiro-ha-uma-grande-convergencia-e-uniaoem-relacao-as-opcoes-feitas-entre-a-anmp-e-o-governo\/#breadcrumb\"},\"inLanguage\":\"en-US\",\"potentialAction\":[{\"@type\":\"ReadAction\",\"target\":[\"https:\/\/anmp.pt\/luisa-salgueiro-ha-uma-grande-convergencia-e-uniaoem-relacao-as-opcoes-feitas-entre-a-anmp-e-o-governo\/\"]}]},{\"@type\":\"BreadcrumbList\",\"@id\":\"https:\/\/anmp.pt\/luisa-salgueiro-ha-uma-grande-convergencia-e-uniaoem-relacao-as-opcoes-feitas-entre-a-anmp-e-o-governo\/#breadcrumb\",\"itemListElement\":[{\"@type\":\"ListItem\",\"position\":1,\"name\":\"In\u00edcio\",\"item\":\"https:\/\/anmp.pt\/\"},{\"@type\":\"ListItem\",\"position\":2,\"name\":\"Lu\u00edsa Salgueiro: \u201cH\u00e1 uma grande converg\u00eancia e uni\u00e3oem rela\u00e7\u00e3o \u00e0s op\u00e7\u00f5es feitas entre a ANMP e o Governo\u201d\"}]},{\"@type\":\"WebSite\",\"@id\":\"https:\/\/anmp.pt\/#website\",\"url\":\"https:\/\/anmp.pt\/\",\"name\":\"Associa\u00e7\u00e3o Nacional de Munic\u00edpios Portugueses\",\"description\":\"Portal Institucional\",\"publisher\":{\"@id\":\"https:\/\/anmp.pt\/#organization\"},\"potentialAction\":[{\"@type\":\"SearchAction\",\"target\":{\"@type\":\"EntryPoint\",\"urlTemplate\":\"https:\/\/anmp.pt\/?s={search_term_string}\"},\"query-input\":{\"@type\":\"PropertyValueSpecification\",\"valueRequired\":true,\"valueName\":\"search_term_string\"}}],\"inLanguage\":\"en-US\"},{\"@type\":\"Organization\",\"@id\":\"https:\/\/anmp.pt\/#organization\",\"name\":\"Associa\u00e7\u00e3o Nacional de Munic\u00edpios Portugueses\",\"url\":\"https:\/\/anmp.pt\/\",\"logo\":{\"@type\":\"ImageObject\",\"inLanguage\":\"en-US\",\"@id\":\"https:\/\/anmp.pt\/#\/schema\/logo\/image\/\",\"url\":\"https:\/\/anmp.pt\/wp-content\/uploads\/2020\/06\/logo980400.png\",\"contentUrl\":\"https:\/\/anmp.pt\/wp-content\/uploads\/2020\/06\/logo980400.png\",\"width\":980,\"height\":400,\"caption\":\"Associa\u00e7\u00e3o Nacional de Munic\u00edpios Portugueses\"},\"image\":{\"@id\":\"https:\/\/anmp.pt\/#\/schema\/logo\/image\/\"},\"sameAs\":[\"https:\/\/www.facebook.com\/ANMP.PT\"]},{\"@type\":\"Person\",\"@id\":\"https:\/\/anmp.pt\/#\/schema\/person\/3e31ab197fc4b592367ad60b3dff1290\",\"name\":\"Aristides Carvalho\",\"image\":{\"@type\":\"ImageObject\",\"inLanguage\":\"en-US\",\"@id\":\"https:\/\/anmp.pt\/#\/schema\/person\/image\/\",\"url\":\"https:\/\/secure.gravatar.com\/avatar\/b27ae6c145f7c02bcfc86e34bcfc4a53?s=96&d=mm&r=g\",\"contentUrl\":\"https:\/\/secure.gravatar.com\/avatar\/b27ae6c145f7c02bcfc86e34bcfc4a53?s=96&d=mm&r=g\",\"caption\":\"Aristides Carvalho\"}}]}<\/script>\n<!-- \/ Yoast SEO plugin. -->","yoast_head_json":{"title":"[:pt]Lu\u00edsa Salgueiro: \u201cH\u00e1 uma grande converg\u00eancia e uni\u00e3oem rela\u00e7\u00e3o \u00e0s op\u00e7\u00f5es feitas entre a ANMP e o Governo\u201d[:] - Portal Institucional","robots":{"index":"index","follow":"follow","max-snippet":"max-snippet:-1","max-image-preview":"max-image-preview:large","max-video-preview":"max-video-preview:-1"},"canonical":"https:\/\/anmp.pt\/luisa-salgueiro-ha-uma-grande-convergencia-e-uniaoem-relacao-as-opcoes-feitas-entre-a-anmp-e-o-governo\/","og_locale":"en_US","og_type":"article","og_title":"[:pt]Lu\u00edsa Salgueiro: \u201cH\u00e1 uma grande converg\u00eancia e uni\u00e3oem rela\u00e7\u00e3o \u00e0s op\u00e7\u00f5es feitas entre a ANMP e o Governo\u201d[:] - Portal Institucional","og_description":"Sorry, this entry is only available in Portugu\u00eas. A presidente da Associa\u00e7\u00e3o Nacional de Munic\u00edpios Portugueses (ANMP), Lu\u00edsa Salgueiro, disse hoje que \u201ch\u00e1 uma grande converg\u00eancia e uni\u00e3o em rela\u00e7\u00e3o \u00e0s op\u00e7\u00f5es que est\u00e3o a ser feitas entre a ANMP e o Governo em mat\u00e9ria de descentraliza\u00e7\u00e3o, faltando apenas afinar detalhes\u201d. \u201cA mensagem geral que [&hellip;]","og_url":"https:\/\/anmp.pt\/luisa-salgueiro-ha-uma-grande-convergencia-e-uniaoem-relacao-as-opcoes-feitas-entre-a-anmp-e-o-governo\/","og_site_name":"Portal Institucional","article_publisher":"https:\/\/www.facebook.com\/ANMP.PT","article_published_time":"2022-07-05T11:58:07+00:00","article_modified_time":"2022-07-06T12:04:17+00:00","author":"Aristides Carvalho","twitter_card":"summary_large_image","schema":{"@context":"https:\/\/schema.org","@graph":[{"@type":"Article","@id":"https:\/\/anmp.pt\/luisa-salgueiro-ha-uma-grande-convergencia-e-uniaoem-relacao-as-opcoes-feitas-entre-a-anmp-e-o-governo\/#article","isPartOf":{"@id":"https:\/\/anmp.pt\/luisa-salgueiro-ha-uma-grande-convergencia-e-uniaoem-relacao-as-opcoes-feitas-entre-a-anmp-e-o-governo\/"},"author":{"name":"Aristides Carvalho","@id":"https:\/\/anmp.pt\/#\/schema\/person\/3e31ab197fc4b592367ad60b3dff1290"},"headline":"(Portugu\u00eas) Lu\u00edsa Salgueiro: \u201cH\u00e1 uma grande converg\u00eancia e uni\u00e3o em rela\u00e7\u00e3o \u00e0s op\u00e7\u00f5es feitas entre a ANMP e o Governo\u201d","datePublished":"2022-07-05T11:58:07+00:00","dateModified":"2022-07-06T12:04:17+00:00","mainEntityOfPage":{"@id":"https:\/\/anmp.pt\/luisa-salgueiro-ha-uma-grande-convergencia-e-uniaoem-relacao-as-opcoes-feitas-entre-a-anmp-e-o-governo\/"},"wordCount":423,"publisher":{"@id":"https:\/\/anmp.pt\/#organization"},"articleSection":["Atualidade-2022"],"inLanguage":"en-US"},{"@type":"WebPage","@id":"https:\/\/anmp.pt\/luisa-salgueiro-ha-uma-grande-convergencia-e-uniaoem-relacao-as-opcoes-feitas-entre-a-anmp-e-o-governo\/","url":"https:\/\/anmp.pt\/luisa-salgueiro-ha-uma-grande-convergencia-e-uniaoem-relacao-as-opcoes-feitas-entre-a-anmp-e-o-governo\/","name":"[:pt]Lu\u00edsa Salgueiro: \u201cH\u00e1 uma grande converg\u00eancia e uni\u00e3o em rela\u00e7\u00e3o \u00e0s op\u00e7\u00f5es feitas entre a ANMP e o Governo\u201d[:] - Portal Institucional","isPartOf":{"@id":"https:\/\/anmp.pt\/#website"},"datePublished":"2022-07-05T11:58:07+00:00","dateModified":"2022-07-06T12:04:17+00:00","breadcrumb":{"@id":"https:\/\/anmp.pt\/luisa-salgueiro-ha-uma-grande-convergencia-e-uniaoem-relacao-as-opcoes-feitas-entre-a-anmp-e-o-governo\/#breadcrumb"},"inLanguage":"en-US","potentialAction":[{"@type":"ReadAction","target":["https:\/\/anmp.pt\/luisa-salgueiro-ha-uma-grande-convergencia-e-uniaoem-relacao-as-opcoes-feitas-entre-a-anmp-e-o-governo\/"]}]},{"@type":"BreadcrumbList","@id":"https:\/\/anmp.pt\/luisa-salgueiro-ha-uma-grande-convergencia-e-uniaoem-relacao-as-opcoes-feitas-entre-a-anmp-e-o-governo\/#breadcrumb","itemListElement":[{"@type":"ListItem","position":1,"name":"In\u00edcio","item":"https:\/\/anmp.pt\/"},{"@type":"ListItem","position":2,"name":"Lu\u00edsa Salgueiro: \u201cH\u00e1 uma grande converg\u00eancia e uni\u00e3oem rela\u00e7\u00e3o \u00e0s op\u00e7\u00f5es feitas entre a ANMP e o Governo\u201d"}]},{"@type":"WebSite","@id":"https:\/\/anmp.pt\/#website","url":"https:\/\/anmp.pt\/","name":"Associa\u00e7\u00e3o Nacional de Munic\u00edpios Portugueses","description":"Portal Institucional","publisher":{"@id":"https:\/\/anmp.pt\/#organization"},"potentialAction":[{"@type":"SearchAction","target":{"@type":"EntryPoint","urlTemplate":"https:\/\/anmp.pt\/?s={search_term_string}"},"query-input":{"@type":"PropertyValueSpecification","valueRequired":true,"valueName":"search_term_string"}}],"inLanguage":"en-US"},{"@type":"Organization","@id":"https:\/\/anmp.pt\/#organization","name":"Associa\u00e7\u00e3o Nacional de Munic\u00edpios Portugueses","url":"https:\/\/anmp.pt\/","logo":{"@type":"ImageObject","inLanguage":"en-US","@id":"https:\/\/anmp.pt\/#\/schema\/logo\/image\/","url":"https:\/\/anmp.pt\/wp-content\/uploads\/2020\/06\/logo980400.png","contentUrl":"https:\/\/anmp.pt\/wp-content\/uploads\/2020\/06\/logo980400.png","width":980,"height":400,"caption":"Associa\u00e7\u00e3o Nacional de Munic\u00edpios Portugueses"},"image":{"@id":"https:\/\/anmp.pt\/#\/schema\/logo\/image\/"},"sameAs":["https:\/\/www.facebook.com\/ANMP.PT"]},{"@type":"Person","@id":"https:\/\/anmp.pt\/#\/schema\/person\/3e31ab197fc4b592367ad60b3dff1290","name":"Aristides Carvalho","image":{"@type":"ImageObject","inLanguage":"en-US","@id":"https:\/\/anmp.pt\/#\/schema\/person\/image\/","url":"https:\/\/secure.gravatar.com\/avatar\/b27ae6c145f7c02bcfc86e34bcfc4a53?s=96&d=mm&r=g","contentUrl":"https:\/\/secure.gravatar.com\/avatar\/b27ae6c145f7c02bcfc86e34bcfc4a53?s=96&d=mm&r=g","caption":"Aristides Carvalho"}}]}},"_links":{"self":[{"href":"https:\/\/anmp.pt\/en\/wp-json\/wp\/v2\/posts\/46699","targetHints":{"allow":["GET"]}}],"collection":[{"href":"https:\/\/anmp.pt\/en\/wp-json\/wp\/v2\/posts"}],"about":[{"href":"https:\/\/anmp.pt\/en\/wp-json\/wp\/v2\/types\/post"}],"author":[{"embeddable":true,"href":"https:\/\/anmp.pt\/en\/wp-json\/wp\/v2\/users\/34"}],"replies":[{"embeddable":true,"href":"https:\/\/anmp.pt\/en\/wp-json\/wp\/v2\/comments?post=46699"}],"version-history":[{"count":0,"href":"https:\/\/anmp.pt\/en\/wp-json\/wp\/v2\/posts\/46699\/revisions"}],"wp:attachment":[{"href":"https:\/\/anmp.pt\/en\/wp-json\/wp\/v2\/media?parent=46699"}],"wp:term":[{"taxonomy":"category","embeddable":true,"href":"https:\/\/anmp.pt\/en\/wp-json\/wp\/v2\/categories?post=46699"},{"taxonomy":"post_tag","embeddable":true,"href":"https:\/\/anmp.pt\/en\/wp-json\/wp\/v2\/tags?post=46699"}],"curies":[{"name":"wp","href":"https:\/\/api.w.org\/{rel}","templated":true}]}}