{"id":58077,"date":"2023-07-18T18:17:38","date_gmt":"2023-07-18T17:17:38","guid":{"rendered":"https:\/\/anmp.pt\/?p=58077"},"modified":"2023-07-18T18:21:56","modified_gmt":"2023-07-18T17:21:56","slug":"anmp-reuniu-a-seu-pedido-com-o-tribunal-de-contaspara-contribuir-para-a-transparencia-e-rigor-no-poder-local","status":"publish","type":"post","link":"https:\/\/anmp.pt\/en\/anmp-reuniu-a-seu-pedido-com-o-tribunal-de-contaspara-contribuir-para-a-transparencia-e-rigor-no-poder-local\/","title":{"rendered":"(Portugu\u00eas) ANMP reuniu, a seu pedido, com o Tribunal de Contas<BR \/>para contribuir para a transpar\u00eancia e rigor no Poder Local"},"content":{"rendered":"<p class=\"qtranxs-available-languages-message qtranxs-available-languages-message-en\">Sorry, this entry is only available in <a href=\"https:\/\/anmp.pt\/pt\/wp-json\/wp\/v2\/posts\/58077\" class=\"qtranxs-available-language-link qtranxs-available-language-link-pt\" title=\"Portugu\u00eas\">Portugu\u00eas<\/a>.<\/p><p style=\"text-align: justify;\">A Associa\u00e7\u00e3o Nacional de Munic\u00edpios Portugueses (ANMP), dirigida pela presidente Lu\u00edsa Salgueiro, esteve hoje reunida, a seu pedido, com o Tribunal de Contas, presidido pelo juiz conselheiro Jos\u00e9 Tavares, na sede da Associa\u00e7\u00e3o, em Coimbra, para, em conjunto, analisarem as mat\u00e9rias que fazem parte das atribui\u00e7\u00f5es deste Tribunal e que relevam para a pr\u00e1tica quotidiana dos munic\u00edpios.<\/p>\n<p style=\"text-align: justify;\">Nesta reuni\u00e3o, em que tamb\u00e9m participaram os membros do Conselho Diretivo da ANMP e o diretor-geral do Tribunal de Contas, juiz conselheiro Fernando de Oliveira e Silva, foi feita uma aprecia\u00e7\u00e3o relativa \u00e0 fiscaliza\u00e7\u00e3o pr\u00e9via dos processos, defendendo-se a possibilidade de existir uma colabora\u00e7\u00e3o mais estreita entre os munic\u00edpios e este Tribunal, de modo a garantir o m\u00e1ximo de rigor e transpar\u00eancia dos procedimentos, sem colocar em causa a capacidade de investimento dos munic\u00edpios, tendo em conta a oportunidade de desenvolvimento para o pa\u00eds que representam o PRR e o PT2030.<\/p>\n<p style=\"text-align: justify;\">Os Planos de Gest\u00e3o de Riscos e a recente entrada em vigor do Mecanismo Nacional Anti-Corrup\u00e7\u00e3o tamb\u00e9m foram debatidos com o presidente e o diretor-geral do Tribunal de Contas, tendo a ANMP manifestado o seu interesse em, atrav\u00e9s da Funda\u00e7\u00e3o FEFAL, desenvolver a\u00e7\u00f5es de capacita\u00e7\u00e3o dos eleitos locais e dos t\u00e9cnicos municipais no \u00e2mbito destes instrumentos fundamentais para a gest\u00e3o aut\u00e1rquica.<\/p>\n<p style=\"text-align: justify;\">O presidente do Tribunal de Contas manifestou, ainda, a disponibilidade para realizar reuni\u00f5es tem\u00e1ticas com a ANMP, enquanto parceira essencial na clarifica\u00e7\u00e3o das mat\u00e9rias de \u00e2mbito municipal junto dos munic\u00edpios, no sentido de promover uma melhor divulga\u00e7\u00e3o da informa\u00e7\u00e3o necess\u00e1ria \u00e0s autarquias locais.<\/p>\n<p style=\"text-align: justify;\">A ANMP continuar\u00e1 a contribuir para a transpar\u00eancia e rigor no Poder Local, assumindo a responsabilidade de capacitar os munic\u00edpios, em parceria com todas as institui\u00e7\u00f5es p\u00fablicas relevantes no quadro jur\u00eddico da Rep\u00fablica Portuguesa.<\/p>","protected":false},"excerpt":{"rendered":"<p>Sorry, this entry is only available in Portugu\u00eas.A Associa\u00e7\u00e3o Nacional de Munic\u00edpios Portugueses (ANMP), dirigida pela presidente Lu\u00edsa Salgueiro, esteve hoje reunida, a seu pedido, com o Tribunal de Contas, presidido pelo juiz conselheiro Jos\u00e9 Tavares, na sede da Associa\u00e7\u00e3o, em Coimbra, para, em conjunto, analisarem as mat\u00e9rias que fazem parte das atribui\u00e7\u00f5es deste Tribunal [&hellip;]<\/p>\n","protected":false},"author":34,"featured_media":0,"comment_status":"closed","ping_status":"open","sticky":false,"template":"","format":"standard","meta":{"_acf_changed":false,"_exactmetrics_skip_tracking":false,"_exactmetrics_sitenote_active":false,"_exactmetrics_sitenote_note":"","_exactmetrics_sitenote_category":0,"footnotes":""},"categories":[1680],"tags":[],"class_list":["post-58077","post","type-post","status-publish","format-standard","hentry","category-atualidade-2023"],"acf":[],"yoast_head":"<!-- This site is optimized with the Yoast SEO plugin v23.9 - https:\/\/yoast.com\/wordpress\/plugins\/seo\/ -->\n<title><\/title>\n<meta name=\"robots\" content=\"index, follow, max-snippet:-1, max-image-preview:large, max-video-preview:-1\" \/>\n<link rel=\"canonical\" href=\"https:\/\/anmp.pt\/anmp-reuniu-a-seu-pedido-com-o-tribunal-de-contaspara-contribuir-para-a-transparencia-e-rigor-no-poder-local\/\" \/>\n<meta property=\"og:locale\" content=\"en_US\" \/>\n<meta property=\"og:type\" content=\"article\" \/>\n<meta property=\"og:title\" content=\"[:pt]ANMP reuniu, a seu pedido, com o Tribunal de Contaspara contribuir para a transpar\u00eancia e rigor no Poder Local[:] - Portal Institucional\" \/>\n<meta property=\"og:description\" content=\"Sorry, this entry is only available in Portugu\u00eas.A Associa\u00e7\u00e3o Nacional de Munic\u00edpios Portugueses (ANMP), dirigida pela presidente Lu\u00edsa Salgueiro, esteve hoje reunida, a seu pedido, com o Tribunal de Contas, presidido pelo juiz conselheiro Jos\u00e9 Tavares, na sede da Associa\u00e7\u00e3o, em Coimbra, para, em conjunto, analisarem as mat\u00e9rias que fazem parte das atribui\u00e7\u00f5es deste Tribunal [&hellip;]\" \/>\n<meta property=\"og:url\" content=\"https:\/\/anmp.pt\/anmp-reuniu-a-seu-pedido-com-o-tribunal-de-contaspara-contribuir-para-a-transparencia-e-rigor-no-poder-local\/\" \/>\n<meta property=\"og:site_name\" content=\"Portal Institucional\" \/>\n<meta property=\"article:publisher\" content=\"https:\/\/www.facebook.com\/ANMP.PT\" \/>\n<meta property=\"article:published_time\" content=\"2023-07-18T17:17:38+00:00\" \/>\n<meta property=\"article:modified_time\" content=\"2023-07-18T17:21:56+00:00\" \/>\n<meta name=\"author\" content=\"Aristides Carvalho\" \/>\n<meta name=\"twitter:card\" content=\"summary_large_image\" \/>\n<script type=\"application\/ld+json\" class=\"yoast-schema-graph\">{\"@context\":\"https:\/\/schema.org\",\"@graph\":[{\"@type\":\"Article\",\"@id\":\"https:\/\/anmp.pt\/anmp-reuniu-a-seu-pedido-com-o-tribunal-de-contaspara-contribuir-para-a-transparencia-e-rigor-no-poder-local\/#article\",\"isPartOf\":{\"@id\":\"https:\/\/anmp.pt\/anmp-reuniu-a-seu-pedido-com-o-tribunal-de-contaspara-contribuir-para-a-transparencia-e-rigor-no-poder-local\/\"},\"author\":{\"name\":\"Aristides Carvalho\",\"@id\":\"https:\/\/anmp.pt\/#\/schema\/person\/3e31ab197fc4b592367ad60b3dff1290\"},\"headline\":\"(Portugu\u00eas) ANMP reuniu, a seu pedido, com o Tribunal de Contas para contribuir para a transpar\u00eancia e rigor no Poder Local\",\"datePublished\":\"2023-07-18T17:17:38+00:00\",\"dateModified\":\"2023-07-18T17:21:56+00:00\",\"mainEntityOfPage\":{\"@id\":\"https:\/\/anmp.pt\/anmp-reuniu-a-seu-pedido-com-o-tribunal-de-contaspara-contribuir-para-a-transparencia-e-rigor-no-poder-local\/\"},\"wordCount\":350,\"publisher\":{\"@id\":\"https:\/\/anmp.pt\/#organization\"},\"articleSection\":[\"Atualidade-2023\"],\"inLanguage\":\"en-US\"},{\"@type\":\"WebPage\",\"@id\":\"https:\/\/anmp.pt\/anmp-reuniu-a-seu-pedido-com-o-tribunal-de-contaspara-contribuir-para-a-transparencia-e-rigor-no-poder-local\/\",\"url\":\"https:\/\/anmp.pt\/anmp-reuniu-a-seu-pedido-com-o-tribunal-de-contaspara-contribuir-para-a-transparencia-e-rigor-no-poder-local\/\",\"name\":\"[:pt]ANMP reuniu, a seu pedido, com o Tribunal de Contas para contribuir para a transpar\u00eancia e rigor no Poder Local[:] - Portal Institucional\",\"isPartOf\":{\"@id\":\"https:\/\/anmp.pt\/#website\"},\"datePublished\":\"2023-07-18T17:17:38+00:00\",\"dateModified\":\"2023-07-18T17:21:56+00:00\",\"breadcrumb\":{\"@id\":\"https:\/\/anmp.pt\/anmp-reuniu-a-seu-pedido-com-o-tribunal-de-contaspara-contribuir-para-a-transparencia-e-rigor-no-poder-local\/#breadcrumb\"},\"inLanguage\":\"en-US\",\"potentialAction\":[{\"@type\":\"ReadAction\",\"target\":[\"https:\/\/anmp.pt\/anmp-reuniu-a-seu-pedido-com-o-tribunal-de-contaspara-contribuir-para-a-transparencia-e-rigor-no-poder-local\/\"]}]},{\"@type\":\"BreadcrumbList\",\"@id\":\"https:\/\/anmp.pt\/anmp-reuniu-a-seu-pedido-com-o-tribunal-de-contaspara-contribuir-para-a-transparencia-e-rigor-no-poder-local\/#breadcrumb\",\"itemListElement\":[{\"@type\":\"ListItem\",\"position\":1,\"name\":\"In\u00edcio\",\"item\":\"https:\/\/anmp.pt\/\"},{\"@type\":\"ListItem\",\"position\":2,\"name\":\"ANMP reuniu, a seu pedido, com o Tribunal de Contaspara contribuir para a transpar\u00eancia e rigor no Poder Local\"}]},{\"@type\":\"WebSite\",\"@id\":\"https:\/\/anmp.pt\/#website\",\"url\":\"https:\/\/anmp.pt\/\",\"name\":\"Associa\u00e7\u00e3o Nacional de Munic\u00edpios Portugueses\",\"description\":\"Portal Institucional\",\"publisher\":{\"@id\":\"https:\/\/anmp.pt\/#organization\"},\"potentialAction\":[{\"@type\":\"SearchAction\",\"target\":{\"@type\":\"EntryPoint\",\"urlTemplate\":\"https:\/\/anmp.pt\/?s={search_term_string}\"},\"query-input\":{\"@type\":\"PropertyValueSpecification\",\"valueRequired\":true,\"valueName\":\"search_term_string\"}}],\"inLanguage\":\"en-US\"},{\"@type\":\"Organization\",\"@id\":\"https:\/\/anmp.pt\/#organization\",\"name\":\"Associa\u00e7\u00e3o Nacional de Munic\u00edpios Portugueses\",\"url\":\"https:\/\/anmp.pt\/\",\"logo\":{\"@type\":\"ImageObject\",\"inLanguage\":\"en-US\",\"@id\":\"https:\/\/anmp.pt\/#\/schema\/logo\/image\/\",\"url\":\"https:\/\/anmp.pt\/wp-content\/uploads\/2020\/06\/logo980400.png\",\"contentUrl\":\"https:\/\/anmp.pt\/wp-content\/uploads\/2020\/06\/logo980400.png\",\"width\":980,\"height\":400,\"caption\":\"Associa\u00e7\u00e3o Nacional de Munic\u00edpios Portugueses\"},\"image\":{\"@id\":\"https:\/\/anmp.pt\/#\/schema\/logo\/image\/\"},\"sameAs\":[\"https:\/\/www.facebook.com\/ANMP.PT\"]},{\"@type\":\"Person\",\"@id\":\"https:\/\/anmp.pt\/#\/schema\/person\/3e31ab197fc4b592367ad60b3dff1290\",\"name\":\"Aristides Carvalho\",\"image\":{\"@type\":\"ImageObject\",\"inLanguage\":\"en-US\",\"@id\":\"https:\/\/anmp.pt\/#\/schema\/person\/image\/\",\"url\":\"https:\/\/secure.gravatar.com\/avatar\/b27ae6c145f7c02bcfc86e34bcfc4a53?s=96&d=mm&r=g\",\"contentUrl\":\"https:\/\/secure.gravatar.com\/avatar\/b27ae6c145f7c02bcfc86e34bcfc4a53?s=96&d=mm&r=g\",\"caption\":\"Aristides Carvalho\"}}]}<\/script>\n<!-- \/ Yoast SEO plugin. -->","yoast_head_json":{"title":"[:pt]ANMP reuniu, a seu pedido, com o Tribunal de Contaspara contribuir para a transpar\u00eancia e rigor no Poder Local[:] - Portal Institucional","robots":{"index":"index","follow":"follow","max-snippet":"max-snippet:-1","max-image-preview":"max-image-preview:large","max-video-preview":"max-video-preview:-1"},"canonical":"https:\/\/anmp.pt\/anmp-reuniu-a-seu-pedido-com-o-tribunal-de-contaspara-contribuir-para-a-transparencia-e-rigor-no-poder-local\/","og_locale":"en_US","og_type":"article","og_title":"[:pt]ANMP reuniu, a seu pedido, com o Tribunal de Contaspara contribuir para a transpar\u00eancia e rigor no Poder Local[:] - Portal Institucional","og_description":"Sorry, this entry is only available in Portugu\u00eas.A Associa\u00e7\u00e3o Nacional de Munic\u00edpios Portugueses (ANMP), dirigida pela presidente Lu\u00edsa Salgueiro, esteve hoje reunida, a seu pedido, com o Tribunal de Contas, presidido pelo juiz conselheiro Jos\u00e9 Tavares, na sede da Associa\u00e7\u00e3o, em Coimbra, para, em conjunto, analisarem as mat\u00e9rias que fazem parte das atribui\u00e7\u00f5es deste Tribunal [&hellip;]","og_url":"https:\/\/anmp.pt\/anmp-reuniu-a-seu-pedido-com-o-tribunal-de-contaspara-contribuir-para-a-transparencia-e-rigor-no-poder-local\/","og_site_name":"Portal Institucional","article_publisher":"https:\/\/www.facebook.com\/ANMP.PT","article_published_time":"2023-07-18T17:17:38+00:00","article_modified_time":"2023-07-18T17:21:56+00:00","author":"Aristides Carvalho","twitter_card":"summary_large_image","schema":{"@context":"https:\/\/schema.org","@graph":[{"@type":"Article","@id":"https:\/\/anmp.pt\/anmp-reuniu-a-seu-pedido-com-o-tribunal-de-contaspara-contribuir-para-a-transparencia-e-rigor-no-poder-local\/#article","isPartOf":{"@id":"https:\/\/anmp.pt\/anmp-reuniu-a-seu-pedido-com-o-tribunal-de-contaspara-contribuir-para-a-transparencia-e-rigor-no-poder-local\/"},"author":{"name":"Aristides Carvalho","@id":"https:\/\/anmp.pt\/#\/schema\/person\/3e31ab197fc4b592367ad60b3dff1290"},"headline":"(Portugu\u00eas) ANMP reuniu, a seu pedido, com o Tribunal de Contas para contribuir para a transpar\u00eancia e rigor no Poder Local","datePublished":"2023-07-18T17:17:38+00:00","dateModified":"2023-07-18T17:21:56+00:00","mainEntityOfPage":{"@id":"https:\/\/anmp.pt\/anmp-reuniu-a-seu-pedido-com-o-tribunal-de-contaspara-contribuir-para-a-transparencia-e-rigor-no-poder-local\/"},"wordCount":350,"publisher":{"@id":"https:\/\/anmp.pt\/#organization"},"articleSection":["Atualidade-2023"],"inLanguage":"en-US"},{"@type":"WebPage","@id":"https:\/\/anmp.pt\/anmp-reuniu-a-seu-pedido-com-o-tribunal-de-contaspara-contribuir-para-a-transparencia-e-rigor-no-poder-local\/","url":"https:\/\/anmp.pt\/anmp-reuniu-a-seu-pedido-com-o-tribunal-de-contaspara-contribuir-para-a-transparencia-e-rigor-no-poder-local\/","name":"[:pt]ANMP reuniu, a seu pedido, com o Tribunal de Contas para contribuir para a transpar\u00eancia e rigor no Poder Local[:] - Portal Institucional","isPartOf":{"@id":"https:\/\/anmp.pt\/#website"},"datePublished":"2023-07-18T17:17:38+00:00","dateModified":"2023-07-18T17:21:56+00:00","breadcrumb":{"@id":"https:\/\/anmp.pt\/anmp-reuniu-a-seu-pedido-com-o-tribunal-de-contaspara-contribuir-para-a-transparencia-e-rigor-no-poder-local\/#breadcrumb"},"inLanguage":"en-US","potentialAction":[{"@type":"ReadAction","target":["https:\/\/anmp.pt\/anmp-reuniu-a-seu-pedido-com-o-tribunal-de-contaspara-contribuir-para-a-transparencia-e-rigor-no-poder-local\/"]}]},{"@type":"BreadcrumbList","@id":"https:\/\/anmp.pt\/anmp-reuniu-a-seu-pedido-com-o-tribunal-de-contaspara-contribuir-para-a-transparencia-e-rigor-no-poder-local\/#breadcrumb","itemListElement":[{"@type":"ListItem","position":1,"name":"In\u00edcio","item":"https:\/\/anmp.pt\/"},{"@type":"ListItem","position":2,"name":"ANMP reuniu, a seu pedido, com o Tribunal de Contaspara contribuir para a transpar\u00eancia e rigor no Poder Local"}]},{"@type":"WebSite","@id":"https:\/\/anmp.pt\/#website","url":"https:\/\/anmp.pt\/","name":"Associa\u00e7\u00e3o Nacional de Munic\u00edpios Portugueses","description":"Portal Institucional","publisher":{"@id":"https:\/\/anmp.pt\/#organization"},"potentialAction":[{"@type":"SearchAction","target":{"@type":"EntryPoint","urlTemplate":"https:\/\/anmp.pt\/?s={search_term_string}"},"query-input":{"@type":"PropertyValueSpecification","valueRequired":true,"valueName":"search_term_string"}}],"inLanguage":"en-US"},{"@type":"Organization","@id":"https:\/\/anmp.pt\/#organization","name":"Associa\u00e7\u00e3o Nacional de Munic\u00edpios Portugueses","url":"https:\/\/anmp.pt\/","logo":{"@type":"ImageObject","inLanguage":"en-US","@id":"https:\/\/anmp.pt\/#\/schema\/logo\/image\/","url":"https:\/\/anmp.pt\/wp-content\/uploads\/2020\/06\/logo980400.png","contentUrl":"https:\/\/anmp.pt\/wp-content\/uploads\/2020\/06\/logo980400.png","width":980,"height":400,"caption":"Associa\u00e7\u00e3o Nacional de Munic\u00edpios Portugueses"},"image":{"@id":"https:\/\/anmp.pt\/#\/schema\/logo\/image\/"},"sameAs":["https:\/\/www.facebook.com\/ANMP.PT"]},{"@type":"Person","@id":"https:\/\/anmp.pt\/#\/schema\/person\/3e31ab197fc4b592367ad60b3dff1290","name":"Aristides Carvalho","image":{"@type":"ImageObject","inLanguage":"en-US","@id":"https:\/\/anmp.pt\/#\/schema\/person\/image\/","url":"https:\/\/secure.gravatar.com\/avatar\/b27ae6c145f7c02bcfc86e34bcfc4a53?s=96&d=mm&r=g","contentUrl":"https:\/\/secure.gravatar.com\/avatar\/b27ae6c145f7c02bcfc86e34bcfc4a53?s=96&d=mm&r=g","caption":"Aristides Carvalho"}}]}},"_links":{"self":[{"href":"https:\/\/anmp.pt\/en\/wp-json\/wp\/v2\/posts\/58077","targetHints":{"allow":["GET"]}}],"collection":[{"href":"https:\/\/anmp.pt\/en\/wp-json\/wp\/v2\/posts"}],"about":[{"href":"https:\/\/anmp.pt\/en\/wp-json\/wp\/v2\/types\/post"}],"author":[{"embeddable":true,"href":"https:\/\/anmp.pt\/en\/wp-json\/wp\/v2\/users\/34"}],"replies":[{"embeddable":true,"href":"https:\/\/anmp.pt\/en\/wp-json\/wp\/v2\/comments?post=58077"}],"version-history":[{"count":0,"href":"https:\/\/anmp.pt\/en\/wp-json\/wp\/v2\/posts\/58077\/revisions"}],"wp:attachment":[{"href":"https:\/\/anmp.pt\/en\/wp-json\/wp\/v2\/media?parent=58077"}],"wp:term":[{"taxonomy":"category","embeddable":true,"href":"https:\/\/anmp.pt\/en\/wp-json\/wp\/v2\/categories?post=58077"},{"taxonomy":"post_tag","embeddable":true,"href":"https:\/\/anmp.pt\/en\/wp-json\/wp\/v2\/tags?post=58077"}],"curies":[{"name":"wp","href":"https:\/\/api.w.org\/{rel}","templated":true}]}}