{"id":63061,"date":"2024-03-05T15:56:37","date_gmt":"2024-03-05T15:56:37","guid":{"rendered":"https:\/\/anmp.pt\/?p=63061"},"modified":"2024-03-05T16:07:58","modified_gmt":"2024-03-05T16:07:58","slug":"pensaarp-2030-e-inaceitavel-que-bloqueie-o-acesso-a-fundos-comunitarios-a-72-dos-municipios","status":"publish","type":"post","link":"https:\/\/anmp.pt\/en\/pensaarp-2030-e-inaceitavel-que-bloqueie-o-acesso-a-fundos-comunitarios-a-72-dos-municipios\/","title":{"rendered":"(Portugu\u00eas) PENSAARP 2030: \u201c\u00c9 inaceit\u00e1vel que bloqueie o acesso<br \/> a fundos comunit\u00e1rios a 72% dos munic\u00edpios\u201d"},"content":{"rendered":"<p class=\"qtranxs-available-languages-message qtranxs-available-languages-message-en\">Sorry, this entry is only available in <a href=\"https:\/\/anmp.pt\/pt\/wp-json\/wp\/v2\/posts\/63061\" class=\"qtranxs-available-language-link qtranxs-available-language-link-pt\" title=\"Portugu\u00eas\">Portugu\u00eas<\/a>.<\/p><p><\/p>\n<p style=\"text-align: justify;\">A Associa\u00e7\u00e3o Nacional dos Munic\u00edpios Portugueses (ANMP) defendeu hoje, na reuni\u00e3o de Conselho Diretivo, que \u00e9 inaceit\u00e1vel que o Plano Estrat\u00e9gico de Abastecimento de \u00c1gua e Saneamento de \u00c1guas Residuais e Pluviais (PENSAARP) bloqueie o acesso a fundos comunit\u00e1rios a 72% dos munic\u00edpios com modelos de gest\u00e3o n\u00e3o agregados.<\/p>\n<p style=\"text-align: justify;\">\u201cEst\u00e1 previsto que, para que haja acesso a fundos comunit\u00e1rios, os investimentos devem respeitar a munic\u00edpios que estejam agregados em entidades intermunicipais ou que tenham parcerias com as entidades gestoras do grupo \u00c1guas de Portugal. Isso para n\u00f3s \u00e9 algo inaceit\u00e1vel, uma vez que deixa de fora 72% dos munic\u00edpios do continente\u201d, explicou a presidente da ANMP, Lu\u00edsa Salgueiro.<\/p>\n<p style=\"text-align: justify;\">O Conselho Diretivo da Associa\u00e7\u00e3o reuniu-se durante a manh\u00e3 de hoje, na sede, em Coimbra, debru\u00e7ando-se sobre o tema do acesso aos fundos comunit\u00e1rios no \u00e2mbito do PENSAARP 2030, aprovado no in\u00edcio de fevereiro, em Conselho de Ministros.<br \/>\nNo final desta reuni\u00e3o, a presidente manifestou a necessidade de ser eliminada do PENSAARP 2030 a obrigatoriedade de agrega\u00e7\u00e3o dos sistemas municipais para aceder aos fundos comunit\u00e1rios. \u201cDos 278 munic\u00edpios, 199 optaram por fazer a gest\u00e3o direta da sua rede, portanto n\u00e3o est\u00e3o agregados, seja na alta, seja em baixa, na \u00e1gua ou na distribui\u00e7\u00e3o de \u00e1gua no saneamento\u201d, esclareceu.<\/p>\n<p style=\"text-align: justify;\">No entender da ANMP, deve ser criada uma pol\u00edtica mais abrangente, assente no financiamento de investimentos adequados a cada tipo de territ\u00f3rio e de medidas complementares que promovam o aumento da efici\u00eancia dos sistemas, independentemente do modelo de gest\u00e3o adotado pelos munic\u00edpios.<\/p>\n<p style=\"text-align: justify;\">\u201cEsta regra introduzida no plano n\u00e3o nos parece correta e fazemos aqui tamb\u00e9m esta sensibiliza\u00e7\u00e3o para que, no regulamento que venha a ser produzido, ela n\u00e3o fique vertida. Naturalmente que, assim que haja pr\u00f3ximo Governo, pediremos de imediato reuni\u00f5es para transmitir esta e outras preocupa\u00e7\u00f5es que temos relativamente a um setor muito importante que \u00e9 o da \u00e1gua, dos res\u00edduos e da energia\u201d, adiantou Lu\u00edsa Salgueiro.<\/p>\n<p style=\"text-align: justify;\">A ANMP, que participou na prepara\u00e7\u00e3o do PENSAARP 2030, integrando o grupo de trabalho entre abril de 2020 e mar\u00e7o de 2022, mostrando-se sempre desfavor\u00e1vel \u00e0 agrega\u00e7\u00e3o, recorda, em conclus\u00e3o, que a pr\u00f3pria vers\u00e3o do Plano levada a consulta p\u00fablica, em 2022, n\u00e3o continha tal restri\u00e7\u00e3o, apenas revelada na vers\u00e3o final publicada.<\/p>\n<p style=\"text-align: justify;\">Com LUSA.<\/p>\n<p><\/p>","protected":false},"excerpt":{"rendered":"<p>Sorry, this entry is only available in Portugu\u00eas. A Associa\u00e7\u00e3o Nacional dos Munic\u00edpios Portugueses (ANMP) defendeu hoje, na reuni\u00e3o de Conselho Diretivo, que \u00e9 inaceit\u00e1vel que o Plano Estrat\u00e9gico de Abastecimento de \u00c1gua e Saneamento de \u00c1guas Residuais e Pluviais (PENSAARP) bloqueie o acesso a fundos comunit\u00e1rios a 72% dos munic\u00edpios com modelos de gest\u00e3o [&hellip;]<\/p>\n","protected":false},"author":719,"featured_media":0,"comment_status":"closed","ping_status":"open","sticky":false,"template":"","format":"standard","meta":{"_acf_changed":false,"_exactmetrics_skip_tracking":false,"_exactmetrics_sitenote_active":false,"_exactmetrics_sitenote_note":"","_exactmetrics_sitenote_category":0,"footnotes":""},"categories":[1748],"tags":[],"class_list":["post-63061","post","type-post","status-publish","format-standard","hentry","category-atualidade-2024"],"acf":[],"yoast_head":"<!-- This site is optimized with the Yoast SEO plugin v23.9 - https:\/\/yoast.com\/wordpress\/plugins\/seo\/ -->\n<title><\/title>\n<meta name=\"robots\" content=\"index, follow, max-snippet:-1, max-image-preview:large, max-video-preview:-1\" \/>\n<link rel=\"canonical\" href=\"https:\/\/anmp.pt\/pensaarp-2030-e-inaceitavel-que-bloqueie-o-acesso-a-fundos-comunitarios-a-72-dos-municipios\/\" \/>\n<meta property=\"og:locale\" content=\"en_US\" \/>\n<meta property=\"og:type\" content=\"article\" \/>\n<meta property=\"og:title\" content=\"[:pt]PENSAARP 2030: \u201c\u00c9 inaceit\u00e1vel que bloqueie o acesso a fundos comunit\u00e1rios a 72% dos munic\u00edpios\u201d[:] - Portal Institucional\" \/>\n<meta property=\"og:description\" content=\"Sorry, this entry is only available in Portugu\u00eas. A Associa\u00e7\u00e3o Nacional dos Munic\u00edpios Portugueses (ANMP) defendeu hoje, na reuni\u00e3o de Conselho Diretivo, que \u00e9 inaceit\u00e1vel que o Plano Estrat\u00e9gico de Abastecimento de \u00c1gua e Saneamento de \u00c1guas Residuais e Pluviais (PENSAARP) bloqueie o acesso a fundos comunit\u00e1rios a 72% dos munic\u00edpios com modelos de gest\u00e3o [&hellip;]\" \/>\n<meta property=\"og:url\" content=\"https:\/\/anmp.pt\/pensaarp-2030-e-inaceitavel-que-bloqueie-o-acesso-a-fundos-comunitarios-a-72-dos-municipios\/\" \/>\n<meta property=\"og:site_name\" content=\"Portal Institucional\" \/>\n<meta property=\"article:publisher\" content=\"https:\/\/www.facebook.com\/ANMP.PT\" \/>\n<meta property=\"article:published_time\" content=\"2024-03-05T15:56:37+00:00\" \/>\n<meta property=\"article:modified_time\" content=\"2024-03-05T16:07:58+00:00\" \/>\n<meta name=\"author\" content=\"rcardoso\" \/>\n<meta name=\"twitter:card\" content=\"summary_large_image\" \/>\n<script type=\"application\/ld+json\" class=\"yoast-schema-graph\">{\"@context\":\"https:\/\/schema.org\",\"@graph\":[{\"@type\":\"Article\",\"@id\":\"https:\/\/anmp.pt\/pensaarp-2030-e-inaceitavel-que-bloqueie-o-acesso-a-fundos-comunitarios-a-72-dos-municipios\/#article\",\"isPartOf\":{\"@id\":\"https:\/\/anmp.pt\/pensaarp-2030-e-inaceitavel-que-bloqueie-o-acesso-a-fundos-comunitarios-a-72-dos-municipios\/\"},\"author\":{\"name\":\"rcardoso\",\"@id\":\"https:\/\/anmp.pt\/#\/schema\/person\/a0337e09ca769892f1f73b1cd9872f15\"},\"headline\":\"(Portugu\u00eas) PENSAARP 2030: \u201c\u00c9 inaceit\u00e1vel que bloqueie o acesso a fundos comunit\u00e1rios a 72% dos munic\u00edpios\u201d\",\"datePublished\":\"2024-03-05T15:56:37+00:00\",\"dateModified\":\"2024-03-05T16:07:58+00:00\",\"mainEntityOfPage\":{\"@id\":\"https:\/\/anmp.pt\/pensaarp-2030-e-inaceitavel-que-bloqueie-o-acesso-a-fundos-comunitarios-a-72-dos-municipios\/\"},\"wordCount\":423,\"publisher\":{\"@id\":\"https:\/\/anmp.pt\/#organization\"},\"articleSection\":[\"Atualidade-2024\"],\"inLanguage\":\"en-US\"},{\"@type\":\"WebPage\",\"@id\":\"https:\/\/anmp.pt\/pensaarp-2030-e-inaceitavel-que-bloqueie-o-acesso-a-fundos-comunitarios-a-72-dos-municipios\/\",\"url\":\"https:\/\/anmp.pt\/pensaarp-2030-e-inaceitavel-que-bloqueie-o-acesso-a-fundos-comunitarios-a-72-dos-municipios\/\",\"name\":\"[:pt]PENSAARP 2030: \u201c\u00c9 inaceit\u00e1vel que bloqueie o acesso a fundos comunit\u00e1rios a 72% dos munic\u00edpios\u201d[:] - Portal Institucional\",\"isPartOf\":{\"@id\":\"https:\/\/anmp.pt\/#website\"},\"datePublished\":\"2024-03-05T15:56:37+00:00\",\"dateModified\":\"2024-03-05T16:07:58+00:00\",\"breadcrumb\":{\"@id\":\"https:\/\/anmp.pt\/pensaarp-2030-e-inaceitavel-que-bloqueie-o-acesso-a-fundos-comunitarios-a-72-dos-municipios\/#breadcrumb\"},\"inLanguage\":\"en-US\",\"potentialAction\":[{\"@type\":\"ReadAction\",\"target\":[\"https:\/\/anmp.pt\/pensaarp-2030-e-inaceitavel-que-bloqueie-o-acesso-a-fundos-comunitarios-a-72-dos-municipios\/\"]}]},{\"@type\":\"BreadcrumbList\",\"@id\":\"https:\/\/anmp.pt\/pensaarp-2030-e-inaceitavel-que-bloqueie-o-acesso-a-fundos-comunitarios-a-72-dos-municipios\/#breadcrumb\",\"itemListElement\":[{\"@type\":\"ListItem\",\"position\":1,\"name\":\"In\u00edcio\",\"item\":\"https:\/\/anmp.pt\/\"},{\"@type\":\"ListItem\",\"position\":2,\"name\":\"PENSAARP 2030: \u201c\u00c9 inaceit\u00e1vel que bloqueie o acesso a fundos comunit\u00e1rios a 72% dos munic\u00edpios\u201d\"}]},{\"@type\":\"WebSite\",\"@id\":\"https:\/\/anmp.pt\/#website\",\"url\":\"https:\/\/anmp.pt\/\",\"name\":\"Associa\u00e7\u00e3o Nacional de Munic\u00edpios Portugueses\",\"description\":\"Portal Institucional\",\"publisher\":{\"@id\":\"https:\/\/anmp.pt\/#organization\"},\"potentialAction\":[{\"@type\":\"SearchAction\",\"target\":{\"@type\":\"EntryPoint\",\"urlTemplate\":\"https:\/\/anmp.pt\/?s={search_term_string}\"},\"query-input\":{\"@type\":\"PropertyValueSpecification\",\"valueRequired\":true,\"valueName\":\"search_term_string\"}}],\"inLanguage\":\"en-US\"},{\"@type\":\"Organization\",\"@id\":\"https:\/\/anmp.pt\/#organization\",\"name\":\"Associa\u00e7\u00e3o Nacional de Munic\u00edpios Portugueses\",\"url\":\"https:\/\/anmp.pt\/\",\"logo\":{\"@type\":\"ImageObject\",\"inLanguage\":\"en-US\",\"@id\":\"https:\/\/anmp.pt\/#\/schema\/logo\/image\/\",\"url\":\"https:\/\/anmp.pt\/wp-content\/uploads\/2020\/06\/logo980400.png\",\"contentUrl\":\"https:\/\/anmp.pt\/wp-content\/uploads\/2020\/06\/logo980400.png\",\"width\":980,\"height\":400,\"caption\":\"Associa\u00e7\u00e3o Nacional de Munic\u00edpios Portugueses\"},\"image\":{\"@id\":\"https:\/\/anmp.pt\/#\/schema\/logo\/image\/\"},\"sameAs\":[\"https:\/\/www.facebook.com\/ANMP.PT\"]},{\"@type\":\"Person\",\"@id\":\"https:\/\/anmp.pt\/#\/schema\/person\/a0337e09ca769892f1f73b1cd9872f15\",\"name\":\"rcardoso\",\"image\":{\"@type\":\"ImageObject\",\"inLanguage\":\"en-US\",\"@id\":\"https:\/\/anmp.pt\/#\/schema\/person\/image\/\",\"url\":\"https:\/\/secure.gravatar.com\/avatar\/d3f9903b40fa86ab2675f7d88d4b1dec?s=96&d=mm&r=g\",\"contentUrl\":\"https:\/\/secure.gravatar.com\/avatar\/d3f9903b40fa86ab2675f7d88d4b1dec?s=96&d=mm&r=g\",\"caption\":\"rcardoso\"}}]}<\/script>\n<!-- \/ Yoast SEO plugin. -->","yoast_head_json":{"title":"[:pt]PENSAARP 2030: \u201c\u00c9 inaceit\u00e1vel que bloqueie o acesso a fundos comunit\u00e1rios a 72% dos munic\u00edpios\u201d[:] - Portal Institucional","robots":{"index":"index","follow":"follow","max-snippet":"max-snippet:-1","max-image-preview":"max-image-preview:large","max-video-preview":"max-video-preview:-1"},"canonical":"https:\/\/anmp.pt\/pensaarp-2030-e-inaceitavel-que-bloqueie-o-acesso-a-fundos-comunitarios-a-72-dos-municipios\/","og_locale":"en_US","og_type":"article","og_title":"[:pt]PENSAARP 2030: \u201c\u00c9 inaceit\u00e1vel que bloqueie o acesso a fundos comunit\u00e1rios a 72% dos munic\u00edpios\u201d[:] - Portal Institucional","og_description":"Sorry, this entry is only available in Portugu\u00eas. A Associa\u00e7\u00e3o Nacional dos Munic\u00edpios Portugueses (ANMP) defendeu hoje, na reuni\u00e3o de Conselho Diretivo, que \u00e9 inaceit\u00e1vel que o Plano Estrat\u00e9gico de Abastecimento de \u00c1gua e Saneamento de \u00c1guas Residuais e Pluviais (PENSAARP) bloqueie o acesso a fundos comunit\u00e1rios a 72% dos munic\u00edpios com modelos de gest\u00e3o [&hellip;]","og_url":"https:\/\/anmp.pt\/pensaarp-2030-e-inaceitavel-que-bloqueie-o-acesso-a-fundos-comunitarios-a-72-dos-municipios\/","og_site_name":"Portal Institucional","article_publisher":"https:\/\/www.facebook.com\/ANMP.PT","article_published_time":"2024-03-05T15:56:37+00:00","article_modified_time":"2024-03-05T16:07:58+00:00","author":"rcardoso","twitter_card":"summary_large_image","schema":{"@context":"https:\/\/schema.org","@graph":[{"@type":"Article","@id":"https:\/\/anmp.pt\/pensaarp-2030-e-inaceitavel-que-bloqueie-o-acesso-a-fundos-comunitarios-a-72-dos-municipios\/#article","isPartOf":{"@id":"https:\/\/anmp.pt\/pensaarp-2030-e-inaceitavel-que-bloqueie-o-acesso-a-fundos-comunitarios-a-72-dos-municipios\/"},"author":{"name":"rcardoso","@id":"https:\/\/anmp.pt\/#\/schema\/person\/a0337e09ca769892f1f73b1cd9872f15"},"headline":"(Portugu\u00eas) PENSAARP 2030: \u201c\u00c9 inaceit\u00e1vel que bloqueie o acesso a fundos comunit\u00e1rios a 72% dos munic\u00edpios\u201d","datePublished":"2024-03-05T15:56:37+00:00","dateModified":"2024-03-05T16:07:58+00:00","mainEntityOfPage":{"@id":"https:\/\/anmp.pt\/pensaarp-2030-e-inaceitavel-que-bloqueie-o-acesso-a-fundos-comunitarios-a-72-dos-municipios\/"},"wordCount":423,"publisher":{"@id":"https:\/\/anmp.pt\/#organization"},"articleSection":["Atualidade-2024"],"inLanguage":"en-US"},{"@type":"WebPage","@id":"https:\/\/anmp.pt\/pensaarp-2030-e-inaceitavel-que-bloqueie-o-acesso-a-fundos-comunitarios-a-72-dos-municipios\/","url":"https:\/\/anmp.pt\/pensaarp-2030-e-inaceitavel-que-bloqueie-o-acesso-a-fundos-comunitarios-a-72-dos-municipios\/","name":"[:pt]PENSAARP 2030: \u201c\u00c9 inaceit\u00e1vel que bloqueie o acesso a fundos comunit\u00e1rios a 72% dos munic\u00edpios\u201d[:] - Portal Institucional","isPartOf":{"@id":"https:\/\/anmp.pt\/#website"},"datePublished":"2024-03-05T15:56:37+00:00","dateModified":"2024-03-05T16:07:58+00:00","breadcrumb":{"@id":"https:\/\/anmp.pt\/pensaarp-2030-e-inaceitavel-que-bloqueie-o-acesso-a-fundos-comunitarios-a-72-dos-municipios\/#breadcrumb"},"inLanguage":"en-US","potentialAction":[{"@type":"ReadAction","target":["https:\/\/anmp.pt\/pensaarp-2030-e-inaceitavel-que-bloqueie-o-acesso-a-fundos-comunitarios-a-72-dos-municipios\/"]}]},{"@type":"BreadcrumbList","@id":"https:\/\/anmp.pt\/pensaarp-2030-e-inaceitavel-que-bloqueie-o-acesso-a-fundos-comunitarios-a-72-dos-municipios\/#breadcrumb","itemListElement":[{"@type":"ListItem","position":1,"name":"In\u00edcio","item":"https:\/\/anmp.pt\/"},{"@type":"ListItem","position":2,"name":"PENSAARP 2030: \u201c\u00c9 inaceit\u00e1vel que bloqueie o acesso a fundos comunit\u00e1rios a 72% dos munic\u00edpios\u201d"}]},{"@type":"WebSite","@id":"https:\/\/anmp.pt\/#website","url":"https:\/\/anmp.pt\/","name":"Associa\u00e7\u00e3o Nacional de Munic\u00edpios Portugueses","description":"Portal Institucional","publisher":{"@id":"https:\/\/anmp.pt\/#organization"},"potentialAction":[{"@type":"SearchAction","target":{"@type":"EntryPoint","urlTemplate":"https:\/\/anmp.pt\/?s={search_term_string}"},"query-input":{"@type":"PropertyValueSpecification","valueRequired":true,"valueName":"search_term_string"}}],"inLanguage":"en-US"},{"@type":"Organization","@id":"https:\/\/anmp.pt\/#organization","name":"Associa\u00e7\u00e3o Nacional de Munic\u00edpios Portugueses","url":"https:\/\/anmp.pt\/","logo":{"@type":"ImageObject","inLanguage":"en-US","@id":"https:\/\/anmp.pt\/#\/schema\/logo\/image\/","url":"https:\/\/anmp.pt\/wp-content\/uploads\/2020\/06\/logo980400.png","contentUrl":"https:\/\/anmp.pt\/wp-content\/uploads\/2020\/06\/logo980400.png","width":980,"height":400,"caption":"Associa\u00e7\u00e3o Nacional de Munic\u00edpios Portugueses"},"image":{"@id":"https:\/\/anmp.pt\/#\/schema\/logo\/image\/"},"sameAs":["https:\/\/www.facebook.com\/ANMP.PT"]},{"@type":"Person","@id":"https:\/\/anmp.pt\/#\/schema\/person\/a0337e09ca769892f1f73b1cd9872f15","name":"rcardoso","image":{"@type":"ImageObject","inLanguage":"en-US","@id":"https:\/\/anmp.pt\/#\/schema\/person\/image\/","url":"https:\/\/secure.gravatar.com\/avatar\/d3f9903b40fa86ab2675f7d88d4b1dec?s=96&d=mm&r=g","contentUrl":"https:\/\/secure.gravatar.com\/avatar\/d3f9903b40fa86ab2675f7d88d4b1dec?s=96&d=mm&r=g","caption":"rcardoso"}}]}},"_links":{"self":[{"href":"https:\/\/anmp.pt\/en\/wp-json\/wp\/v2\/posts\/63061","targetHints":{"allow":["GET"]}}],"collection":[{"href":"https:\/\/anmp.pt\/en\/wp-json\/wp\/v2\/posts"}],"about":[{"href":"https:\/\/anmp.pt\/en\/wp-json\/wp\/v2\/types\/post"}],"author":[{"embeddable":true,"href":"https:\/\/anmp.pt\/en\/wp-json\/wp\/v2\/users\/719"}],"replies":[{"embeddable":true,"href":"https:\/\/anmp.pt\/en\/wp-json\/wp\/v2\/comments?post=63061"}],"version-history":[{"count":0,"href":"https:\/\/anmp.pt\/en\/wp-json\/wp\/v2\/posts\/63061\/revisions"}],"wp:attachment":[{"href":"https:\/\/anmp.pt\/en\/wp-json\/wp\/v2\/media?parent=63061"}],"wp:term":[{"taxonomy":"category","embeddable":true,"href":"https:\/\/anmp.pt\/en\/wp-json\/wp\/v2\/categories?post=63061"},{"taxonomy":"post_tag","embeddable":true,"href":"https:\/\/anmp.pt\/en\/wp-json\/wp\/v2\/tags?post=63061"}],"curies":[{"name":"wp","href":"https:\/\/api.w.org\/{rel}","templated":true}]}}