{"id":63628,"date":"2024-04-23T11:46:56","date_gmt":"2024-04-23T10:46:56","guid":{"rendered":"https:\/\/anmp.pt\/?p=63628"},"modified":"2024-05-17T17:48:03","modified_gmt":"2024-05-17T16:48:03","slug":"international-conference-on-municipal-associativism-and-european-challenges","status":"publish","type":"post","link":"https:\/\/anmp.pt\/en\/international-conference-on-municipal-associativism-and-european-challenges\/","title":{"rendered":"(Portugu\u00eas) International Conference on Municipal Associativism and European Challenges"},"content":{"rendered":"<p class=\"qtranxs-available-languages-message qtranxs-available-languages-message-en\">Sorry, this entry is only available in <a href=\"https:\/\/anmp.pt\/pt\/wp-json\/wp\/v2\/posts\/63628\" class=\"qtranxs-available-language-link qtranxs-available-language-link-pt\" title=\"Portugu\u00eas\">Portugu\u00eas<\/a>.<\/p><p><strong>WHEN?\u00a0\u00a0\u00a0\u00a0\u00a0\u00a0\u00a0\u00a0\u00a0\u00a0\u00a0\u00a0\u00a0\u00a0\u00a0\u00a0\u00a0\u00a0\u00a0\u00a0\u00a0\u00a0\u00a0\u00a0\u00a0\u00a0\u00a0\u00a0\u00a0\u00a0\u00a0\u00a0\u00a0\u00a0\u00a0\u00a0\u00a0\u00a0\u00a0\u00a0\u00a0\u00a0\u00a0\u00a0\u00a0\u00a0\u00a0\u00a0\u00a0\u00a0\u00a0\u00a0\u00a0\u00a0\u00a0\u00a0\u00a0\u00a0\u00a0 WHERE?<\/strong>:<small> [<a href=\"https:\/\/maps.app.goo.gl\/vbynmzh7fwd1k3mB6\" target=\"_blank\" rel=\"noopener\">40.20363026405408, -8.435999986505811<\/a>]<\/small><\/p>\n<p>20.MAY.2024\u00a0\u00a0\u00a0\u00a0\u00a0\u00a0\u00a0\u00a0\u00a0\u00a0\u00a0\u00a0\u00a0\u00a0\u00a0\u00a0\u00a0\u00a0\u00a0\u00a0\u00a0\u00a0\u00a0\u00a0\u00a0\u00a0\u00a0\u00a0\u00a0\u00a0\u00a0\u00a0\u00a0\u00a0\u00a0\u00a0\u00a0\u00a0\u00a0\u00a0\u00a0\u00a0\u00a0\u00a0\u00a0\u00a0\u00a0 Coimbra (Portugal) &#8211; Convento S\u00e3o Francisco<\/p>\n<p>&nbsp;<\/p>\n<p>&nbsp;<\/p>\n<p><strong>WHY?<\/strong><\/p>\n<p>Celebration of the 40th Anniversary of National Association of Portuguese Municipalities<\/p>\n<p>&nbsp;<\/p>\n<p><strong>WHAT?<\/strong><\/p>\n<p><strong>INTERNATIONAL CONFERENCE ON MUNICIPAL ASSOCIATIVISM AND EUROPEAN CHALLENGES<\/strong><\/p>\n<p>Together local elected and associations of European municipalities with CCRE\/CEMR, Committee of Regions and European Commission will discuss &#8220;The role of municipal associations in the face of current European challenges,&#8221;: We want this conference to be an opportunity to strengthen international cooperation between local authorities, promote democratic values, share experiences, and address common challenges in the face of growing threats to democracy and democratic institutions.<\/p>\n<p>&nbsp;<\/p>\n<p><strong>KEY TOPICS<\/strong><\/p>\n<p>Local and European democracy and democratic institutions; European Green Deal; Digital transition; demographic and social challenges; economy, social justice, and jobs; EU in the world and the 2030 Agenda for Sustainable Development; European Charter of Local Self-Government; Local and Regional Authorities as Actors and Guarantors of the Rule of Law; European security and defence; education, culture, youth, and sport; EU legislation fit for local and regional needs.<\/p>\n<p>&nbsp;<\/p>\n<p><strong>LANGUAGES\/INTERPRETATION<\/strong><\/p>\n<p>English and Portuguese<\/p>\n<p>&nbsp;<\/p>\n<p><strong>Looking forward to seeing you in Coimbra and jointly celebrate local democracy as a pillar of European democracy!<\/strong><\/p>\n<p><strong>REGISTRATION: <\/strong><a href=\"https:\/\/www.anmp.pt\/anmp\/pro\/eve2\/eve2401f.php?xeve=40AN&amp;sido=MUN&amp;xlang=EN&amp;xins=INT&amp;xmov=NEW&amp;xweve=8c24117e4df1445ce12b42332bda1729\">Here<\/a><strong><br \/>\n<\/strong><\/p>\n<p><strong>PROGRAMME: [ <a href=\"https:\/\/anmp.pt\/wp-content\/uploads\/2024\/05\/Programa-ENG.pdf\">EN<\/a> | <a href=\"https:\/\/anmp.pt\/wp-content\/uploads\/2024\/05\/Programa-ESP.pdf\">ES<\/a> |\u00a0<a href=\"https:\/\/anmp.pt\/wp-content\/uploads\/2024\/05\/Programa-FR.pdf\">FR<\/a> | <a href=\"https:\/\/anmp.pt\/wp-content\/uploads\/2024\/05\/Programa-IT.pdf\">IT<\/a> ]<\/strong><\/p>\n<p><a href=\"https:\/\/anmp.pt\/wp-content\/uploads\/2024\/04\/ARRIVING-IN-COIMBRA.pdf\">ARRIVING IN COIMBRA<\/a><\/p>\n<hr \/>\n<p><small>(c) &#8211; Galeria de fotos com todos os direitos reservados: Convento S\u00e3o Francisco | Jo\u00e3o Duarte <\/small><\/p>","protected":false},"excerpt":{"rendered":"<p>Sorry, this entry is only available in Portugu\u00eas.WHEN?\u00a0\u00a0\u00a0\u00a0\u00a0\u00a0\u00a0\u00a0\u00a0\u00a0\u00a0\u00a0\u00a0\u00a0\u00a0\u00a0\u00a0\u00a0\u00a0\u00a0\u00a0\u00a0\u00a0\u00a0\u00a0\u00a0\u00a0\u00a0\u00a0\u00a0\u00a0\u00a0\u00a0\u00a0\u00a0\u00a0\u00a0\u00a0\u00a0\u00a0\u00a0\u00a0\u00a0\u00a0\u00a0\u00a0\u00a0\u00a0\u00a0\u00a0\u00a0\u00a0\u00a0\u00a0\u00a0\u00a0\u00a0\u00a0\u00a0 WHERE?: [40.20363026405408, -8.435999986505811] 20.MAY.2024\u00a0\u00a0\u00a0\u00a0\u00a0\u00a0\u00a0\u00a0\u00a0\u00a0\u00a0\u00a0\u00a0\u00a0\u00a0\u00a0\u00a0\u00a0\u00a0\u00a0\u00a0\u00a0\u00a0\u00a0\u00a0\u00a0\u00a0\u00a0\u00a0\u00a0\u00a0\u00a0\u00a0\u00a0\u00a0\u00a0\u00a0\u00a0\u00a0\u00a0\u00a0\u00a0\u00a0\u00a0\u00a0\u00a0\u00a0 Coimbra (Portugal) &#8211; Convento S\u00e3o Francisco &nbsp; &nbsp; WHY? Celebration of the 40th Anniversary of National Association of Portuguese Municipalities &nbsp; WHAT? INTERNATIONAL CONFERENCE ON MUNICIPAL ASSOCIATIVISM AND EUROPEAN CHALLENGES Together local elected and associations of European municipalities with CCRE\/CEMR, Committee of Regions [&hellip;]<\/p>\n","protected":false},"author":34,"featured_media":0,"comment_status":"closed","ping_status":"open","sticky":false,"template":"","format":"standard","meta":{"_acf_changed":false,"_exactmetrics_skip_tracking":false,"_exactmetrics_sitenote_active":false,"_exactmetrics_sitenote_note":"","_exactmetrics_sitenote_category":0,"footnotes":""},"categories":[1748],"tags":[],"class_list":["post-63628","post","type-post","status-publish","format-standard","hentry","category-atualidade-2024"],"acf":[],"yoast_head":"<!-- This site is optimized with the Yoast SEO plugin v23.9 - https:\/\/yoast.com\/wordpress\/plugins\/seo\/ -->\n<title><\/title>\n<meta name=\"robots\" content=\"index, follow, max-snippet:-1, max-image-preview:large, max-video-preview:-1\" \/>\n<link rel=\"canonical\" href=\"https:\/\/anmp.pt\/international-conference-on-municipal-associativism-and-european-challenges\/\" \/>\n<meta property=\"og:locale\" content=\"en_US\" \/>\n<meta property=\"og:type\" content=\"article\" \/>\n<meta property=\"og:title\" content=\"[:pt]International Conference on Municipal Associativism and European Challenges[:] - Portal Institucional\" \/>\n<meta property=\"og:description\" content=\"Sorry, this entry is only available in Portugu\u00eas.WHEN?\u00a0\u00a0\u00a0\u00a0\u00a0\u00a0\u00a0\u00a0\u00a0\u00a0\u00a0\u00a0\u00a0\u00a0\u00a0\u00a0\u00a0\u00a0\u00a0\u00a0\u00a0\u00a0\u00a0\u00a0\u00a0\u00a0\u00a0\u00a0\u00a0\u00a0\u00a0\u00a0\u00a0\u00a0\u00a0\u00a0\u00a0\u00a0\u00a0\u00a0\u00a0\u00a0\u00a0\u00a0\u00a0\u00a0\u00a0\u00a0\u00a0\u00a0\u00a0\u00a0\u00a0\u00a0\u00a0\u00a0\u00a0\u00a0\u00a0 WHERE?: [40.20363026405408, -8.435999986505811] 20.MAY.2024\u00a0\u00a0\u00a0\u00a0\u00a0\u00a0\u00a0\u00a0\u00a0\u00a0\u00a0\u00a0\u00a0\u00a0\u00a0\u00a0\u00a0\u00a0\u00a0\u00a0\u00a0\u00a0\u00a0\u00a0\u00a0\u00a0\u00a0\u00a0\u00a0\u00a0\u00a0\u00a0\u00a0\u00a0\u00a0\u00a0\u00a0\u00a0\u00a0\u00a0\u00a0\u00a0\u00a0\u00a0\u00a0\u00a0\u00a0 Coimbra (Portugal) &#8211; Convento S\u00e3o Francisco &nbsp; &nbsp; WHY? Celebration of the 40th Anniversary of National Association of Portuguese Municipalities &nbsp; WHAT? INTERNATIONAL CONFERENCE ON MUNICIPAL ASSOCIATIVISM AND EUROPEAN CHALLENGES Together local elected and associations of European municipalities with CCRE\/CEMR, Committee of Regions [&hellip;]\" \/>\n<meta property=\"og:url\" content=\"https:\/\/anmp.pt\/international-conference-on-municipal-associativism-and-european-challenges\/\" \/>\n<meta property=\"og:site_name\" content=\"Portal Institucional\" \/>\n<meta property=\"article:publisher\" content=\"https:\/\/www.facebook.com\/ANMP.PT\" \/>\n<meta property=\"article:published_time\" content=\"2024-04-23T10:46:56+00:00\" \/>\n<meta property=\"article:modified_time\" content=\"2024-05-17T16:48:03+00:00\" \/>\n<meta name=\"author\" content=\"Aristides Carvalho\" \/>\n<meta name=\"twitter:card\" content=\"summary_large_image\" \/>\n<script type=\"application\/ld+json\" class=\"yoast-schema-graph\">{\"@context\":\"https:\/\/schema.org\",\"@graph\":[{\"@type\":\"Article\",\"@id\":\"https:\/\/anmp.pt\/international-conference-on-municipal-associativism-and-european-challenges\/#article\",\"isPartOf\":{\"@id\":\"https:\/\/anmp.pt\/international-conference-on-municipal-associativism-and-european-challenges\/\"},\"author\":{\"name\":\"Aristides Carvalho\",\"@id\":\"https:\/\/anmp.pt\/#\/schema\/person\/3e31ab197fc4b592367ad60b3dff1290\"},\"headline\":\"(Portugu\u00eas) International Conference on Municipal Associativism and European Challenges\",\"datePublished\":\"2024-04-23T10:46:56+00:00\",\"dateModified\":\"2024-05-17T16:48:03+00:00\",\"mainEntityOfPage\":{\"@id\":\"https:\/\/anmp.pt\/international-conference-on-municipal-associativism-and-european-challenges\/\"},\"wordCount\":232,\"publisher\":{\"@id\":\"https:\/\/anmp.pt\/#organization\"},\"articleSection\":[\"Atualidade-2024\"],\"inLanguage\":\"en-US\"},{\"@type\":\"WebPage\",\"@id\":\"https:\/\/anmp.pt\/international-conference-on-municipal-associativism-and-european-challenges\/\",\"url\":\"https:\/\/anmp.pt\/international-conference-on-municipal-associativism-and-european-challenges\/\",\"name\":\"[:pt]International Conference on Municipal Associativism and European Challenges[:] - Portal Institucional\",\"isPartOf\":{\"@id\":\"https:\/\/anmp.pt\/#website\"},\"datePublished\":\"2024-04-23T10:46:56+00:00\",\"dateModified\":\"2024-05-17T16:48:03+00:00\",\"breadcrumb\":{\"@id\":\"https:\/\/anmp.pt\/international-conference-on-municipal-associativism-and-european-challenges\/#breadcrumb\"},\"inLanguage\":\"en-US\",\"potentialAction\":[{\"@type\":\"ReadAction\",\"target\":[\"https:\/\/anmp.pt\/international-conference-on-municipal-associativism-and-european-challenges\/\"]}]},{\"@type\":\"BreadcrumbList\",\"@id\":\"https:\/\/anmp.pt\/international-conference-on-municipal-associativism-and-european-challenges\/#breadcrumb\",\"itemListElement\":[{\"@type\":\"ListItem\",\"position\":1,\"name\":\"In\u00edcio\",\"item\":\"https:\/\/anmp.pt\/\"},{\"@type\":\"ListItem\",\"position\":2,\"name\":\"International Conference on Municipal Associativism and European Challenges\"}]},{\"@type\":\"WebSite\",\"@id\":\"https:\/\/anmp.pt\/#website\",\"url\":\"https:\/\/anmp.pt\/\",\"name\":\"Associa\u00e7\u00e3o Nacional de Munic\u00edpios Portugueses\",\"description\":\"Portal Institucional\",\"publisher\":{\"@id\":\"https:\/\/anmp.pt\/#organization\"},\"potentialAction\":[{\"@type\":\"SearchAction\",\"target\":{\"@type\":\"EntryPoint\",\"urlTemplate\":\"https:\/\/anmp.pt\/?s={search_term_string}\"},\"query-input\":{\"@type\":\"PropertyValueSpecification\",\"valueRequired\":true,\"valueName\":\"search_term_string\"}}],\"inLanguage\":\"en-US\"},{\"@type\":\"Organization\",\"@id\":\"https:\/\/anmp.pt\/#organization\",\"name\":\"Associa\u00e7\u00e3o Nacional de Munic\u00edpios Portugueses\",\"url\":\"https:\/\/anmp.pt\/\",\"logo\":{\"@type\":\"ImageObject\",\"inLanguage\":\"en-US\",\"@id\":\"https:\/\/anmp.pt\/#\/schema\/logo\/image\/\",\"url\":\"https:\/\/anmp.pt\/wp-content\/uploads\/2020\/06\/logo980400.png\",\"contentUrl\":\"https:\/\/anmp.pt\/wp-content\/uploads\/2020\/06\/logo980400.png\",\"width\":980,\"height\":400,\"caption\":\"Associa\u00e7\u00e3o Nacional de Munic\u00edpios Portugueses\"},\"image\":{\"@id\":\"https:\/\/anmp.pt\/#\/schema\/logo\/image\/\"},\"sameAs\":[\"https:\/\/www.facebook.com\/ANMP.PT\"]},{\"@type\":\"Person\",\"@id\":\"https:\/\/anmp.pt\/#\/schema\/person\/3e31ab197fc4b592367ad60b3dff1290\",\"name\":\"Aristides Carvalho\",\"image\":{\"@type\":\"ImageObject\",\"inLanguage\":\"en-US\",\"@id\":\"https:\/\/anmp.pt\/#\/schema\/person\/image\/\",\"url\":\"https:\/\/secure.gravatar.com\/avatar\/b27ae6c145f7c02bcfc86e34bcfc4a53?s=96&d=mm&r=g\",\"contentUrl\":\"https:\/\/secure.gravatar.com\/avatar\/b27ae6c145f7c02bcfc86e34bcfc4a53?s=96&d=mm&r=g\",\"caption\":\"Aristides Carvalho\"}}]}<\/script>\n<!-- \/ Yoast SEO plugin. -->","yoast_head_json":{"title":"[:pt]International Conference on Municipal Associativism and European Challenges[:] - Portal Institucional","robots":{"index":"index","follow":"follow","max-snippet":"max-snippet:-1","max-image-preview":"max-image-preview:large","max-video-preview":"max-video-preview:-1"},"canonical":"https:\/\/anmp.pt\/international-conference-on-municipal-associativism-and-european-challenges\/","og_locale":"en_US","og_type":"article","og_title":"[:pt]International Conference on Municipal Associativism and European Challenges[:] - Portal Institucional","og_description":"Sorry, this entry is only available in Portugu\u00eas.WHEN?\u00a0\u00a0\u00a0\u00a0\u00a0\u00a0\u00a0\u00a0\u00a0\u00a0\u00a0\u00a0\u00a0\u00a0\u00a0\u00a0\u00a0\u00a0\u00a0\u00a0\u00a0\u00a0\u00a0\u00a0\u00a0\u00a0\u00a0\u00a0\u00a0\u00a0\u00a0\u00a0\u00a0\u00a0\u00a0\u00a0\u00a0\u00a0\u00a0\u00a0\u00a0\u00a0\u00a0\u00a0\u00a0\u00a0\u00a0\u00a0\u00a0\u00a0\u00a0\u00a0\u00a0\u00a0\u00a0\u00a0\u00a0\u00a0\u00a0 WHERE?: [40.20363026405408, -8.435999986505811] 20.MAY.2024\u00a0\u00a0\u00a0\u00a0\u00a0\u00a0\u00a0\u00a0\u00a0\u00a0\u00a0\u00a0\u00a0\u00a0\u00a0\u00a0\u00a0\u00a0\u00a0\u00a0\u00a0\u00a0\u00a0\u00a0\u00a0\u00a0\u00a0\u00a0\u00a0\u00a0\u00a0\u00a0\u00a0\u00a0\u00a0\u00a0\u00a0\u00a0\u00a0\u00a0\u00a0\u00a0\u00a0\u00a0\u00a0\u00a0\u00a0 Coimbra (Portugal) &#8211; Convento S\u00e3o Francisco &nbsp; &nbsp; WHY? Celebration of the 40th Anniversary of National Association of Portuguese Municipalities &nbsp; WHAT? INTERNATIONAL CONFERENCE ON MUNICIPAL ASSOCIATIVISM AND EUROPEAN CHALLENGES Together local elected and associations of European municipalities with CCRE\/CEMR, Committee of Regions [&hellip;]","og_url":"https:\/\/anmp.pt\/international-conference-on-municipal-associativism-and-european-challenges\/","og_site_name":"Portal Institucional","article_publisher":"https:\/\/www.facebook.com\/ANMP.PT","article_published_time":"2024-04-23T10:46:56+00:00","article_modified_time":"2024-05-17T16:48:03+00:00","author":"Aristides Carvalho","twitter_card":"summary_large_image","schema":{"@context":"https:\/\/schema.org","@graph":[{"@type":"Article","@id":"https:\/\/anmp.pt\/international-conference-on-municipal-associativism-and-european-challenges\/#article","isPartOf":{"@id":"https:\/\/anmp.pt\/international-conference-on-municipal-associativism-and-european-challenges\/"},"author":{"name":"Aristides Carvalho","@id":"https:\/\/anmp.pt\/#\/schema\/person\/3e31ab197fc4b592367ad60b3dff1290"},"headline":"(Portugu\u00eas) International Conference on Municipal Associativism and European Challenges","datePublished":"2024-04-23T10:46:56+00:00","dateModified":"2024-05-17T16:48:03+00:00","mainEntityOfPage":{"@id":"https:\/\/anmp.pt\/international-conference-on-municipal-associativism-and-european-challenges\/"},"wordCount":232,"publisher":{"@id":"https:\/\/anmp.pt\/#organization"},"articleSection":["Atualidade-2024"],"inLanguage":"en-US"},{"@type":"WebPage","@id":"https:\/\/anmp.pt\/international-conference-on-municipal-associativism-and-european-challenges\/","url":"https:\/\/anmp.pt\/international-conference-on-municipal-associativism-and-european-challenges\/","name":"[:pt]International Conference on Municipal Associativism and European Challenges[:] - Portal Institucional","isPartOf":{"@id":"https:\/\/anmp.pt\/#website"},"datePublished":"2024-04-23T10:46:56+00:00","dateModified":"2024-05-17T16:48:03+00:00","breadcrumb":{"@id":"https:\/\/anmp.pt\/international-conference-on-municipal-associativism-and-european-challenges\/#breadcrumb"},"inLanguage":"en-US","potentialAction":[{"@type":"ReadAction","target":["https:\/\/anmp.pt\/international-conference-on-municipal-associativism-and-european-challenges\/"]}]},{"@type":"BreadcrumbList","@id":"https:\/\/anmp.pt\/international-conference-on-municipal-associativism-and-european-challenges\/#breadcrumb","itemListElement":[{"@type":"ListItem","position":1,"name":"In\u00edcio","item":"https:\/\/anmp.pt\/"},{"@type":"ListItem","position":2,"name":"International Conference on Municipal Associativism and European Challenges"}]},{"@type":"WebSite","@id":"https:\/\/anmp.pt\/#website","url":"https:\/\/anmp.pt\/","name":"Associa\u00e7\u00e3o Nacional de Munic\u00edpios Portugueses","description":"Portal Institucional","publisher":{"@id":"https:\/\/anmp.pt\/#organization"},"potentialAction":[{"@type":"SearchAction","target":{"@type":"EntryPoint","urlTemplate":"https:\/\/anmp.pt\/?s={search_term_string}"},"query-input":{"@type":"PropertyValueSpecification","valueRequired":true,"valueName":"search_term_string"}}],"inLanguage":"en-US"},{"@type":"Organization","@id":"https:\/\/anmp.pt\/#organization","name":"Associa\u00e7\u00e3o Nacional de Munic\u00edpios Portugueses","url":"https:\/\/anmp.pt\/","logo":{"@type":"ImageObject","inLanguage":"en-US","@id":"https:\/\/anmp.pt\/#\/schema\/logo\/image\/","url":"https:\/\/anmp.pt\/wp-content\/uploads\/2020\/06\/logo980400.png","contentUrl":"https:\/\/anmp.pt\/wp-content\/uploads\/2020\/06\/logo980400.png","width":980,"height":400,"caption":"Associa\u00e7\u00e3o Nacional de Munic\u00edpios Portugueses"},"image":{"@id":"https:\/\/anmp.pt\/#\/schema\/logo\/image\/"},"sameAs":["https:\/\/www.facebook.com\/ANMP.PT"]},{"@type":"Person","@id":"https:\/\/anmp.pt\/#\/schema\/person\/3e31ab197fc4b592367ad60b3dff1290","name":"Aristides Carvalho","image":{"@type":"ImageObject","inLanguage":"en-US","@id":"https:\/\/anmp.pt\/#\/schema\/person\/image\/","url":"https:\/\/secure.gravatar.com\/avatar\/b27ae6c145f7c02bcfc86e34bcfc4a53?s=96&d=mm&r=g","contentUrl":"https:\/\/secure.gravatar.com\/avatar\/b27ae6c145f7c02bcfc86e34bcfc4a53?s=96&d=mm&r=g","caption":"Aristides Carvalho"}}]}},"_links":{"self":[{"href":"https:\/\/anmp.pt\/en\/wp-json\/wp\/v2\/posts\/63628","targetHints":{"allow":["GET"]}}],"collection":[{"href":"https:\/\/anmp.pt\/en\/wp-json\/wp\/v2\/posts"}],"about":[{"href":"https:\/\/anmp.pt\/en\/wp-json\/wp\/v2\/types\/post"}],"author":[{"embeddable":true,"href":"https:\/\/anmp.pt\/en\/wp-json\/wp\/v2\/users\/34"}],"replies":[{"embeddable":true,"href":"https:\/\/anmp.pt\/en\/wp-json\/wp\/v2\/comments?post=63628"}],"version-history":[{"count":0,"href":"https:\/\/anmp.pt\/en\/wp-json\/wp\/v2\/posts\/63628\/revisions"}],"wp:attachment":[{"href":"https:\/\/anmp.pt\/en\/wp-json\/wp\/v2\/media?parent=63628"}],"wp:term":[{"taxonomy":"category","embeddable":true,"href":"https:\/\/anmp.pt\/en\/wp-json\/wp\/v2\/categories?post=63628"},{"taxonomy":"post_tag","embeddable":true,"href":"https:\/\/anmp.pt\/en\/wp-json\/wp\/v2\/tags?post=63628"}],"curies":[{"name":"wp","href":"https:\/\/api.w.org\/{rel}","templated":true}]}}