{"id":66145,"date":"2024-09-16T16:02:47","date_gmt":"2024-09-16T15:02:47","guid":{"rendered":"https:\/\/anmp.pt\/?p=66145"},"modified":"2024-09-21T09:44:08","modified_gmt":"2024-09-21T08:44:08","slug":"vamos-construir-uma-janelabrancapelapaz","status":"publish","type":"post","link":"https:\/\/anmp.pt\/en\/vamos-construir-uma-janelabrancapelapaz\/","title":{"rendered":"(Portugu\u00eas) Vamos construir uma #JanelaBrancaPelaPaz"},"content":{"rendered":"<p class=\"qtranxs-available-languages-message qtranxs-available-languages-message-en\">Sorry, this entry is only available in <a href=\"https:\/\/anmp.pt\/pt\/wp-json\/wp\/v2\/posts\/66145\" class=\"qtranxs-available-language-link qtranxs-available-language-link-pt\" title=\"Portugu\u00eas\">Portugu\u00eas<\/a>.<\/p><p><\/p>\n<p style=\"text-align: justify;\"><strong>No Dia Internacional da Paz, assinalado no s\u00e1bado, 21 de setembro<\/strong>, as Na\u00e7\u00f5es Unidas e a UNICEF Portugal uniram-se na <strong>iniciativa #JanelaBrancaPelaPaz<\/strong>, desafiando todas as pessoas e entidades a decorarem, nesse dia, a sua janela com uma pe\u00e7a branca para evocar a import\u00e2ncia da Paz e mostrar solidariedade com quem vive em situa\u00e7\u00e3o de guerra ou de conflito.<\/p>\n<p style=\"text-align: justify;\">As Na\u00e7\u00f5es Unidas desafiaram a Associa\u00e7\u00e3o Nacional de Munic\u00edpios Portugueses (ANMP) a associar-se a este movimento #JanelaBrancaPelaPaz, que visa unir as pessoas em torno de um s\u00edmbolo universal de esperan\u00e7a e de solidariedade: a bandeira branca. Por isso, <strong>no dia 21 de setembro, o poder da Paz tamb\u00e9m est\u00e1 na janela da ANMP, na sede, em Coimbra<\/strong>.<\/p>\n<p style=\"text-align: justify;\">Neste \u00e2mbito,<strong> todos os munic\u00edpios do nosso pa\u00eds foram convidados a aderir a esta #JanelaBrancaPelaPaz<\/strong>. Para participar basta pendurar um pano branco numa janela da C\u00e2mara Municipal. Conforme referem as Na\u00e7\u00f5es Unidas, este pano pode ser um len\u00e7ol, uma bandeira, uma toalha ou qualquer outro artigo que represente um apelo conjunto \u00e0 cultura da Paz.<\/p>\n<p style=\"text-align: justify;\">A iniciativa pretende ainda criar uma <strong>corrente online de solidariedade<\/strong>, pelo que todos os participantes nesta iniciativa poder\u00e3o partilhar uma fotografia ou v\u00eddeo da sua Janela Branca Pela Paz, identificando a conta do <strong>Instagram da @JanelaBrancaPelaPaz e o hashtag #JanelaBrancaPelaPaz<\/strong>. Quem n\u00e3o tiver Instagram, pode partilhar em qualquer outra rede social.<\/p>\n<p><div style=\"width: 240px;\" class=\"wp-video\"><!--[if lt IE 9]><script>document.createElement('video');<\/script><![endif]-->\n<video class=\"wp-video-shortcode\" id=\"video-66145-1\" width=\"240\" height=\"424\" preload=\"metadata\" controls=\"controls\"><source type=\"video\/mp4\" src=\"https:\/\/anmp.pt\/wp-content\/uploads\/2024\/09\/VID-2409-PAZ.mp4?_=1\" \/><a href=\"https:\/\/anmp.pt\/wp-content\/uploads\/2024\/09\/VID-2409-PAZ.mp4\">https:\/\/anmp.pt\/wp-content\/uploads\/2024\/09\/VID-2409-PAZ.mp4<\/a><\/video><\/div><\/p>","protected":false},"excerpt":{"rendered":"<p>Sorry, this entry is only available in Portugu\u00eas. No Dia Internacional da Paz, assinalado no s\u00e1bado, 21 de setembro, as Na\u00e7\u00f5es Unidas e a UNICEF Portugal uniram-se na iniciativa #JanelaBrancaPelaPaz, desafiando todas as pessoas e entidades a decorarem, nesse dia, a sua janela com uma pe\u00e7a branca para evocar a import\u00e2ncia da Paz e mostrar [&hellip;]<\/p>\n","protected":false},"author":34,"featured_media":0,"comment_status":"closed","ping_status":"open","sticky":false,"template":"","format":"standard","meta":{"_acf_changed":false,"_exactmetrics_skip_tracking":false,"_exactmetrics_sitenote_active":false,"_exactmetrics_sitenote_note":"","_exactmetrics_sitenote_category":0,"footnotes":""},"categories":[1748],"tags":[],"class_list":["post-66145","post","type-post","status-publish","format-standard","hentry","category-atualidade-2024"],"acf":[],"yoast_head":"<!-- This site is optimized with the Yoast SEO plugin v23.9 - https:\/\/yoast.com\/wordpress\/plugins\/seo\/ -->\n<title><\/title>\n<meta name=\"robots\" content=\"index, follow, max-snippet:-1, max-image-preview:large, max-video-preview:-1\" \/>\n<link rel=\"canonical\" href=\"https:\/\/anmp.pt\/vamos-construir-uma-janelabrancapelapaz\/\" \/>\n<meta property=\"og:locale\" content=\"en_US\" \/>\n<meta property=\"og:type\" content=\"article\" \/>\n<meta property=\"og:title\" content=\"[:pt]Vamos construir uma #JanelaBrancaPelaPaz[:] - Portal Institucional\" \/>\n<meta property=\"og:description\" content=\"Sorry, this entry is only available in Portugu\u00eas. No Dia Internacional da Paz, assinalado no s\u00e1bado, 21 de setembro, as Na\u00e7\u00f5es Unidas e a UNICEF Portugal uniram-se na iniciativa #JanelaBrancaPelaPaz, desafiando todas as pessoas e entidades a decorarem, nesse dia, a sua janela com uma pe\u00e7a branca para evocar a import\u00e2ncia da Paz e mostrar [&hellip;]\" \/>\n<meta property=\"og:url\" content=\"https:\/\/anmp.pt\/vamos-construir-uma-janelabrancapelapaz\/\" \/>\n<meta property=\"og:site_name\" content=\"Portal Institucional\" \/>\n<meta property=\"article:publisher\" content=\"https:\/\/www.facebook.com\/ANMP.PT\" \/>\n<meta property=\"article:published_time\" content=\"2024-09-16T15:02:47+00:00\" \/>\n<meta property=\"article:modified_time\" content=\"2024-09-21T08:44:08+00:00\" \/>\n<meta name=\"author\" content=\"Aristides Carvalho\" \/>\n<meta name=\"twitter:card\" content=\"summary_large_image\" \/>\n<script type=\"application\/ld+json\" class=\"yoast-schema-graph\">{\"@context\":\"https:\/\/schema.org\",\"@graph\":[{\"@type\":\"Article\",\"@id\":\"https:\/\/anmp.pt\/vamos-construir-uma-janelabrancapelapaz\/#article\",\"isPartOf\":{\"@id\":\"https:\/\/anmp.pt\/vamos-construir-uma-janelabrancapelapaz\/\"},\"author\":{\"name\":\"Aristides Carvalho\",\"@id\":\"https:\/\/anmp.pt\/#\/schema\/person\/3e31ab197fc4b592367ad60b3dff1290\"},\"headline\":\"(Portugu\u00eas) Vamos construir uma #JanelaBrancaPelaPaz\",\"datePublished\":\"2024-09-16T15:02:47+00:00\",\"dateModified\":\"2024-09-21T08:44:08+00:00\",\"mainEntityOfPage\":{\"@id\":\"https:\/\/anmp.pt\/vamos-construir-uma-janelabrancapelapaz\/\"},\"wordCount\":256,\"publisher\":{\"@id\":\"https:\/\/anmp.pt\/#organization\"},\"articleSection\":[\"Atualidade-2024\"],\"inLanguage\":\"en-US\"},{\"@type\":\"WebPage\",\"@id\":\"https:\/\/anmp.pt\/vamos-construir-uma-janelabrancapelapaz\/\",\"url\":\"https:\/\/anmp.pt\/vamos-construir-uma-janelabrancapelapaz\/\",\"name\":\"[:pt]Vamos construir uma #JanelaBrancaPelaPaz[:] - Portal Institucional\",\"isPartOf\":{\"@id\":\"https:\/\/anmp.pt\/#website\"},\"datePublished\":\"2024-09-16T15:02:47+00:00\",\"dateModified\":\"2024-09-21T08:44:08+00:00\",\"breadcrumb\":{\"@id\":\"https:\/\/anmp.pt\/vamos-construir-uma-janelabrancapelapaz\/#breadcrumb\"},\"inLanguage\":\"en-US\",\"potentialAction\":[{\"@type\":\"ReadAction\",\"target\":[\"https:\/\/anmp.pt\/vamos-construir-uma-janelabrancapelapaz\/\"]}]},{\"@type\":\"BreadcrumbList\",\"@id\":\"https:\/\/anmp.pt\/vamos-construir-uma-janelabrancapelapaz\/#breadcrumb\",\"itemListElement\":[{\"@type\":\"ListItem\",\"position\":1,\"name\":\"In\u00edcio\",\"item\":\"https:\/\/anmp.pt\/\"},{\"@type\":\"ListItem\",\"position\":2,\"name\":\"Vamos construir uma #JanelaBrancaPelaPaz\"}]},{\"@type\":\"WebSite\",\"@id\":\"https:\/\/anmp.pt\/#website\",\"url\":\"https:\/\/anmp.pt\/\",\"name\":\"Associa\u00e7\u00e3o Nacional de Munic\u00edpios Portugueses\",\"description\":\"Portal Institucional\",\"publisher\":{\"@id\":\"https:\/\/anmp.pt\/#organization\"},\"potentialAction\":[{\"@type\":\"SearchAction\",\"target\":{\"@type\":\"EntryPoint\",\"urlTemplate\":\"https:\/\/anmp.pt\/?s={search_term_string}\"},\"query-input\":{\"@type\":\"PropertyValueSpecification\",\"valueRequired\":true,\"valueName\":\"search_term_string\"}}],\"inLanguage\":\"en-US\"},{\"@type\":\"Organization\",\"@id\":\"https:\/\/anmp.pt\/#organization\",\"name\":\"Associa\u00e7\u00e3o Nacional de Munic\u00edpios Portugueses\",\"url\":\"https:\/\/anmp.pt\/\",\"logo\":{\"@type\":\"ImageObject\",\"inLanguage\":\"en-US\",\"@id\":\"https:\/\/anmp.pt\/#\/schema\/logo\/image\/\",\"url\":\"https:\/\/anmp.pt\/wp-content\/uploads\/2020\/06\/logo980400.png\",\"contentUrl\":\"https:\/\/anmp.pt\/wp-content\/uploads\/2020\/06\/logo980400.png\",\"width\":980,\"height\":400,\"caption\":\"Associa\u00e7\u00e3o Nacional de Munic\u00edpios Portugueses\"},\"image\":{\"@id\":\"https:\/\/anmp.pt\/#\/schema\/logo\/image\/\"},\"sameAs\":[\"https:\/\/www.facebook.com\/ANMP.PT\"]},{\"@type\":\"Person\",\"@id\":\"https:\/\/anmp.pt\/#\/schema\/person\/3e31ab197fc4b592367ad60b3dff1290\",\"name\":\"Aristides Carvalho\",\"image\":{\"@type\":\"ImageObject\",\"inLanguage\":\"en-US\",\"@id\":\"https:\/\/anmp.pt\/#\/schema\/person\/image\/\",\"url\":\"https:\/\/secure.gravatar.com\/avatar\/b27ae6c145f7c02bcfc86e34bcfc4a53?s=96&d=mm&r=g\",\"contentUrl\":\"https:\/\/secure.gravatar.com\/avatar\/b27ae6c145f7c02bcfc86e34bcfc4a53?s=96&d=mm&r=g\",\"caption\":\"Aristides Carvalho\"}}]}<\/script>\n<!-- \/ Yoast SEO plugin. -->","yoast_head_json":{"title":"[:pt]Vamos construir uma #JanelaBrancaPelaPaz[:] - Portal Institucional","robots":{"index":"index","follow":"follow","max-snippet":"max-snippet:-1","max-image-preview":"max-image-preview:large","max-video-preview":"max-video-preview:-1"},"canonical":"https:\/\/anmp.pt\/vamos-construir-uma-janelabrancapelapaz\/","og_locale":"en_US","og_type":"article","og_title":"[:pt]Vamos construir uma #JanelaBrancaPelaPaz[:] - Portal Institucional","og_description":"Sorry, this entry is only available in Portugu\u00eas. No Dia Internacional da Paz, assinalado no s\u00e1bado, 21 de setembro, as Na\u00e7\u00f5es Unidas e a UNICEF Portugal uniram-se na iniciativa #JanelaBrancaPelaPaz, desafiando todas as pessoas e entidades a decorarem, nesse dia, a sua janela com uma pe\u00e7a branca para evocar a import\u00e2ncia da Paz e mostrar [&hellip;]","og_url":"https:\/\/anmp.pt\/vamos-construir-uma-janelabrancapelapaz\/","og_site_name":"Portal Institucional","article_publisher":"https:\/\/www.facebook.com\/ANMP.PT","article_published_time":"2024-09-16T15:02:47+00:00","article_modified_time":"2024-09-21T08:44:08+00:00","author":"Aristides Carvalho","twitter_card":"summary_large_image","schema":{"@context":"https:\/\/schema.org","@graph":[{"@type":"Article","@id":"https:\/\/anmp.pt\/vamos-construir-uma-janelabrancapelapaz\/#article","isPartOf":{"@id":"https:\/\/anmp.pt\/vamos-construir-uma-janelabrancapelapaz\/"},"author":{"name":"Aristides Carvalho","@id":"https:\/\/anmp.pt\/#\/schema\/person\/3e31ab197fc4b592367ad60b3dff1290"},"headline":"(Portugu\u00eas) Vamos construir uma #JanelaBrancaPelaPaz","datePublished":"2024-09-16T15:02:47+00:00","dateModified":"2024-09-21T08:44:08+00:00","mainEntityOfPage":{"@id":"https:\/\/anmp.pt\/vamos-construir-uma-janelabrancapelapaz\/"},"wordCount":256,"publisher":{"@id":"https:\/\/anmp.pt\/#organization"},"articleSection":["Atualidade-2024"],"inLanguage":"en-US"},{"@type":"WebPage","@id":"https:\/\/anmp.pt\/vamos-construir-uma-janelabrancapelapaz\/","url":"https:\/\/anmp.pt\/vamos-construir-uma-janelabrancapelapaz\/","name":"[:pt]Vamos construir uma #JanelaBrancaPelaPaz[:] - Portal Institucional","isPartOf":{"@id":"https:\/\/anmp.pt\/#website"},"datePublished":"2024-09-16T15:02:47+00:00","dateModified":"2024-09-21T08:44:08+00:00","breadcrumb":{"@id":"https:\/\/anmp.pt\/vamos-construir-uma-janelabrancapelapaz\/#breadcrumb"},"inLanguage":"en-US","potentialAction":[{"@type":"ReadAction","target":["https:\/\/anmp.pt\/vamos-construir-uma-janelabrancapelapaz\/"]}]},{"@type":"BreadcrumbList","@id":"https:\/\/anmp.pt\/vamos-construir-uma-janelabrancapelapaz\/#breadcrumb","itemListElement":[{"@type":"ListItem","position":1,"name":"In\u00edcio","item":"https:\/\/anmp.pt\/"},{"@type":"ListItem","position":2,"name":"Vamos construir uma #JanelaBrancaPelaPaz"}]},{"@type":"WebSite","@id":"https:\/\/anmp.pt\/#website","url":"https:\/\/anmp.pt\/","name":"Associa\u00e7\u00e3o Nacional de Munic\u00edpios Portugueses","description":"Portal Institucional","publisher":{"@id":"https:\/\/anmp.pt\/#organization"},"potentialAction":[{"@type":"SearchAction","target":{"@type":"EntryPoint","urlTemplate":"https:\/\/anmp.pt\/?s={search_term_string}"},"query-input":{"@type":"PropertyValueSpecification","valueRequired":true,"valueName":"search_term_string"}}],"inLanguage":"en-US"},{"@type":"Organization","@id":"https:\/\/anmp.pt\/#organization","name":"Associa\u00e7\u00e3o Nacional de Munic\u00edpios Portugueses","url":"https:\/\/anmp.pt\/","logo":{"@type":"ImageObject","inLanguage":"en-US","@id":"https:\/\/anmp.pt\/#\/schema\/logo\/image\/","url":"https:\/\/anmp.pt\/wp-content\/uploads\/2020\/06\/logo980400.png","contentUrl":"https:\/\/anmp.pt\/wp-content\/uploads\/2020\/06\/logo980400.png","width":980,"height":400,"caption":"Associa\u00e7\u00e3o Nacional de Munic\u00edpios Portugueses"},"image":{"@id":"https:\/\/anmp.pt\/#\/schema\/logo\/image\/"},"sameAs":["https:\/\/www.facebook.com\/ANMP.PT"]},{"@type":"Person","@id":"https:\/\/anmp.pt\/#\/schema\/person\/3e31ab197fc4b592367ad60b3dff1290","name":"Aristides Carvalho","image":{"@type":"ImageObject","inLanguage":"en-US","@id":"https:\/\/anmp.pt\/#\/schema\/person\/image\/","url":"https:\/\/secure.gravatar.com\/avatar\/b27ae6c145f7c02bcfc86e34bcfc4a53?s=96&d=mm&r=g","contentUrl":"https:\/\/secure.gravatar.com\/avatar\/b27ae6c145f7c02bcfc86e34bcfc4a53?s=96&d=mm&r=g","caption":"Aristides Carvalho"}}]}},"_links":{"self":[{"href":"https:\/\/anmp.pt\/en\/wp-json\/wp\/v2\/posts\/66145","targetHints":{"allow":["GET"]}}],"collection":[{"href":"https:\/\/anmp.pt\/en\/wp-json\/wp\/v2\/posts"}],"about":[{"href":"https:\/\/anmp.pt\/en\/wp-json\/wp\/v2\/types\/post"}],"author":[{"embeddable":true,"href":"https:\/\/anmp.pt\/en\/wp-json\/wp\/v2\/users\/34"}],"replies":[{"embeddable":true,"href":"https:\/\/anmp.pt\/en\/wp-json\/wp\/v2\/comments?post=66145"}],"version-history":[{"count":0,"href":"https:\/\/anmp.pt\/en\/wp-json\/wp\/v2\/posts\/66145\/revisions"}],"wp:attachment":[{"href":"https:\/\/anmp.pt\/en\/wp-json\/wp\/v2\/media?parent=66145"}],"wp:term":[{"taxonomy":"category","embeddable":true,"href":"https:\/\/anmp.pt\/en\/wp-json\/wp\/v2\/categories?post=66145"},{"taxonomy":"post_tag","embeddable":true,"href":"https:\/\/anmp.pt\/en\/wp-json\/wp\/v2\/tags?post=66145"}],"curies":[{"name":"wp","href":"https:\/\/api.w.org\/{rel}","templated":true}]}}