{"id":66276,"date":"2024-09-20T16:42:36","date_gmt":"2024-09-20T15:42:36","guid":{"rendered":"https:\/\/anmp.pt\/?p=66276"},"modified":"2024-09-20T16:42:36","modified_gmt":"2024-09-20T15:42:36","slug":"seccao-de-municipios-para-os-ods-em-reuniao-plenaria-na-madeira","status":"publish","type":"post","link":"https:\/\/anmp.pt\/en\/seccao-de-municipios-para-os-ods-em-reuniao-plenaria-na-madeira\/","title":{"rendered":"(Portugu\u00eas) Sec\u00e7\u00e3o de Munic\u00edpios para os ODS em reuni\u00e3o plen\u00e1ria na Madeira"},"content":{"rendered":"<p class=\"qtranxs-available-languages-message qtranxs-available-languages-message-en\">Sorry, this entry is only available in <a href=\"https:\/\/anmp.pt\/pt\/wp-json\/wp\/v2\/posts\/66276\" class=\"qtranxs-available-language-link qtranxs-available-language-link-pt\" title=\"Portugu\u00eas\">Portugu\u00eas<\/a>.<\/p><p>A Sec\u00e7\u00e3o de Munic\u00edpios para os Objetivos de Desenvolvimento Sustent\u00e1vel (ODS) da Associa\u00e7\u00e3o Nacional de Munic\u00edpios Portugueses (ANMP) est\u00e1 hoje a realizar a sua reuni\u00e3o plen\u00e1ria em C\u00e2mara de Lobos, na Madeira.<br \/>\nEsta reuni\u00e3o plen\u00e1ria, aberta pelo presidente da C\u00e2mara Municipal de C\u00e2mara de Lobos, Leonel Silva, e pelo presidente da Mesa da Sec\u00e7\u00e3o, V\u00edtor Aleixo, est\u00e1 a debater o compromisso deste munic\u00edpio com os ODS, numa perspetiva de transi\u00e7\u00e3o verde e digital, sustentabilidade, bem como de estrat\u00e9gia local de habita\u00e7\u00e3o.<br \/>\nNeste encontro debate-se tamb\u00e9m a arquitetura sustent\u00e1vel e o rumo de sustentabilidade da Regi\u00e3o Aut\u00f3noma da Madeira, especialmente as mat\u00e9rias relacionadas com a Reserva da Biosfera da Ilha de Porto Santo e a rela\u00e7\u00e3o da sustentabilidade da Regi\u00e3o com o Pacto Ecol\u00f3gico Europeu.<br \/>\n<\/p>","protected":false},"excerpt":{"rendered":"<p>Sorry, this entry is only available in Portugu\u00eas.A Sec\u00e7\u00e3o de Munic\u00edpios para os Objetivos de Desenvolvimento Sustent\u00e1vel (ODS) da Associa\u00e7\u00e3o Nacional de Munic\u00edpios Portugueses (ANMP) est\u00e1 hoje a realizar a sua reuni\u00e3o plen\u00e1ria em C\u00e2mara de Lobos, na Madeira. Esta reuni\u00e3o plen\u00e1ria, aberta pelo presidente da C\u00e2mara Municipal de C\u00e2mara de Lobos, Leonel Silva, e [&hellip;]<\/p>\n","protected":false},"author":719,"featured_media":0,"comment_status":"closed","ping_status":"open","sticky":false,"template":"","format":"standard","meta":{"_acf_changed":false,"_exactmetrics_skip_tracking":false,"_exactmetrics_sitenote_active":false,"_exactmetrics_sitenote_note":"","_exactmetrics_sitenote_category":0,"footnotes":""},"categories":[1748],"tags":[],"class_list":["post-66276","post","type-post","status-publish","format-standard","hentry","category-atualidade-2024"],"acf":[],"yoast_head":"<!-- This site is optimized with the Yoast SEO plugin v23.9 - https:\/\/yoast.com\/wordpress\/plugins\/seo\/ -->\n<title><\/title>\n<meta name=\"robots\" content=\"index, follow, max-snippet:-1, max-image-preview:large, max-video-preview:-1\" \/>\n<link rel=\"canonical\" href=\"https:\/\/anmp.pt\/seccao-de-municipios-para-os-ods-em-reuniao-plenaria-na-madeira\/\" \/>\n<meta property=\"og:locale\" content=\"en_US\" \/>\n<meta property=\"og:type\" content=\"article\" \/>\n<meta property=\"og:title\" content=\"[:pt]Sec\u00e7\u00e3o de Munic\u00edpios para os ODS em reuni\u00e3o plen\u00e1ria na Madeira[:] - Portal Institucional\" \/>\n<meta property=\"og:description\" content=\"Sorry, this entry is only available in Portugu\u00eas.A Sec\u00e7\u00e3o de Munic\u00edpios para os Objetivos de Desenvolvimento Sustent\u00e1vel (ODS) da Associa\u00e7\u00e3o Nacional de Munic\u00edpios Portugueses (ANMP) est\u00e1 hoje a realizar a sua reuni\u00e3o plen\u00e1ria em C\u00e2mara de Lobos, na Madeira. Esta reuni\u00e3o plen\u00e1ria, aberta pelo presidente da C\u00e2mara Municipal de C\u00e2mara de Lobos, Leonel Silva, e [&hellip;]\" \/>\n<meta property=\"og:url\" content=\"https:\/\/anmp.pt\/seccao-de-municipios-para-os-ods-em-reuniao-plenaria-na-madeira\/\" \/>\n<meta property=\"og:site_name\" content=\"Portal Institucional\" \/>\n<meta property=\"article:publisher\" content=\"https:\/\/www.facebook.com\/ANMP.PT\" \/>\n<meta property=\"article:published_time\" content=\"2024-09-20T15:42:36+00:00\" \/>\n<meta name=\"author\" content=\"rcardoso\" \/>\n<meta name=\"twitter:card\" content=\"summary_large_image\" \/>\n<script type=\"application\/ld+json\" class=\"yoast-schema-graph\">{\"@context\":\"https:\/\/schema.org\",\"@graph\":[{\"@type\":\"Article\",\"@id\":\"https:\/\/anmp.pt\/seccao-de-municipios-para-os-ods-em-reuniao-plenaria-na-madeira\/#article\",\"isPartOf\":{\"@id\":\"https:\/\/anmp.pt\/seccao-de-municipios-para-os-ods-em-reuniao-plenaria-na-madeira\/\"},\"author\":{\"name\":\"rcardoso\",\"@id\":\"https:\/\/anmp.pt\/#\/schema\/person\/a0337e09ca769892f1f73b1cd9872f15\"},\"headline\":\"(Portugu\u00eas) Sec\u00e7\u00e3o de Munic\u00edpios para os ODS em reuni\u00e3o plen\u00e1ria na Madeira\",\"datePublished\":\"2024-09-20T15:42:36+00:00\",\"dateModified\":\"2024-09-20T15:42:36+00:00\",\"mainEntityOfPage\":{\"@id\":\"https:\/\/anmp.pt\/seccao-de-municipios-para-os-ods-em-reuniao-plenaria-na-madeira\/\"},\"wordCount\":167,\"publisher\":{\"@id\":\"https:\/\/anmp.pt\/#organization\"},\"articleSection\":[\"Atualidade-2024\"],\"inLanguage\":\"en-US\"},{\"@type\":\"WebPage\",\"@id\":\"https:\/\/anmp.pt\/seccao-de-municipios-para-os-ods-em-reuniao-plenaria-na-madeira\/\",\"url\":\"https:\/\/anmp.pt\/seccao-de-municipios-para-os-ods-em-reuniao-plenaria-na-madeira\/\",\"name\":\"[:pt]Sec\u00e7\u00e3o de Munic\u00edpios para os ODS em reuni\u00e3o plen\u00e1ria na Madeira[:] - Portal Institucional\",\"isPartOf\":{\"@id\":\"https:\/\/anmp.pt\/#website\"},\"datePublished\":\"2024-09-20T15:42:36+00:00\",\"dateModified\":\"2024-09-20T15:42:36+00:00\",\"breadcrumb\":{\"@id\":\"https:\/\/anmp.pt\/seccao-de-municipios-para-os-ods-em-reuniao-plenaria-na-madeira\/#breadcrumb\"},\"inLanguage\":\"en-US\",\"potentialAction\":[{\"@type\":\"ReadAction\",\"target\":[\"https:\/\/anmp.pt\/seccao-de-municipios-para-os-ods-em-reuniao-plenaria-na-madeira\/\"]}]},{\"@type\":\"BreadcrumbList\",\"@id\":\"https:\/\/anmp.pt\/seccao-de-municipios-para-os-ods-em-reuniao-plenaria-na-madeira\/#breadcrumb\",\"itemListElement\":[{\"@type\":\"ListItem\",\"position\":1,\"name\":\"In\u00edcio\",\"item\":\"https:\/\/anmp.pt\/\"},{\"@type\":\"ListItem\",\"position\":2,\"name\":\"Sec\u00e7\u00e3o de Munic\u00edpios para os ODS em reuni\u00e3o plen\u00e1ria na Madeira\"}]},{\"@type\":\"WebSite\",\"@id\":\"https:\/\/anmp.pt\/#website\",\"url\":\"https:\/\/anmp.pt\/\",\"name\":\"Associa\u00e7\u00e3o Nacional de Munic\u00edpios Portugueses\",\"description\":\"Portal Institucional\",\"publisher\":{\"@id\":\"https:\/\/anmp.pt\/#organization\"},\"potentialAction\":[{\"@type\":\"SearchAction\",\"target\":{\"@type\":\"EntryPoint\",\"urlTemplate\":\"https:\/\/anmp.pt\/?s={search_term_string}\"},\"query-input\":{\"@type\":\"PropertyValueSpecification\",\"valueRequired\":true,\"valueName\":\"search_term_string\"}}],\"inLanguage\":\"en-US\"},{\"@type\":\"Organization\",\"@id\":\"https:\/\/anmp.pt\/#organization\",\"name\":\"Associa\u00e7\u00e3o Nacional de Munic\u00edpios Portugueses\",\"url\":\"https:\/\/anmp.pt\/\",\"logo\":{\"@type\":\"ImageObject\",\"inLanguage\":\"en-US\",\"@id\":\"https:\/\/anmp.pt\/#\/schema\/logo\/image\/\",\"url\":\"https:\/\/anmp.pt\/wp-content\/uploads\/2020\/06\/logo980400.png\",\"contentUrl\":\"https:\/\/anmp.pt\/wp-content\/uploads\/2020\/06\/logo980400.png\",\"width\":980,\"height\":400,\"caption\":\"Associa\u00e7\u00e3o Nacional de Munic\u00edpios Portugueses\"},\"image\":{\"@id\":\"https:\/\/anmp.pt\/#\/schema\/logo\/image\/\"},\"sameAs\":[\"https:\/\/www.facebook.com\/ANMP.PT\"]},{\"@type\":\"Person\",\"@id\":\"https:\/\/anmp.pt\/#\/schema\/person\/a0337e09ca769892f1f73b1cd9872f15\",\"name\":\"rcardoso\",\"image\":{\"@type\":\"ImageObject\",\"inLanguage\":\"en-US\",\"@id\":\"https:\/\/anmp.pt\/#\/schema\/person\/image\/\",\"url\":\"https:\/\/secure.gravatar.com\/avatar\/d3f9903b40fa86ab2675f7d88d4b1dec?s=96&d=mm&r=g\",\"contentUrl\":\"https:\/\/secure.gravatar.com\/avatar\/d3f9903b40fa86ab2675f7d88d4b1dec?s=96&d=mm&r=g\",\"caption\":\"rcardoso\"}}]}<\/script>\n<!-- \/ Yoast SEO plugin. -->","yoast_head_json":{"title":"[:pt]Sec\u00e7\u00e3o de Munic\u00edpios para os ODS em reuni\u00e3o plen\u00e1ria na Madeira[:] - Portal Institucional","robots":{"index":"index","follow":"follow","max-snippet":"max-snippet:-1","max-image-preview":"max-image-preview:large","max-video-preview":"max-video-preview:-1"},"canonical":"https:\/\/anmp.pt\/seccao-de-municipios-para-os-ods-em-reuniao-plenaria-na-madeira\/","og_locale":"en_US","og_type":"article","og_title":"[:pt]Sec\u00e7\u00e3o de Munic\u00edpios para os ODS em reuni\u00e3o plen\u00e1ria na Madeira[:] - Portal Institucional","og_description":"Sorry, this entry is only available in Portugu\u00eas.A Sec\u00e7\u00e3o de Munic\u00edpios para os Objetivos de Desenvolvimento Sustent\u00e1vel (ODS) da Associa\u00e7\u00e3o Nacional de Munic\u00edpios Portugueses (ANMP) est\u00e1 hoje a realizar a sua reuni\u00e3o plen\u00e1ria em C\u00e2mara de Lobos, na Madeira. Esta reuni\u00e3o plen\u00e1ria, aberta pelo presidente da C\u00e2mara Municipal de C\u00e2mara de Lobos, Leonel Silva, e [&hellip;]","og_url":"https:\/\/anmp.pt\/seccao-de-municipios-para-os-ods-em-reuniao-plenaria-na-madeira\/","og_site_name":"Portal Institucional","article_publisher":"https:\/\/www.facebook.com\/ANMP.PT","article_published_time":"2024-09-20T15:42:36+00:00","author":"rcardoso","twitter_card":"summary_large_image","schema":{"@context":"https:\/\/schema.org","@graph":[{"@type":"Article","@id":"https:\/\/anmp.pt\/seccao-de-municipios-para-os-ods-em-reuniao-plenaria-na-madeira\/#article","isPartOf":{"@id":"https:\/\/anmp.pt\/seccao-de-municipios-para-os-ods-em-reuniao-plenaria-na-madeira\/"},"author":{"name":"rcardoso","@id":"https:\/\/anmp.pt\/#\/schema\/person\/a0337e09ca769892f1f73b1cd9872f15"},"headline":"(Portugu\u00eas) Sec\u00e7\u00e3o de Munic\u00edpios para os ODS em reuni\u00e3o plen\u00e1ria na Madeira","datePublished":"2024-09-20T15:42:36+00:00","dateModified":"2024-09-20T15:42:36+00:00","mainEntityOfPage":{"@id":"https:\/\/anmp.pt\/seccao-de-municipios-para-os-ods-em-reuniao-plenaria-na-madeira\/"},"wordCount":167,"publisher":{"@id":"https:\/\/anmp.pt\/#organization"},"articleSection":["Atualidade-2024"],"inLanguage":"en-US"},{"@type":"WebPage","@id":"https:\/\/anmp.pt\/seccao-de-municipios-para-os-ods-em-reuniao-plenaria-na-madeira\/","url":"https:\/\/anmp.pt\/seccao-de-municipios-para-os-ods-em-reuniao-plenaria-na-madeira\/","name":"[:pt]Sec\u00e7\u00e3o de Munic\u00edpios para os ODS em reuni\u00e3o plen\u00e1ria na Madeira[:] - Portal Institucional","isPartOf":{"@id":"https:\/\/anmp.pt\/#website"},"datePublished":"2024-09-20T15:42:36+00:00","dateModified":"2024-09-20T15:42:36+00:00","breadcrumb":{"@id":"https:\/\/anmp.pt\/seccao-de-municipios-para-os-ods-em-reuniao-plenaria-na-madeira\/#breadcrumb"},"inLanguage":"en-US","potentialAction":[{"@type":"ReadAction","target":["https:\/\/anmp.pt\/seccao-de-municipios-para-os-ods-em-reuniao-plenaria-na-madeira\/"]}]},{"@type":"BreadcrumbList","@id":"https:\/\/anmp.pt\/seccao-de-municipios-para-os-ods-em-reuniao-plenaria-na-madeira\/#breadcrumb","itemListElement":[{"@type":"ListItem","position":1,"name":"In\u00edcio","item":"https:\/\/anmp.pt\/"},{"@type":"ListItem","position":2,"name":"Sec\u00e7\u00e3o de Munic\u00edpios para os ODS em reuni\u00e3o plen\u00e1ria na Madeira"}]},{"@type":"WebSite","@id":"https:\/\/anmp.pt\/#website","url":"https:\/\/anmp.pt\/","name":"Associa\u00e7\u00e3o Nacional de Munic\u00edpios Portugueses","description":"Portal Institucional","publisher":{"@id":"https:\/\/anmp.pt\/#organization"},"potentialAction":[{"@type":"SearchAction","target":{"@type":"EntryPoint","urlTemplate":"https:\/\/anmp.pt\/?s={search_term_string}"},"query-input":{"@type":"PropertyValueSpecification","valueRequired":true,"valueName":"search_term_string"}}],"inLanguage":"en-US"},{"@type":"Organization","@id":"https:\/\/anmp.pt\/#organization","name":"Associa\u00e7\u00e3o Nacional de Munic\u00edpios Portugueses","url":"https:\/\/anmp.pt\/","logo":{"@type":"ImageObject","inLanguage":"en-US","@id":"https:\/\/anmp.pt\/#\/schema\/logo\/image\/","url":"https:\/\/anmp.pt\/wp-content\/uploads\/2020\/06\/logo980400.png","contentUrl":"https:\/\/anmp.pt\/wp-content\/uploads\/2020\/06\/logo980400.png","width":980,"height":400,"caption":"Associa\u00e7\u00e3o Nacional de Munic\u00edpios Portugueses"},"image":{"@id":"https:\/\/anmp.pt\/#\/schema\/logo\/image\/"},"sameAs":["https:\/\/www.facebook.com\/ANMP.PT"]},{"@type":"Person","@id":"https:\/\/anmp.pt\/#\/schema\/person\/a0337e09ca769892f1f73b1cd9872f15","name":"rcardoso","image":{"@type":"ImageObject","inLanguage":"en-US","@id":"https:\/\/anmp.pt\/#\/schema\/person\/image\/","url":"https:\/\/secure.gravatar.com\/avatar\/d3f9903b40fa86ab2675f7d88d4b1dec?s=96&d=mm&r=g","contentUrl":"https:\/\/secure.gravatar.com\/avatar\/d3f9903b40fa86ab2675f7d88d4b1dec?s=96&d=mm&r=g","caption":"rcardoso"}}]}},"_links":{"self":[{"href":"https:\/\/anmp.pt\/en\/wp-json\/wp\/v2\/posts\/66276","targetHints":{"allow":["GET"]}}],"collection":[{"href":"https:\/\/anmp.pt\/en\/wp-json\/wp\/v2\/posts"}],"about":[{"href":"https:\/\/anmp.pt\/en\/wp-json\/wp\/v2\/types\/post"}],"author":[{"embeddable":true,"href":"https:\/\/anmp.pt\/en\/wp-json\/wp\/v2\/users\/719"}],"replies":[{"embeddable":true,"href":"https:\/\/anmp.pt\/en\/wp-json\/wp\/v2\/comments?post=66276"}],"version-history":[{"count":0,"href":"https:\/\/anmp.pt\/en\/wp-json\/wp\/v2\/posts\/66276\/revisions"}],"wp:attachment":[{"href":"https:\/\/anmp.pt\/en\/wp-json\/wp\/v2\/media?parent=66276"}],"wp:term":[{"taxonomy":"category","embeddable":true,"href":"https:\/\/anmp.pt\/en\/wp-json\/wp\/v2\/categories?post=66276"},{"taxonomy":"post_tag","embeddable":true,"href":"https:\/\/anmp.pt\/en\/wp-json\/wp\/v2\/tags?post=66276"}],"curies":[{"name":"wp","href":"https:\/\/api.w.org\/{rel}","templated":true}]}}