{"id":66620,"date":"2024-10-15T17:00:17","date_gmt":"2024-10-15T16:00:17","guid":{"rendered":"https:\/\/anmp.pt\/?p=66620"},"modified":"2024-10-15T17:03:42","modified_gmt":"2024-10-15T16:03:42","slug":"anmp-recebeu-delegacao-de-bombeiros-sapadores","status":"publish","type":"post","link":"https:\/\/anmp.pt\/en\/anmp-recebeu-delegacao-de-bombeiros-sapadores\/","title":{"rendered":"(Portugu\u00eas) ANMP recebeu Delega\u00e7\u00e3o de Bombeiros Sapadores"},"content":{"rendered":"<p class=\"qtranxs-available-languages-message qtranxs-available-languages-message-en\">Sorry, this entry is only available in <a href=\"https:\/\/anmp.pt\/pt\/wp-json\/wp\/v2\/posts\/66620\" class=\"qtranxs-available-language-link qtranxs-available-language-link-pt\" title=\"Portugu\u00eas\">Portugu\u00eas<\/a>.<\/p><p><\/p>\n<p style=\"text-align: justify\">A ANMP recebeu uma delega\u00e7\u00e3o representativa de um grupo de bombeiros sapadores que esta manh\u00e3 se reuniram numa vigil\u00e2ncia junto \u00e0 sede da Associa\u00e7\u00e3o, em Coimbra, no \u00e2mbito da luta nacional que t\u00eam em curso.<\/p>\n<p style=\"text-align: justify\">Em representa\u00e7\u00e3o dos sapadores, Jaime Correia, Jos\u00e9 Antunes e H\u00e9lio Ferreira, apresentaram as reivindica\u00e7\u00f5es dos bombeiros sapadores, como a carreira, a remunera\u00e7\u00e3o e os riscos para a sa\u00fade pessoal.<\/p>\n<p style=\"text-align: justify\">Pela ANMP, a Presidente Lu\u00edsa Salgueiro e os membros do Conselho Diretivo presidentes Marco Martins, Rog\u00e9rio Bacalhau e Fernando Queiroga, e o Secret\u00e1rio-Geral Rui Solheiro, asseguraram que as preocupa\u00e7\u00f5es dos sapadores s\u00e3o tamb\u00e9m as da Associa\u00e7\u00e3o.<\/p>\n<p style=\"text-align: justify\">Lu\u00edsa Salgueiro referiu que as reivindica\u00e7\u00f5es dos bombeiros sapadores correspondem \u00e0s propostas da ANMP que constam de um projeto de reforma entregue ao Governo numa reuni\u00e3o em junho passado.<\/p>\n<p style=\"text-align: justify\">A ANMP ainda deixou a garantia que se vai empenhar nas negocia\u00e7\u00f5es pol\u00edticas no \u00e2mbito do Or\u00e7amento do Estado 2025 e fora dele se for preciso para alcan\u00e7ar as medidas necess\u00e1rias para o setor.<\/p>\n<p style=\"text-align: justify\"><strong>ERSAR apresenta situa\u00e7\u00e3o dos res\u00edduos<\/strong><\/p>\n<p style=\"text-align: justify\">Esta rece\u00e7\u00e3o decorreu ap\u00f3s o Conselho Diretivo da ANMP ter reunido com a ERSAR. Em debate, neste encontro pedido pela entidade reguladora, estiveram um conjunto de mat\u00e9rias, sobretudo a problem\u00e1tica dos res\u00edduos, designadamente as tarifas do servi\u00e7o em alta, os valores de contrapartida e os encargos dos consumidores.<\/p>\n<p style=\"text-align: justify\">A Associa\u00e7\u00e3o manifestou a sua preocupa\u00e7\u00e3o pelo facto dos valores propostos pelo projeto de despacho, para al\u00e9m de n\u00e3o cobrirem todos os custos, como deveriam de acordo com a responsabilidade alargada do produtor definida no PERSU2030, serem inferiores aos que constavam no projeto de despacho de 2023.<\/p>\n<p style=\"text-align: justify\">Esta redu\u00e7\u00e3o face a 2023 n\u00e3o tem fundamenta\u00e7\u00e3o, \u00e9 contr\u00e1ria ao definido na legisla\u00e7\u00e3o, n\u00e3o respeita o princ\u00edpio da responsabilidade alargada do produtor e compromete um setor de res\u00edduos transparente e sustent\u00e1vel, prejudicando a reciclagem e a economia<\/p>\n<p style=\"text-align: justify\">circular, para al\u00e9m de repercutir indevidamente os custos nos munic\u00edpios e nas popula\u00e7\u00f5es.<\/p>\n<p style=\"text-align: justify\"><strong>OE2025 cumpre LFL mas ainda carece de an\u00e1lise<\/strong><\/p>\n<p style=\"text-align: justify\">Entretanto, na reuni\u00e3o de Conselho Diretivo, que tamb\u00e9m decorreu hoje, a ANMP analisou, entre outros assuntos, a proposta de Or\u00e7amento do Estado para 2025, tendo considerado que \u201ccumpre na transfer\u00eancia de verbas prevista para as autarquias\u201d, \u201ccumpre a Lei das Finan\u00e7as Locais\u201d, assim como a proposta de \u201cnenhum munic\u00edpio receber menos do que no ano passado [2024] e cobrir pelo menos a taxa de infla\u00e7\u00e3o de 2023, que \u00e9 o ano que est\u00e1 em causa\u201d.<\/p>\n<p style=\"text-align: justify\">A presidente Lu\u00edsa Salgueiro recordou que a taxa de infla\u00e7\u00e3o em 2023 foi de 4,3% e que a proposta do Governo apresenta \u201cum m\u00ednimo de 4,8%, cumprindo aquilo que era defendido pelos munic\u00edpios, acrescentando que \u201ch\u00e1 tamb\u00e9m um aumento de 11,2% do Fundo de Financiamento da Descentraliza\u00e7\u00e3o.<\/p>\n<p style=\"text-align: justify\">Em termos gerais, s\u00e3o respondidas v\u00e1rias reivindica\u00e7\u00f5es da Associa\u00e7\u00e3o, mas outras n\u00e3o s\u00e3o atendidas, pelo que \u201ca ANMP est\u00e1 ainda a fazer uma an\u00e1lise mais detalhada e aprofundada de todos os pontos\u201d, remetendo um parecer relativo ao OE2025 para o final deste m\u00eas.<\/p>\n<p><\/p>","protected":false},"excerpt":{"rendered":"<p>Sorry, this entry is only available in Portugu\u00eas. A ANMP recebeu uma delega\u00e7\u00e3o representativa de um grupo de bombeiros sapadores que esta manh\u00e3 se reuniram numa vigil\u00e2ncia junto \u00e0 sede da Associa\u00e7\u00e3o, em Coimbra, no \u00e2mbito da luta nacional que t\u00eam em curso. Em representa\u00e7\u00e3o dos sapadores, Jaime Correia, Jos\u00e9 Antunes e H\u00e9lio Ferreira, apresentaram [&hellip;]<\/p>\n","protected":false},"author":719,"featured_media":0,"comment_status":"closed","ping_status":"open","sticky":false,"template":"","format":"standard","meta":{"_acf_changed":false,"_exactmetrics_skip_tracking":false,"_exactmetrics_sitenote_active":false,"_exactmetrics_sitenote_note":"","_exactmetrics_sitenote_category":0,"footnotes":""},"categories":[1748],"tags":[],"class_list":["post-66620","post","type-post","status-publish","format-standard","hentry","category-atualidade-2024"],"acf":[],"yoast_head":"<!-- This site is optimized with the Yoast SEO plugin v23.9 - https:\/\/yoast.com\/wordpress\/plugins\/seo\/ -->\n<title><\/title>\n<meta name=\"robots\" content=\"index, follow, max-snippet:-1, max-image-preview:large, max-video-preview:-1\" \/>\n<link rel=\"canonical\" href=\"https:\/\/anmp.pt\/anmp-recebeu-delegacao-de-bombeiros-sapadores\/\" \/>\n<meta property=\"og:locale\" content=\"en_US\" \/>\n<meta property=\"og:type\" content=\"article\" \/>\n<meta property=\"og:title\" content=\"[:pt]ANMP recebeu Delega\u00e7\u00e3o de Bombeiros Sapadores[:] - Portal Institucional\" \/>\n<meta property=\"og:description\" content=\"Sorry, this entry is only available in Portugu\u00eas. A ANMP recebeu uma delega\u00e7\u00e3o representativa de um grupo de bombeiros sapadores que esta manh\u00e3 se reuniram numa vigil\u00e2ncia junto \u00e0 sede da Associa\u00e7\u00e3o, em Coimbra, no \u00e2mbito da luta nacional que t\u00eam em curso. Em representa\u00e7\u00e3o dos sapadores, Jaime Correia, Jos\u00e9 Antunes e H\u00e9lio Ferreira, apresentaram [&hellip;]\" \/>\n<meta property=\"og:url\" content=\"https:\/\/anmp.pt\/anmp-recebeu-delegacao-de-bombeiros-sapadores\/\" \/>\n<meta property=\"og:site_name\" content=\"Portal Institucional\" \/>\n<meta property=\"article:publisher\" content=\"https:\/\/www.facebook.com\/ANMP.PT\" \/>\n<meta property=\"article:published_time\" content=\"2024-10-15T16:00:17+00:00\" \/>\n<meta property=\"article:modified_time\" content=\"2024-10-15T16:03:42+00:00\" \/>\n<meta name=\"author\" content=\"rcardoso\" \/>\n<meta name=\"twitter:card\" content=\"summary_large_image\" \/>\n<script type=\"application\/ld+json\" class=\"yoast-schema-graph\">{\"@context\":\"https:\/\/schema.org\",\"@graph\":[{\"@type\":\"Article\",\"@id\":\"https:\/\/anmp.pt\/anmp-recebeu-delegacao-de-bombeiros-sapadores\/#article\",\"isPartOf\":{\"@id\":\"https:\/\/anmp.pt\/anmp-recebeu-delegacao-de-bombeiros-sapadores\/\"},\"author\":{\"name\":\"rcardoso\",\"@id\":\"https:\/\/anmp.pt\/#\/schema\/person\/a0337e09ca769892f1f73b1cd9872f15\"},\"headline\":\"(Portugu\u00eas) ANMP recebeu Delega\u00e7\u00e3o de Bombeiros Sapadores\",\"datePublished\":\"2024-10-15T16:00:17+00:00\",\"dateModified\":\"2024-10-15T16:03:42+00:00\",\"mainEntityOfPage\":{\"@id\":\"https:\/\/anmp.pt\/anmp-recebeu-delegacao-de-bombeiros-sapadores\/\"},\"wordCount\":553,\"publisher\":{\"@id\":\"https:\/\/anmp.pt\/#organization\"},\"articleSection\":[\"Atualidade-2024\"],\"inLanguage\":\"en-US\"},{\"@type\":\"WebPage\",\"@id\":\"https:\/\/anmp.pt\/anmp-recebeu-delegacao-de-bombeiros-sapadores\/\",\"url\":\"https:\/\/anmp.pt\/anmp-recebeu-delegacao-de-bombeiros-sapadores\/\",\"name\":\"[:pt]ANMP recebeu Delega\u00e7\u00e3o de Bombeiros Sapadores[:] - Portal Institucional\",\"isPartOf\":{\"@id\":\"https:\/\/anmp.pt\/#website\"},\"datePublished\":\"2024-10-15T16:00:17+00:00\",\"dateModified\":\"2024-10-15T16:03:42+00:00\",\"breadcrumb\":{\"@id\":\"https:\/\/anmp.pt\/anmp-recebeu-delegacao-de-bombeiros-sapadores\/#breadcrumb\"},\"inLanguage\":\"en-US\",\"potentialAction\":[{\"@type\":\"ReadAction\",\"target\":[\"https:\/\/anmp.pt\/anmp-recebeu-delegacao-de-bombeiros-sapadores\/\"]}]},{\"@type\":\"BreadcrumbList\",\"@id\":\"https:\/\/anmp.pt\/anmp-recebeu-delegacao-de-bombeiros-sapadores\/#breadcrumb\",\"itemListElement\":[{\"@type\":\"ListItem\",\"position\":1,\"name\":\"In\u00edcio\",\"item\":\"https:\/\/anmp.pt\/\"},{\"@type\":\"ListItem\",\"position\":2,\"name\":\"ANMP recebeu Delega\u00e7\u00e3o de Bombeiros Sapadores\"}]},{\"@type\":\"WebSite\",\"@id\":\"https:\/\/anmp.pt\/#website\",\"url\":\"https:\/\/anmp.pt\/\",\"name\":\"Associa\u00e7\u00e3o Nacional de Munic\u00edpios Portugueses\",\"description\":\"Portal Institucional\",\"publisher\":{\"@id\":\"https:\/\/anmp.pt\/#organization\"},\"potentialAction\":[{\"@type\":\"SearchAction\",\"target\":{\"@type\":\"EntryPoint\",\"urlTemplate\":\"https:\/\/anmp.pt\/?s={search_term_string}\"},\"query-input\":{\"@type\":\"PropertyValueSpecification\",\"valueRequired\":true,\"valueName\":\"search_term_string\"}}],\"inLanguage\":\"en-US\"},{\"@type\":\"Organization\",\"@id\":\"https:\/\/anmp.pt\/#organization\",\"name\":\"Associa\u00e7\u00e3o Nacional de Munic\u00edpios Portugueses\",\"url\":\"https:\/\/anmp.pt\/\",\"logo\":{\"@type\":\"ImageObject\",\"inLanguage\":\"en-US\",\"@id\":\"https:\/\/anmp.pt\/#\/schema\/logo\/image\/\",\"url\":\"https:\/\/anmp.pt\/wp-content\/uploads\/2020\/06\/logo980400.png\",\"contentUrl\":\"https:\/\/anmp.pt\/wp-content\/uploads\/2020\/06\/logo980400.png\",\"width\":980,\"height\":400,\"caption\":\"Associa\u00e7\u00e3o Nacional de Munic\u00edpios Portugueses\"},\"image\":{\"@id\":\"https:\/\/anmp.pt\/#\/schema\/logo\/image\/\"},\"sameAs\":[\"https:\/\/www.facebook.com\/ANMP.PT\"]},{\"@type\":\"Person\",\"@id\":\"https:\/\/anmp.pt\/#\/schema\/person\/a0337e09ca769892f1f73b1cd9872f15\",\"name\":\"rcardoso\",\"image\":{\"@type\":\"ImageObject\",\"inLanguage\":\"en-US\",\"@id\":\"https:\/\/anmp.pt\/#\/schema\/person\/image\/\",\"url\":\"https:\/\/secure.gravatar.com\/avatar\/d3f9903b40fa86ab2675f7d88d4b1dec?s=96&d=mm&r=g\",\"contentUrl\":\"https:\/\/secure.gravatar.com\/avatar\/d3f9903b40fa86ab2675f7d88d4b1dec?s=96&d=mm&r=g\",\"caption\":\"rcardoso\"}}]}<\/script>\n<!-- \/ Yoast SEO plugin. -->","yoast_head_json":{"title":"[:pt]ANMP recebeu Delega\u00e7\u00e3o de Bombeiros Sapadores[:] - Portal Institucional","robots":{"index":"index","follow":"follow","max-snippet":"max-snippet:-1","max-image-preview":"max-image-preview:large","max-video-preview":"max-video-preview:-1"},"canonical":"https:\/\/anmp.pt\/anmp-recebeu-delegacao-de-bombeiros-sapadores\/","og_locale":"en_US","og_type":"article","og_title":"[:pt]ANMP recebeu Delega\u00e7\u00e3o de Bombeiros Sapadores[:] - Portal Institucional","og_description":"Sorry, this entry is only available in Portugu\u00eas. A ANMP recebeu uma delega\u00e7\u00e3o representativa de um grupo de bombeiros sapadores que esta manh\u00e3 se reuniram numa vigil\u00e2ncia junto \u00e0 sede da Associa\u00e7\u00e3o, em Coimbra, no \u00e2mbito da luta nacional que t\u00eam em curso. Em representa\u00e7\u00e3o dos sapadores, Jaime Correia, Jos\u00e9 Antunes e H\u00e9lio Ferreira, apresentaram [&hellip;]","og_url":"https:\/\/anmp.pt\/anmp-recebeu-delegacao-de-bombeiros-sapadores\/","og_site_name":"Portal Institucional","article_publisher":"https:\/\/www.facebook.com\/ANMP.PT","article_published_time":"2024-10-15T16:00:17+00:00","article_modified_time":"2024-10-15T16:03:42+00:00","author":"rcardoso","twitter_card":"summary_large_image","schema":{"@context":"https:\/\/schema.org","@graph":[{"@type":"Article","@id":"https:\/\/anmp.pt\/anmp-recebeu-delegacao-de-bombeiros-sapadores\/#article","isPartOf":{"@id":"https:\/\/anmp.pt\/anmp-recebeu-delegacao-de-bombeiros-sapadores\/"},"author":{"name":"rcardoso","@id":"https:\/\/anmp.pt\/#\/schema\/person\/a0337e09ca769892f1f73b1cd9872f15"},"headline":"(Portugu\u00eas) ANMP recebeu Delega\u00e7\u00e3o de Bombeiros Sapadores","datePublished":"2024-10-15T16:00:17+00:00","dateModified":"2024-10-15T16:03:42+00:00","mainEntityOfPage":{"@id":"https:\/\/anmp.pt\/anmp-recebeu-delegacao-de-bombeiros-sapadores\/"},"wordCount":553,"publisher":{"@id":"https:\/\/anmp.pt\/#organization"},"articleSection":["Atualidade-2024"],"inLanguage":"en-US"},{"@type":"WebPage","@id":"https:\/\/anmp.pt\/anmp-recebeu-delegacao-de-bombeiros-sapadores\/","url":"https:\/\/anmp.pt\/anmp-recebeu-delegacao-de-bombeiros-sapadores\/","name":"[:pt]ANMP recebeu Delega\u00e7\u00e3o de Bombeiros Sapadores[:] - Portal Institucional","isPartOf":{"@id":"https:\/\/anmp.pt\/#website"},"datePublished":"2024-10-15T16:00:17+00:00","dateModified":"2024-10-15T16:03:42+00:00","breadcrumb":{"@id":"https:\/\/anmp.pt\/anmp-recebeu-delegacao-de-bombeiros-sapadores\/#breadcrumb"},"inLanguage":"en-US","potentialAction":[{"@type":"ReadAction","target":["https:\/\/anmp.pt\/anmp-recebeu-delegacao-de-bombeiros-sapadores\/"]}]},{"@type":"BreadcrumbList","@id":"https:\/\/anmp.pt\/anmp-recebeu-delegacao-de-bombeiros-sapadores\/#breadcrumb","itemListElement":[{"@type":"ListItem","position":1,"name":"In\u00edcio","item":"https:\/\/anmp.pt\/"},{"@type":"ListItem","position":2,"name":"ANMP recebeu Delega\u00e7\u00e3o de Bombeiros Sapadores"}]},{"@type":"WebSite","@id":"https:\/\/anmp.pt\/#website","url":"https:\/\/anmp.pt\/","name":"Associa\u00e7\u00e3o Nacional de Munic\u00edpios Portugueses","description":"Portal Institucional","publisher":{"@id":"https:\/\/anmp.pt\/#organization"},"potentialAction":[{"@type":"SearchAction","target":{"@type":"EntryPoint","urlTemplate":"https:\/\/anmp.pt\/?s={search_term_string}"},"query-input":{"@type":"PropertyValueSpecification","valueRequired":true,"valueName":"search_term_string"}}],"inLanguage":"en-US"},{"@type":"Organization","@id":"https:\/\/anmp.pt\/#organization","name":"Associa\u00e7\u00e3o Nacional de Munic\u00edpios Portugueses","url":"https:\/\/anmp.pt\/","logo":{"@type":"ImageObject","inLanguage":"en-US","@id":"https:\/\/anmp.pt\/#\/schema\/logo\/image\/","url":"https:\/\/anmp.pt\/wp-content\/uploads\/2020\/06\/logo980400.png","contentUrl":"https:\/\/anmp.pt\/wp-content\/uploads\/2020\/06\/logo980400.png","width":980,"height":400,"caption":"Associa\u00e7\u00e3o Nacional de Munic\u00edpios Portugueses"},"image":{"@id":"https:\/\/anmp.pt\/#\/schema\/logo\/image\/"},"sameAs":["https:\/\/www.facebook.com\/ANMP.PT"]},{"@type":"Person","@id":"https:\/\/anmp.pt\/#\/schema\/person\/a0337e09ca769892f1f73b1cd9872f15","name":"rcardoso","image":{"@type":"ImageObject","inLanguage":"en-US","@id":"https:\/\/anmp.pt\/#\/schema\/person\/image\/","url":"https:\/\/secure.gravatar.com\/avatar\/d3f9903b40fa86ab2675f7d88d4b1dec?s=96&d=mm&r=g","contentUrl":"https:\/\/secure.gravatar.com\/avatar\/d3f9903b40fa86ab2675f7d88d4b1dec?s=96&d=mm&r=g","caption":"rcardoso"}}]}},"_links":{"self":[{"href":"https:\/\/anmp.pt\/en\/wp-json\/wp\/v2\/posts\/66620","targetHints":{"allow":["GET"]}}],"collection":[{"href":"https:\/\/anmp.pt\/en\/wp-json\/wp\/v2\/posts"}],"about":[{"href":"https:\/\/anmp.pt\/en\/wp-json\/wp\/v2\/types\/post"}],"author":[{"embeddable":true,"href":"https:\/\/anmp.pt\/en\/wp-json\/wp\/v2\/users\/719"}],"replies":[{"embeddable":true,"href":"https:\/\/anmp.pt\/en\/wp-json\/wp\/v2\/comments?post=66620"}],"version-history":[{"count":0,"href":"https:\/\/anmp.pt\/en\/wp-json\/wp\/v2\/posts\/66620\/revisions"}],"wp:attachment":[{"href":"https:\/\/anmp.pt\/en\/wp-json\/wp\/v2\/media?parent=66620"}],"wp:term":[{"taxonomy":"category","embeddable":true,"href":"https:\/\/anmp.pt\/en\/wp-json\/wp\/v2\/categories?post=66620"},{"taxonomy":"post_tag","embeddable":true,"href":"https:\/\/anmp.pt\/en\/wp-json\/wp\/v2\/tags?post=66620"}],"curies":[{"name":"wp","href":"https:\/\/api.w.org\/{rel}","templated":true}]}}