{"id":79409,"date":"2026-09-02T16:21:19","date_gmt":"2026-09-02T15:21:19","guid":{"rendered":"https:\/\/anmp.pt\/?p=79409"},"modified":"2026-09-02T16:55:43","modified_gmt":"2026-09-02T15:55:43","slug":"anmp-pede-celeridade-nos-mecanismos-de-transicao-do-prr","status":"publish","type":"post","link":"https:\/\/anmp.pt\/en\/anmp-pede-celeridade-nos-mecanismos-de-transicao-do-prr\/","title":{"rendered":"(Portugu\u00eas) ANMP pede celeridade nos mecanismos de transi\u00e7\u00e3o do PRR"},"content":{"rendered":"<p class=\"qtranxs-available-languages-message qtranxs-available-languages-message-en\">Sorry, this entry is only available in <a href=\"https:\/\/anmp.pt\/pt\/wp-json\/wp\/v2\/posts\/79409\" class=\"qtranxs-available-language-link qtranxs-available-language-link-pt\" title=\"Portugu\u00eas\">Portugu\u00eas<\/a>.<\/p><p><\/p>\n<p style=\"text-align: justify;\">O Conselho Diretivo da Associa\u00e7\u00e3o Nacional de Munic\u00edpios Portugueses (ANMP), reunido hoje em Coimbra, decidiu pedir celeridade ao Governo na identifica\u00e7\u00e3o dos munic\u00edpios que ainda precisam de financiamento para conclu\u00edrem as obras que n\u00e3o ficaram conclu\u00eddas dentro do prazo do PRR que terminou a 31 de agosto.<\/p>\n<p style=\"text-align: justify;\">Pedro Pimp\u00e3o, presidente da ANMP, considerou, no final da reuni\u00e3o, que \u00e9 indispens\u00e1vel garantir urgentemente uma solu\u00e7\u00e3o de financiamento para que as obras sejam conclu\u00eddas, pois n\u00e3o se pode transformar o encerramento administrativo do PRR no abandono de investimentos que j\u00e1 come\u00e7aram e s\u00e3o fundamentais para o pa\u00eds.<\/p>\n<p style=\"text-align: justify;\">&#8220;O PRR terminou, mas os investimentos n\u00e3o podem ficar a meio&#8221;, sublinha a ANMP, lembrando que as autarquias foram decisivas para a execu\u00e7\u00e3o do PRR, assumindo at\u00e9 investimento da esfera do Estado central, e n\u00e3o podem agora ser confrontados com encargos financeiros que n\u00e3o estavam previstos, dado que os investimentos do PRR eram comparticipados a 100%&#8221;, concluiu a Associa\u00e7\u00e3o.<\/p>\n<p><\/p>","protected":false},"excerpt":{"rendered":"<p>Sorry, this entry is only available in Portugu\u00eas. O Conselho Diretivo da Associa\u00e7\u00e3o Nacional de Munic\u00edpios Portugueses (ANMP), reunido hoje em Coimbra, decidiu pedir celeridade ao Governo na identifica\u00e7\u00e3o dos munic\u00edpios que ainda precisam de financiamento para conclu\u00edrem as obras que n\u00e3o ficaram conclu\u00eddas dentro do prazo do PRR que terminou a 31 de agosto. [&hellip;]<\/p>\n","protected":false},"author":34,"featured_media":0,"comment_status":"closed","ping_status":"open","sticky":false,"template":"","format":"standard","meta":{"_acf_changed":false,"_exactmetrics_skip_tracking":false,"_exactmetrics_sitenote_active":false,"_exactmetrics_sitenote_note":"","_exactmetrics_sitenote_category":0,"footnotes":""},"categories":[1854],"tags":[],"class_list":["post-79409","post","type-post","status-publish","format-standard","hentry","category-atualidade-2026"],"acf":[],"yoast_head":"<!-- This site is optimized with the Yoast SEO plugin v27.5 - https:\/\/yoast.com\/product\/yoast-seo-wordpress\/ -->\n<title><\/title>\n<meta name=\"robots\" content=\"index, follow, max-snippet:-1, max-image-preview:large, max-video-preview:-1\" \/>\n<link rel=\"canonical\" href=\"https:\/\/anmp.pt\/anmp-pede-celeridade-nos-mecanismos-de-transicao-do-prr\/\" \/>\n<meta property=\"og:locale\" content=\"en_US\" \/>\n<meta property=\"og:type\" content=\"article\" \/>\n<meta property=\"og:title\" content=\"[:pt]ANMP pede celeridade nos mecanismos de transi\u00e7\u00e3o do PRR[:] - Portal Institucional\" \/>\n<meta property=\"og:description\" content=\"Sorry, this entry is only available in Portugu\u00eas. O Conselho Diretivo da Associa\u00e7\u00e3o Nacional de Munic\u00edpios Portugueses (ANMP), reunido hoje em Coimbra, decidiu pedir celeridade ao Governo na identifica\u00e7\u00e3o dos munic\u00edpios que ainda precisam de financiamento para conclu\u00edrem as obras que n\u00e3o ficaram conclu\u00eddas dentro do prazo do PRR que terminou a 31 de agosto. [&hellip;]\" \/>\n<meta property=\"og:url\" content=\"https:\/\/anmp.pt\/anmp-pede-celeridade-nos-mecanismos-de-transicao-do-prr\/\" \/>\n<meta property=\"og:site_name\" content=\"Portal Institucional\" \/>\n<meta property=\"article:publisher\" content=\"https:\/\/www.facebook.com\/ANMP.PT\" \/>\n<meta property=\"article:published_time\" content=\"2026-09-02T15:21:19+00:00\" \/>\n<meta property=\"article:modified_time\" content=\"2026-09-02T15:55:43+00:00\" \/>\n<meta name=\"author\" content=\"Aristides Carvalho\" \/>\n<meta name=\"twitter:card\" content=\"summary_large_image\" \/>\n<script type=\"application\/ld+json\" class=\"yoast-schema-graph\">{\"@context\":\"https:\\\/\\\/schema.org\",\"@graph\":[{\"@type\":\"Article\",\"@id\":\"https:\\\/\\\/anmp.pt\\\/anmp-pede-celeridade-nos-mecanismos-de-transicao-do-prr\\\/#article\",\"isPartOf\":{\"@id\":\"https:\\\/\\\/anmp.pt\\\/anmp-pede-celeridade-nos-mecanismos-de-transicao-do-prr\\\/\"},\"author\":{\"name\":\"Aristides Carvalho\",\"@id\":\"https:\\\/\\\/anmp.pt\\\/#\\\/schema\\\/person\\\/3e31ab197fc4b592367ad60b3dff1290\"},\"headline\":\"(Portugu\u00eas) ANMP pede celeridade nos mecanismos de transi\u00e7\u00e3o do PRR\",\"datePublished\":\"2026-09-02T15:21:19+00:00\",\"dateModified\":\"2026-09-02T15:55:43+00:00\",\"mainEntityOfPage\":{\"@id\":\"https:\\\/\\\/anmp.pt\\\/anmp-pede-celeridade-nos-mecanismos-de-transicao-do-prr\\\/\"},\"wordCount\":184,\"publisher\":{\"@id\":\"https:\\\/\\\/anmp.pt\\\/#organization\"},\"articleSection\":[\"Atualidade-2026\"],\"inLanguage\":\"en-US\"},{\"@type\":\"WebPage\",\"@id\":\"https:\\\/\\\/anmp.pt\\\/anmp-pede-celeridade-nos-mecanismos-de-transicao-do-prr\\\/\",\"url\":\"https:\\\/\\\/anmp.pt\\\/anmp-pede-celeridade-nos-mecanismos-de-transicao-do-prr\\\/\",\"name\":\"[:pt]ANMP pede celeridade nos mecanismos de transi\u00e7\u00e3o do PRR[:] - Portal Institucional\",\"isPartOf\":{\"@id\":\"https:\\\/\\\/anmp.pt\\\/#website\"},\"datePublished\":\"2026-09-02T15:21:19+00:00\",\"dateModified\":\"2026-09-02T15:55:43+00:00\",\"breadcrumb\":{\"@id\":\"https:\\\/\\\/anmp.pt\\\/anmp-pede-celeridade-nos-mecanismos-de-transicao-do-prr\\\/#breadcrumb\"},\"inLanguage\":\"en-US\",\"potentialAction\":[{\"@type\":\"ReadAction\",\"target\":[\"https:\\\/\\\/anmp.pt\\\/anmp-pede-celeridade-nos-mecanismos-de-transicao-do-prr\\\/\"]}]},{\"@type\":\"BreadcrumbList\",\"@id\":\"https:\\\/\\\/anmp.pt\\\/anmp-pede-celeridade-nos-mecanismos-de-transicao-do-prr\\\/#breadcrumb\",\"itemListElement\":[{\"@type\":\"ListItem\",\"position\":1,\"name\":\"In\u00edcio\",\"item\":\"https:\\\/\\\/anmp.pt\\\/\"},{\"@type\":\"ListItem\",\"position\":2,\"name\":\"ANMP pede celeridade nos mecanismos de transi\u00e7\u00e3o do PRR\"}]},{\"@type\":\"WebSite\",\"@id\":\"https:\\\/\\\/anmp.pt\\\/#website\",\"url\":\"https:\\\/\\\/anmp.pt\\\/\",\"name\":\"Associa\u00e7\u00e3o Nacional de Munic\u00edpios Portugueses\",\"description\":\"Portal Institucional\",\"publisher\":{\"@id\":\"https:\\\/\\\/anmp.pt\\\/#organization\"},\"potentialAction\":[{\"@type\":\"SearchAction\",\"target\":{\"@type\":\"EntryPoint\",\"urlTemplate\":\"https:\\\/\\\/anmp.pt\\\/?s={search_term_string}\"},\"query-input\":{\"@type\":\"PropertyValueSpecification\",\"valueRequired\":true,\"valueName\":\"search_term_string\"}}],\"inLanguage\":\"en-US\"},{\"@type\":\"Organization\",\"@id\":\"https:\\\/\\\/anmp.pt\\\/#organization\",\"name\":\"Associa\u00e7\u00e3o Nacional de Munic\u00edpios Portugueses\",\"url\":\"https:\\\/\\\/anmp.pt\\\/\",\"logo\":{\"@type\":\"ImageObject\",\"inLanguage\":\"en-US\",\"@id\":\"https:\\\/\\\/anmp.pt\\\/#\\\/schema\\\/logo\\\/image\\\/\",\"url\":\"https:\\\/\\\/anmp.pt\\\/wp-content\\\/uploads\\\/2020\\\/06\\\/logo980400.png\",\"contentUrl\":\"https:\\\/\\\/anmp.pt\\\/wp-content\\\/uploads\\\/2020\\\/06\\\/logo980400.png\",\"width\":980,\"height\":400,\"caption\":\"Associa\u00e7\u00e3o Nacional de Munic\u00edpios Portugueses\"},\"image\":{\"@id\":\"https:\\\/\\\/anmp.pt\\\/#\\\/schema\\\/logo\\\/image\\\/\"},\"sameAs\":[\"https:\\\/\\\/www.facebook.com\\\/ANMP.PT\"]},{\"@type\":\"Person\",\"@id\":\"https:\\\/\\\/anmp.pt\\\/#\\\/schema\\\/person\\\/3e31ab197fc4b592367ad60b3dff1290\",\"name\":\"Aristides Carvalho\",\"image\":{\"@type\":\"ImageObject\",\"inLanguage\":\"en-US\",\"@id\":\"https:\\\/\\\/secure.gravatar.com\\\/avatar\\\/ab50782957acfe7ca707f5a50a33a7f962db89362fa811bcdb311acfca90f7aa?s=96&d=mm&r=g\",\"url\":\"https:\\\/\\\/secure.gravatar.com\\\/avatar\\\/ab50782957acfe7ca707f5a50a33a7f962db89362fa811bcdb311acfca90f7aa?s=96&d=mm&r=g\",\"contentUrl\":\"https:\\\/\\\/secure.gravatar.com\\\/avatar\\\/ab50782957acfe7ca707f5a50a33a7f962db89362fa811bcdb311acfca90f7aa?s=96&d=mm&r=g\",\"caption\":\"Aristides Carvalho\"}}]}<\/script>\n<!-- \/ Yoast SEO plugin. -->","yoast_head_json":{"title":"[:pt]ANMP pede celeridade nos mecanismos de transi\u00e7\u00e3o do PRR[:] - Portal Institucional","robots":{"index":"index","follow":"follow","max-snippet":"max-snippet:-1","max-image-preview":"max-image-preview:large","max-video-preview":"max-video-preview:-1"},"canonical":"https:\/\/anmp.pt\/anmp-pede-celeridade-nos-mecanismos-de-transicao-do-prr\/","og_locale":"en_US","og_type":"article","og_title":"[:pt]ANMP pede celeridade nos mecanismos de transi\u00e7\u00e3o do PRR[:] - Portal Institucional","og_description":"Sorry, this entry is only available in Portugu\u00eas. O Conselho Diretivo da Associa\u00e7\u00e3o Nacional de Munic\u00edpios Portugueses (ANMP), reunido hoje em Coimbra, decidiu pedir celeridade ao Governo na identifica\u00e7\u00e3o dos munic\u00edpios que ainda precisam de financiamento para conclu\u00edrem as obras que n\u00e3o ficaram conclu\u00eddas dentro do prazo do PRR que terminou a 31 de agosto. [&hellip;]","og_url":"https:\/\/anmp.pt\/anmp-pede-celeridade-nos-mecanismos-de-transicao-do-prr\/","og_site_name":"Portal Institucional","article_publisher":"https:\/\/www.facebook.com\/ANMP.PT","article_published_time":"2026-09-02T15:21:19+00:00","article_modified_time":"2026-09-02T15:55:43+00:00","author":"Aristides Carvalho","twitter_card":"summary_large_image","schema":{"@context":"https:\/\/schema.org","@graph":[{"@type":"Article","@id":"https:\/\/anmp.pt\/anmp-pede-celeridade-nos-mecanismos-de-transicao-do-prr\/#article","isPartOf":{"@id":"https:\/\/anmp.pt\/anmp-pede-celeridade-nos-mecanismos-de-transicao-do-prr\/"},"author":{"name":"Aristides Carvalho","@id":"https:\/\/anmp.pt\/#\/schema\/person\/3e31ab197fc4b592367ad60b3dff1290"},"headline":"(Portugu\u00eas) ANMP pede celeridade nos mecanismos de transi\u00e7\u00e3o do PRR","datePublished":"2026-09-02T15:21:19+00:00","dateModified":"2026-09-02T15:55:43+00:00","mainEntityOfPage":{"@id":"https:\/\/anmp.pt\/anmp-pede-celeridade-nos-mecanismos-de-transicao-do-prr\/"},"wordCount":184,"publisher":{"@id":"https:\/\/anmp.pt\/#organization"},"articleSection":["Atualidade-2026"],"inLanguage":"en-US"},{"@type":"WebPage","@id":"https:\/\/anmp.pt\/anmp-pede-celeridade-nos-mecanismos-de-transicao-do-prr\/","url":"https:\/\/anmp.pt\/anmp-pede-celeridade-nos-mecanismos-de-transicao-do-prr\/","name":"[:pt]ANMP pede celeridade nos mecanismos de transi\u00e7\u00e3o do PRR[:] - Portal Institucional","isPartOf":{"@id":"https:\/\/anmp.pt\/#website"},"datePublished":"2026-09-02T15:21:19+00:00","dateModified":"2026-09-02T15:55:43+00:00","breadcrumb":{"@id":"https:\/\/anmp.pt\/anmp-pede-celeridade-nos-mecanismos-de-transicao-do-prr\/#breadcrumb"},"inLanguage":"en-US","potentialAction":[{"@type":"ReadAction","target":["https:\/\/anmp.pt\/anmp-pede-celeridade-nos-mecanismos-de-transicao-do-prr\/"]}]},{"@type":"BreadcrumbList","@id":"https:\/\/anmp.pt\/anmp-pede-celeridade-nos-mecanismos-de-transicao-do-prr\/#breadcrumb","itemListElement":[{"@type":"ListItem","position":1,"name":"In\u00edcio","item":"https:\/\/anmp.pt\/"},{"@type":"ListItem","position":2,"name":"ANMP pede celeridade nos mecanismos de transi\u00e7\u00e3o do PRR"}]},{"@type":"WebSite","@id":"https:\/\/anmp.pt\/#website","url":"https:\/\/anmp.pt\/","name":"Associa\u00e7\u00e3o Nacional de Munic\u00edpios Portugueses","description":"Portal Institucional","publisher":{"@id":"https:\/\/anmp.pt\/#organization"},"potentialAction":[{"@type":"SearchAction","target":{"@type":"EntryPoint","urlTemplate":"https:\/\/anmp.pt\/?s={search_term_string}"},"query-input":{"@type":"PropertyValueSpecification","valueRequired":true,"valueName":"search_term_string"}}],"inLanguage":"en-US"},{"@type":"Organization","@id":"https:\/\/anmp.pt\/#organization","name":"Associa\u00e7\u00e3o Nacional de Munic\u00edpios Portugueses","url":"https:\/\/anmp.pt\/","logo":{"@type":"ImageObject","inLanguage":"en-US","@id":"https:\/\/anmp.pt\/#\/schema\/logo\/image\/","url":"https:\/\/anmp.pt\/wp-content\/uploads\/2020\/06\/logo980400.png","contentUrl":"https:\/\/anmp.pt\/wp-content\/uploads\/2020\/06\/logo980400.png","width":980,"height":400,"caption":"Associa\u00e7\u00e3o Nacional de Munic\u00edpios Portugueses"},"image":{"@id":"https:\/\/anmp.pt\/#\/schema\/logo\/image\/"},"sameAs":["https:\/\/www.facebook.com\/ANMP.PT"]},{"@type":"Person","@id":"https:\/\/anmp.pt\/#\/schema\/person\/3e31ab197fc4b592367ad60b3dff1290","name":"Aristides Carvalho","image":{"@type":"ImageObject","inLanguage":"en-US","@id":"https:\/\/secure.gravatar.com\/avatar\/ab50782957acfe7ca707f5a50a33a7f962db89362fa811bcdb311acfca90f7aa?s=96&d=mm&r=g","url":"https:\/\/secure.gravatar.com\/avatar\/ab50782957acfe7ca707f5a50a33a7f962db89362fa811bcdb311acfca90f7aa?s=96&d=mm&r=g","contentUrl":"https:\/\/secure.gravatar.com\/avatar\/ab50782957acfe7ca707f5a50a33a7f962db89362fa811bcdb311acfca90f7aa?s=96&d=mm&r=g","caption":"Aristides Carvalho"}}]}},"_links":{"self":[{"href":"https:\/\/anmp.pt\/en\/wp-json\/wp\/v2\/posts\/79409","targetHints":{"allow":["GET"]}}],"collection":[{"href":"https:\/\/anmp.pt\/en\/wp-json\/wp\/v2\/posts"}],"about":[{"href":"https:\/\/anmp.pt\/en\/wp-json\/wp\/v2\/types\/post"}],"author":[{"embeddable":true,"href":"https:\/\/anmp.pt\/en\/wp-json\/wp\/v2\/users\/34"}],"replies":[{"embeddable":true,"href":"https:\/\/anmp.pt\/en\/wp-json\/wp\/v2\/comments?post=79409"}],"version-history":[{"count":0,"href":"https:\/\/anmp.pt\/en\/wp-json\/wp\/v2\/posts\/79409\/revisions"}],"wp:attachment":[{"href":"https:\/\/anmp.pt\/en\/wp-json\/wp\/v2\/media?parent=79409"}],"wp:term":[{"taxonomy":"category","embeddable":true,"href":"https:\/\/anmp.pt\/en\/wp-json\/wp\/v2\/categories?post=79409"},{"taxonomy":"post_tag","embeddable":true,"href":"https:\/\/anmp.pt\/en\/wp-json\/wp\/v2\/tags?post=79409"}],"curies":[{"name":"wp","href":"https:\/\/api.w.org\/{rel}","templated":true}]}}