{"id":7999,"date":"2016-03-22T09:36:01","date_gmt":"2016-03-22T09:36:01","guid":{"rendered":"https:\/\/anmp.pt\/?p=7999"},"modified":"2020-01-13T09:37:43","modified_gmt":"2020-01-13T09:37:43","slug":"anmp-conclui-que-oe-2016-integra-propostas-positivas-mas-nao-repoe-receitas-municipais","status":"publish","type":"post","link":"https:\/\/anmp.pt\/en\/anmp-conclui-que-oe-2016-integra-propostas-positivas-mas-nao-repoe-receitas-municipais\/","title":{"rendered":"(Portugu\u00eas) ANMP conclui que OE 2016 integra propostas positivas mas n\u00e3o rep\u00f5e receitas municipais"},"content":{"rendered":"<p class=\"qtranxs-available-languages-message qtranxs-available-languages-message-en\">Sorry, this entry is only available in <a href=\"https:\/\/anmp.pt\/pt\/wp-json\/wp\/v2\/posts\/7999\" class=\"qtranxs-available-language-link qtranxs-available-language-link-pt\" title=\"Portugu\u00eas\">Portugu\u00eas<\/a>.<\/p><p>O Conselho Diretivo da Associa\u00e7\u00e3o Nacional de Munic\u00edpios Portugueses (ANMP) reunido na ter\u00e7a-feira, dia 22 de mar\u00e7o, na sede, em Coimbra, analisou a vers\u00e3o final da Lei do Or\u00e7amento do Estado para 2016 aprovada pela Assembleia da Rep\u00fablica, no \u00faltimo dia 16 de Mar\u00e7o, concluindo que integra propostas positivas no plano das autonomias administrativa e financeira.<\/p>\n<p>Entre as altera\u00e7\u00f5es, relativamente a 2015, a ANMP salienta as seguintes:<br \/>\n:: Transfer\u00eancia para os Munic\u00edpios \u2013 aumento de 1,2% (29 milh\u00f5es \u20ac) no montante global (e em cada Munic\u00edpio) da participa\u00e7\u00e3o das autarquias locais nos recursos p\u00fablicos. Trata-se de um valor superior ao transferido em 2015, mas que continua a ser insuficiente e n\u00e3o significa o in\u00edcio da reposi\u00e7\u00e3o das receitas municipais.<br \/>\n::\u00a0Altera\u00e7\u00e3o \u00e0 Lei das Finan\u00e7as Locais &#8211; reintroduz o IMT (Imposto Municipal sobre Transmiss\u00f5es Onerosas) como receita municipal.<br \/>\n::\u00a0Os empr\u00e9stimos destinados \u00e0 contrapartida nacional de projetos cofinanciados pela UE (atrav\u00e9s de Programas Operacionais, de Instrumentos Financeiros ou outros) s\u00e3o excecionados do limite de endividamento total.<br \/>\n::\u00a0A redu\u00e7\u00e3o da taxa m\u00e1xima de IMI para 0,45% (os Munic\u00edpios sujeitos ao PAEL e ao FAM podem aplicar a taxa de 0,5% se verificarem que \u00e9 fundamental para o cumprimento dos objetivos definidos nestes instrumentos de apoio financeiro).<br \/>\n::\u00a0A reposi\u00e7\u00e3o da cl\u00e1usula de salvaguarda para aumentos do IMI.<br \/>\n::\u00a0O IVA nas refei\u00e7\u00f5es escolares passa para 13% &#8211; a ANMP regista esta redu\u00e7\u00e3o do IVA mas lembra que tem defendido, e continua a defender, a redu\u00e7\u00e3o da taxa de IVA para 6% (taxa reduzida) nas refei\u00e7\u00f5es escolares, nos transportes escolares e na ilumina\u00e7\u00e3o p\u00fablica.<br \/>\n::\u00a0Transportes \u2013 s\u00e3o transferidos 3 milh\u00f5es de \u20ac para as \u00c1reas Metropolitanas de Lisboa e Porto, para assegurar o exerc\u00edcio de novas compet\u00eancias no \u00e2mbito do sistema de transportes, e o mesmo valor de 3 milh\u00f5es de \u20ac para as CIM\u2019s, com o mesmo objetivo.<br \/>\n::\u00a0Lei dos Compromissos e Pagamentos em Atraso \u2013 o c\u00e1lculo de fundos dispon\u00edveis passa a ter em conta as verbas dispon\u00edveis relativas aos seis meses seguintes e o limite da receita efetiva cobrada nos \u00faltimos dois anos passa para 85%.<br \/>\n::\u00a0IMI e IMT \u2013 os \u00f3rg\u00e3os municipais podem deliberar a isen\u00e7\u00e3o ou redu\u00e7\u00e3o do IMI e do IMT para apoio ao investimento, podendo confirmar os benef\u00edcios concedidos em 2014 e 2015.<\/p>\n<p>Em s\u00edntese, a ANMP conclui que h\u00e1 ainda outras normas da Lei do Or\u00e7amento do Estado para 2016 dignas de registo, como a reposi\u00e7\u00e3o das compet\u00eancias municipais em mat\u00e9ria de recrutamento de pessoal e a elimina\u00e7\u00e3o das limita\u00e7\u00f5es \u00e0 atividade das empresas municipais que gerem equipamentos culturais, mas as altera\u00e7\u00f5es acima referidas s\u00e3o as mais relevantes para os Munic\u00edpios.<\/p>\n<p>Prioridades para refor\u00e7o do Poder Local<\/p>\n<p>Nesta reuni\u00e3o do Conselho Diretivo foram ainda abordadas as prioridades definidas para o Poder Local, entre a ANMP e o Governo, em reuni\u00e3o com o Ministro-Adjunto do Primeiro Ministro e com o Secret\u00e1rio de Estado da Administra\u00e7\u00e3o Local, ap\u00f3s a aprova\u00e7\u00e3o da Lei do Or\u00e7amento do Estado para 2016.<br \/>\nEntre essas prioridades contam-se a nova Lei das Finan\u00e7as Locais, cujos trabalhos ter\u00e3o in\u00edcio j\u00e1 em Abril, no sentido de que possa entrar em vigor em 2018, e a descentraliza\u00e7\u00e3o para os Munic\u00edpios, cujo trabalho dever\u00e1 come\u00e7ar, tamb\u00e9m em Abril, pela identifica\u00e7\u00e3o de mat\u00e9rias setorais por \u00e1rea de cada Minist\u00e9rio.<br \/>\nOutras das prioridades s\u00e3o o estudo de novas medidas de apoio financeiro aos Munic\u00edpios, tendo, naturalmente, em conta o PAEL e o FAM; a gest\u00e3o dos quadros dirigentes e organiza\u00e7\u00e3o dos servi\u00e7os municipais; e a revis\u00e3o do Regime de Contrata\u00e7\u00e3o P\u00fablica.<\/p>","protected":false},"excerpt":{"rendered":"<p>Sorry, this entry is only available in Portugu\u00eas.O Conselho Diretivo da Associa\u00e7\u00e3o Nacional de Munic\u00edpios Portugueses (ANMP) reunido na ter\u00e7a-feira, dia 22 de mar\u00e7o, na sede, em Coimbra, analisou a vers\u00e3o final da Lei do Or\u00e7amento do Estado para 2016 aprovada pela Assembleia da Rep\u00fablica, no \u00faltimo dia 16 de Mar\u00e7o, concluindo que integra propostas [&hellip;]<\/p>\n","protected":false},"author":1,"featured_media":8000,"comment_status":"closed","ping_status":"closed","sticky":false,"template":"","format":"standard","meta":{"_acf_changed":false,"_exactmetrics_skip_tracking":false,"_exactmetrics_sitenote_active":false,"_exactmetrics_sitenote_note":"","_exactmetrics_sitenote_category":0,"footnotes":""},"categories":[1],"tags":[],"class_list":["post-7999","post","type-post","status-publish","format-standard","has-post-thumbnail","hentry","category-sem-categoria"],"acf":[],"yoast_head":"<!-- This site is optimized with the Yoast SEO plugin v23.9 - https:\/\/yoast.com\/wordpress\/plugins\/seo\/ -->\n<title><\/title>\n<meta name=\"robots\" content=\"index, follow, max-snippet:-1, max-image-preview:large, max-video-preview:-1\" \/>\n<link rel=\"canonical\" href=\"https:\/\/anmp.pt\/anmp-conclui-que-oe-2016-integra-propostas-positivas-mas-nao-repoe-receitas-municipais\/\" \/>\n<meta property=\"og:locale\" content=\"en_US\" \/>\n<meta property=\"og:type\" content=\"article\" \/>\n<meta property=\"og:title\" content=\"[:pt]ANMP conclui que OE 2016 integra propostas positivas mas n\u00e3o rep\u00f5e receitas municipais[:] - Portal Institucional\" \/>\n<meta property=\"og:description\" content=\"Sorry, this entry is only available in Portugu\u00eas.O Conselho Diretivo da Associa\u00e7\u00e3o Nacional de Munic\u00edpios Portugueses (ANMP) reunido na ter\u00e7a-feira, dia 22 de mar\u00e7o, na sede, em Coimbra, analisou a vers\u00e3o final da Lei do Or\u00e7amento do Estado para 2016 aprovada pela Assembleia da Rep\u00fablica, no \u00faltimo dia 16 de Mar\u00e7o, concluindo que integra propostas [&hellip;]\" \/>\n<meta property=\"og:url\" content=\"https:\/\/anmp.pt\/anmp-conclui-que-oe-2016-integra-propostas-positivas-mas-nao-repoe-receitas-municipais\/\" \/>\n<meta property=\"og:site_name\" content=\"Portal Institucional\" \/>\n<meta property=\"article:publisher\" content=\"https:\/\/www.facebook.com\/ANMP.PT\" \/>\n<meta property=\"article:published_time\" content=\"2016-03-22T09:36:01+00:00\" \/>\n<meta property=\"article:modified_time\" content=\"2020-01-13T09:37:43+00:00\" \/>\n<meta property=\"og:image\" content=\"https:\/\/anmp.pt\/wp-content\/uploads\/2020\/01\/rascunho-automatico-115.jpg\" \/>\n\t<meta property=\"og:image:width\" content=\"500\" \/>\n\t<meta property=\"og:image:height\" content=\"309\" \/>\n\t<meta property=\"og:image:type\" content=\"image\/jpeg\" \/>\n<meta name=\"author\" content=\"technical@skillmind.pt\" \/>\n<meta name=\"twitter:card\" content=\"summary_large_image\" \/>\n<script type=\"application\/ld+json\" class=\"yoast-schema-graph\">{\"@context\":\"https:\/\/schema.org\",\"@graph\":[{\"@type\":\"Article\",\"@id\":\"https:\/\/anmp.pt\/anmp-conclui-que-oe-2016-integra-propostas-positivas-mas-nao-repoe-receitas-municipais\/#article\",\"isPartOf\":{\"@id\":\"https:\/\/anmp.pt\/anmp-conclui-que-oe-2016-integra-propostas-positivas-mas-nao-repoe-receitas-municipais\/\"},\"author\":{\"name\":\"technical@skillmind.pt\",\"@id\":\"https:\/\/anmp.pt\/#\/schema\/person\/c9e44afb55b611864317da7036f14b78\"},\"headline\":\"(Portugu\u00eas) ANMP conclui que OE 2016 integra propostas positivas mas n\u00e3o rep\u00f5e receitas municipais\",\"datePublished\":\"2016-03-22T09:36:01+00:00\",\"dateModified\":\"2020-01-13T09:37:43+00:00\",\"mainEntityOfPage\":{\"@id\":\"https:\/\/anmp.pt\/anmp-conclui-que-oe-2016-integra-propostas-positivas-mas-nao-repoe-receitas-municipais\/\"},\"wordCount\":648,\"publisher\":{\"@id\":\"https:\/\/anmp.pt\/#organization\"},\"image\":{\"@id\":\"https:\/\/anmp.pt\/anmp-conclui-que-oe-2016-integra-propostas-positivas-mas-nao-repoe-receitas-municipais\/#primaryimage\"},\"thumbnailUrl\":\"https:\/\/anmp.pt\/wp-content\/uploads\/2020\/01\/rascunho-automatico-115.jpg\",\"articleSection\":[\"Sem categoria\"],\"inLanguage\":\"en-US\"},{\"@type\":\"WebPage\",\"@id\":\"https:\/\/anmp.pt\/anmp-conclui-que-oe-2016-integra-propostas-positivas-mas-nao-repoe-receitas-municipais\/\",\"url\":\"https:\/\/anmp.pt\/anmp-conclui-que-oe-2016-integra-propostas-positivas-mas-nao-repoe-receitas-municipais\/\",\"name\":\"[:pt]ANMP conclui que OE 2016 integra propostas positivas mas n\u00e3o rep\u00f5e receitas municipais[:] - Portal Institucional\",\"isPartOf\":{\"@id\":\"https:\/\/anmp.pt\/#website\"},\"primaryImageOfPage\":{\"@id\":\"https:\/\/anmp.pt\/anmp-conclui-que-oe-2016-integra-propostas-positivas-mas-nao-repoe-receitas-municipais\/#primaryimage\"},\"image\":{\"@id\":\"https:\/\/anmp.pt\/anmp-conclui-que-oe-2016-integra-propostas-positivas-mas-nao-repoe-receitas-municipais\/#primaryimage\"},\"thumbnailUrl\":\"https:\/\/anmp.pt\/wp-content\/uploads\/2020\/01\/rascunho-automatico-115.jpg\",\"datePublished\":\"2016-03-22T09:36:01+00:00\",\"dateModified\":\"2020-01-13T09:37:43+00:00\",\"breadcrumb\":{\"@id\":\"https:\/\/anmp.pt\/anmp-conclui-que-oe-2016-integra-propostas-positivas-mas-nao-repoe-receitas-municipais\/#breadcrumb\"},\"inLanguage\":\"en-US\",\"potentialAction\":[{\"@type\":\"ReadAction\",\"target\":[\"https:\/\/anmp.pt\/anmp-conclui-que-oe-2016-integra-propostas-positivas-mas-nao-repoe-receitas-municipais\/\"]}]},{\"@type\":\"ImageObject\",\"inLanguage\":\"en-US\",\"@id\":\"https:\/\/anmp.pt\/anmp-conclui-que-oe-2016-integra-propostas-positivas-mas-nao-repoe-receitas-municipais\/#primaryimage\",\"url\":\"https:\/\/anmp.pt\/wp-content\/uploads\/2020\/01\/rascunho-automatico-115.jpg\",\"contentUrl\":\"https:\/\/anmp.pt\/wp-content\/uploads\/2020\/01\/rascunho-automatico-115.jpg\",\"width\":500,\"height\":309,\"caption\":\"Rascunho autom\u00e1tico 849\"},{\"@type\":\"BreadcrumbList\",\"@id\":\"https:\/\/anmp.pt\/anmp-conclui-que-oe-2016-integra-propostas-positivas-mas-nao-repoe-receitas-municipais\/#breadcrumb\",\"itemListElement\":[{\"@type\":\"ListItem\",\"position\":1,\"name\":\"In\u00edcio\",\"item\":\"https:\/\/anmp.pt\/\"},{\"@type\":\"ListItem\",\"position\":2,\"name\":\"ANMP conclui que OE 2016 integra propostas positivas mas n\u00e3o rep\u00f5e receitas municipais\"}]},{\"@type\":\"WebSite\",\"@id\":\"https:\/\/anmp.pt\/#website\",\"url\":\"https:\/\/anmp.pt\/\",\"name\":\"Associa\u00e7\u00e3o Nacional de Munic\u00edpios Portugueses\",\"description\":\"Portal Institucional\",\"publisher\":{\"@id\":\"https:\/\/anmp.pt\/#organization\"},\"potentialAction\":[{\"@type\":\"SearchAction\",\"target\":{\"@type\":\"EntryPoint\",\"urlTemplate\":\"https:\/\/anmp.pt\/?s={search_term_string}\"},\"query-input\":{\"@type\":\"PropertyValueSpecification\",\"valueRequired\":true,\"valueName\":\"search_term_string\"}}],\"inLanguage\":\"en-US\"},{\"@type\":\"Organization\",\"@id\":\"https:\/\/anmp.pt\/#organization\",\"name\":\"Associa\u00e7\u00e3o Nacional de Munic\u00edpios Portugueses\",\"url\":\"https:\/\/anmp.pt\/\",\"logo\":{\"@type\":\"ImageObject\",\"inLanguage\":\"en-US\",\"@id\":\"https:\/\/anmp.pt\/#\/schema\/logo\/image\/\",\"url\":\"https:\/\/anmp.pt\/wp-content\/uploads\/2020\/06\/logo980400.png\",\"contentUrl\":\"https:\/\/anmp.pt\/wp-content\/uploads\/2020\/06\/logo980400.png\",\"width\":980,\"height\":400,\"caption\":\"Associa\u00e7\u00e3o Nacional de Munic\u00edpios Portugueses\"},\"image\":{\"@id\":\"https:\/\/anmp.pt\/#\/schema\/logo\/image\/\"},\"sameAs\":[\"https:\/\/www.facebook.com\/ANMP.PT\"]},{\"@type\":\"Person\",\"@id\":\"https:\/\/anmp.pt\/#\/schema\/person\/c9e44afb55b611864317da7036f14b78\",\"name\":\"technical@skillmind.pt\",\"image\":{\"@type\":\"ImageObject\",\"inLanguage\":\"en-US\",\"@id\":\"https:\/\/anmp.pt\/#\/schema\/person\/image\/\",\"url\":\"https:\/\/secure.gravatar.com\/avatar\/1ba539f09e9b3468dd99ca1910cd910c?s=96&d=mm&r=g\",\"contentUrl\":\"https:\/\/secure.gravatar.com\/avatar\/1ba539f09e9b3468dd99ca1910cd910c?s=96&d=mm&r=g\",\"caption\":\"technical@skillmind.pt\"}}]}<\/script>\n<!-- \/ Yoast SEO plugin. -->","yoast_head_json":{"title":"[:pt]ANMP conclui que OE 2016 integra propostas positivas mas n\u00e3o rep\u00f5e receitas municipais[:] - Portal Institucional","robots":{"index":"index","follow":"follow","max-snippet":"max-snippet:-1","max-image-preview":"max-image-preview:large","max-video-preview":"max-video-preview:-1"},"canonical":"https:\/\/anmp.pt\/anmp-conclui-que-oe-2016-integra-propostas-positivas-mas-nao-repoe-receitas-municipais\/","og_locale":"en_US","og_type":"article","og_title":"[:pt]ANMP conclui que OE 2016 integra propostas positivas mas n\u00e3o rep\u00f5e receitas municipais[:] - Portal Institucional","og_description":"Sorry, this entry is only available in Portugu\u00eas.O Conselho Diretivo da Associa\u00e7\u00e3o Nacional de Munic\u00edpios Portugueses (ANMP) reunido na ter\u00e7a-feira, dia 22 de mar\u00e7o, na sede, em Coimbra, analisou a vers\u00e3o final da Lei do Or\u00e7amento do Estado para 2016 aprovada pela Assembleia da Rep\u00fablica, no \u00faltimo dia 16 de Mar\u00e7o, concluindo que integra propostas [&hellip;]","og_url":"https:\/\/anmp.pt\/anmp-conclui-que-oe-2016-integra-propostas-positivas-mas-nao-repoe-receitas-municipais\/","og_site_name":"Portal Institucional","article_publisher":"https:\/\/www.facebook.com\/ANMP.PT","article_published_time":"2016-03-22T09:36:01+00:00","article_modified_time":"2020-01-13T09:37:43+00:00","og_image":[{"width":500,"height":309,"url":"https:\/\/anmp.pt\/wp-content\/uploads\/2020\/01\/rascunho-automatico-115.jpg","type":"image\/jpeg"}],"author":"technical@skillmind.pt","twitter_card":"summary_large_image","schema":{"@context":"https:\/\/schema.org","@graph":[{"@type":"Article","@id":"https:\/\/anmp.pt\/anmp-conclui-que-oe-2016-integra-propostas-positivas-mas-nao-repoe-receitas-municipais\/#article","isPartOf":{"@id":"https:\/\/anmp.pt\/anmp-conclui-que-oe-2016-integra-propostas-positivas-mas-nao-repoe-receitas-municipais\/"},"author":{"name":"technical@skillmind.pt","@id":"https:\/\/anmp.pt\/#\/schema\/person\/c9e44afb55b611864317da7036f14b78"},"headline":"(Portugu\u00eas) ANMP conclui que OE 2016 integra propostas positivas mas n\u00e3o rep\u00f5e receitas municipais","datePublished":"2016-03-22T09:36:01+00:00","dateModified":"2020-01-13T09:37:43+00:00","mainEntityOfPage":{"@id":"https:\/\/anmp.pt\/anmp-conclui-que-oe-2016-integra-propostas-positivas-mas-nao-repoe-receitas-municipais\/"},"wordCount":648,"publisher":{"@id":"https:\/\/anmp.pt\/#organization"},"image":{"@id":"https:\/\/anmp.pt\/anmp-conclui-que-oe-2016-integra-propostas-positivas-mas-nao-repoe-receitas-municipais\/#primaryimage"},"thumbnailUrl":"https:\/\/anmp.pt\/wp-content\/uploads\/2020\/01\/rascunho-automatico-115.jpg","articleSection":["Sem categoria"],"inLanguage":"en-US"},{"@type":"WebPage","@id":"https:\/\/anmp.pt\/anmp-conclui-que-oe-2016-integra-propostas-positivas-mas-nao-repoe-receitas-municipais\/","url":"https:\/\/anmp.pt\/anmp-conclui-que-oe-2016-integra-propostas-positivas-mas-nao-repoe-receitas-municipais\/","name":"[:pt]ANMP conclui que OE 2016 integra propostas positivas mas n\u00e3o rep\u00f5e receitas municipais[:] - Portal Institucional","isPartOf":{"@id":"https:\/\/anmp.pt\/#website"},"primaryImageOfPage":{"@id":"https:\/\/anmp.pt\/anmp-conclui-que-oe-2016-integra-propostas-positivas-mas-nao-repoe-receitas-municipais\/#primaryimage"},"image":{"@id":"https:\/\/anmp.pt\/anmp-conclui-que-oe-2016-integra-propostas-positivas-mas-nao-repoe-receitas-municipais\/#primaryimage"},"thumbnailUrl":"https:\/\/anmp.pt\/wp-content\/uploads\/2020\/01\/rascunho-automatico-115.jpg","datePublished":"2016-03-22T09:36:01+00:00","dateModified":"2020-01-13T09:37:43+00:00","breadcrumb":{"@id":"https:\/\/anmp.pt\/anmp-conclui-que-oe-2016-integra-propostas-positivas-mas-nao-repoe-receitas-municipais\/#breadcrumb"},"inLanguage":"en-US","potentialAction":[{"@type":"ReadAction","target":["https:\/\/anmp.pt\/anmp-conclui-que-oe-2016-integra-propostas-positivas-mas-nao-repoe-receitas-municipais\/"]}]},{"@type":"ImageObject","inLanguage":"en-US","@id":"https:\/\/anmp.pt\/anmp-conclui-que-oe-2016-integra-propostas-positivas-mas-nao-repoe-receitas-municipais\/#primaryimage","url":"https:\/\/anmp.pt\/wp-content\/uploads\/2020\/01\/rascunho-automatico-115.jpg","contentUrl":"https:\/\/anmp.pt\/wp-content\/uploads\/2020\/01\/rascunho-automatico-115.jpg","width":500,"height":309,"caption":"Rascunho autom\u00e1tico 849"},{"@type":"BreadcrumbList","@id":"https:\/\/anmp.pt\/anmp-conclui-que-oe-2016-integra-propostas-positivas-mas-nao-repoe-receitas-municipais\/#breadcrumb","itemListElement":[{"@type":"ListItem","position":1,"name":"In\u00edcio","item":"https:\/\/anmp.pt\/"},{"@type":"ListItem","position":2,"name":"ANMP conclui que OE 2016 integra propostas positivas mas n\u00e3o rep\u00f5e receitas municipais"}]},{"@type":"WebSite","@id":"https:\/\/anmp.pt\/#website","url":"https:\/\/anmp.pt\/","name":"Associa\u00e7\u00e3o Nacional de Munic\u00edpios Portugueses","description":"Portal Institucional","publisher":{"@id":"https:\/\/anmp.pt\/#organization"},"potentialAction":[{"@type":"SearchAction","target":{"@type":"EntryPoint","urlTemplate":"https:\/\/anmp.pt\/?s={search_term_string}"},"query-input":{"@type":"PropertyValueSpecification","valueRequired":true,"valueName":"search_term_string"}}],"inLanguage":"en-US"},{"@type":"Organization","@id":"https:\/\/anmp.pt\/#organization","name":"Associa\u00e7\u00e3o Nacional de Munic\u00edpios Portugueses","url":"https:\/\/anmp.pt\/","logo":{"@type":"ImageObject","inLanguage":"en-US","@id":"https:\/\/anmp.pt\/#\/schema\/logo\/image\/","url":"https:\/\/anmp.pt\/wp-content\/uploads\/2020\/06\/logo980400.png","contentUrl":"https:\/\/anmp.pt\/wp-content\/uploads\/2020\/06\/logo980400.png","width":980,"height":400,"caption":"Associa\u00e7\u00e3o Nacional de Munic\u00edpios Portugueses"},"image":{"@id":"https:\/\/anmp.pt\/#\/schema\/logo\/image\/"},"sameAs":["https:\/\/www.facebook.com\/ANMP.PT"]},{"@type":"Person","@id":"https:\/\/anmp.pt\/#\/schema\/person\/c9e44afb55b611864317da7036f14b78","name":"technical@skillmind.pt","image":{"@type":"ImageObject","inLanguage":"en-US","@id":"https:\/\/anmp.pt\/#\/schema\/person\/image\/","url":"https:\/\/secure.gravatar.com\/avatar\/1ba539f09e9b3468dd99ca1910cd910c?s=96&d=mm&r=g","contentUrl":"https:\/\/secure.gravatar.com\/avatar\/1ba539f09e9b3468dd99ca1910cd910c?s=96&d=mm&r=g","caption":"technical@skillmind.pt"}}]}},"_links":{"self":[{"href":"https:\/\/anmp.pt\/en\/wp-json\/wp\/v2\/posts\/7999","targetHints":{"allow":["GET"]}}],"collection":[{"href":"https:\/\/anmp.pt\/en\/wp-json\/wp\/v2\/posts"}],"about":[{"href":"https:\/\/anmp.pt\/en\/wp-json\/wp\/v2\/types\/post"}],"author":[{"embeddable":true,"href":"https:\/\/anmp.pt\/en\/wp-json\/wp\/v2\/users\/1"}],"replies":[{"embeddable":true,"href":"https:\/\/anmp.pt\/en\/wp-json\/wp\/v2\/comments?post=7999"}],"version-history":[{"count":0,"href":"https:\/\/anmp.pt\/en\/wp-json\/wp\/v2\/posts\/7999\/revisions"}],"wp:featuredmedia":[{"embeddable":true,"href":"https:\/\/anmp.pt\/en\/wp-json\/wp\/v2\/media\/8000"}],"wp:attachment":[{"href":"https:\/\/anmp.pt\/en\/wp-json\/wp\/v2\/media?parent=7999"}],"wp:term":[{"taxonomy":"category","embeddable":true,"href":"https:\/\/anmp.pt\/en\/wp-json\/wp\/v2\/categories?post=7999"},{"taxonomy":"post_tag","embeddable":true,"href":"https:\/\/anmp.pt\/en\/wp-json\/wp\/v2\/tags?post=7999"}],"curies":[{"name":"wp","href":"https:\/\/api.w.org\/{rel}","templated":true}]}}