{"id":17966,"date":"2016-05-24T13:47:35","date_gmt":"2016-05-24T12:47:35","guid":{"rendered":"https:\/\/anmp.pt\/?p=17966"},"modified":"2020-03-09T15:21:08","modified_gmt":"2020-03-09T15:21:08","slug":"premio-anmp-de-jornalismo-e-poder-local-foi-entregue-na-sede-da-anmp","status":"publish","type":"post","link":"https:\/\/anmp.pt\/es\/premio-anmp-de-jornalismo-e-poder-local-foi-entregue-na-sede-da-anmp\/","title":{"rendered":"(Portugu\u00eas) Pr\u00e9mio ANMP de Jornalismo e Poder Local foi entregue na sede da ANMP"},"content":{"rendered":"<p class=\"qtranxs-available-languages-message qtranxs-available-languages-message-es\">Disculpa, pero esta entrada est\u00e1 disponible s\u00f3lo en <a href=\"https:\/\/anmp.pt\/pt\/wp-json\/wp\/v2\/posts\/17966\" class=\"qtranxs-available-language-link qtranxs-available-language-link-pt\" title=\"Portugu\u00eas\">Portugu\u00eas<\/a>.<\/p><p><strong>Distinguidos Observador, Neg\u00f3cios, Jornal de Not\u00edcias e TSF &#8211;\u00a0Pr\u00e9mio ANMP de Jornalismo e Poder Local\u00a0<\/strong><strong>foi entregue na sede da ANMP<\/strong><\/p>\n<p>O Pr\u00e9mio ANMP de Jornalismo e Poder Local foi entregue, em cerim\u00f3nia p\u00fablica, na sede da Associa\u00e7\u00e3o Nacional de Munic\u00edpios Portugueses (ANMP), em Coimbra, numa sess\u00e3o solene que contou com a presen\u00e7a de todos os premiados, do patrocinador Lusit\u00e2nia Companhia de Seguros, de uma representa\u00e7\u00e3o do j\u00fari, dos colaboradores da Associa\u00e7\u00e3o, do Secret\u00e1rio Geral e do Presidente da ANMP.<\/p>\n<p>O j\u00fari do Pr\u00e9mio ANMP de Jornalismo e Poder Local 2016, composto pela jornalista Sara Otto Coelho, vencedora da edi\u00e7\u00e3o de 2015 do mesmo Pr\u00e9mio, por Isabel Nobre Vargues, Professora da Universidade de Coimbra, Jo\u00e3o Fonseca, jornalista da Ag\u00eancia Lusa, S\u00e9rgio Azenha, fotojornalista de v\u00e1rios \u00f3rg\u00e3os de comunica\u00e7\u00e3o social, e Miguel Costa Gomes, vice-presidente da ANMP, decidiu atribuir um 1.\u00ba Pr\u00e9mio e duas men\u00e7\u00f5es honrosas na categoria de Imprensa e um 1.\u00ba Pr\u00e9mio na categoria de R\u00e1dio.<\/p>\n<p>Na categoria de Imprensa, o j\u00fari decidiu atribuir o 1.\u00ba Pr\u00e9mio ao trabalho \u201cOs lisboetas sonham, a c\u00e2mara quer. E a obra, nasce?\u201d, do jornalista Jo\u00e3o Pedro Pincha, do jornal online Observador; a 1\u00aa Men\u00e7\u00e3o Honrosa ao trabalho \u201c\u00c9 um festival de estrangeiros e de dinheiro que invade Coura\u201d, do jornalista Bruno Sim\u00f5es, do jornal Neg\u00f3cios; e a 2.\u00aa Men\u00e7\u00e3o Honrosa ao trabalho \u201c\u00c1gua ficar\u00e1 mais cara para as fam\u00edlias de todo o pa\u00eds\u201d, da jornalista Alexandra Figueira, do Jornal de Not\u00edcias.<\/p>\n<p>Na categoria de R\u00e1dio, o j\u00fari decidiu atribuir o 1.\u00ba Pr\u00e9mio ao trabalho \u201cA escola do rock\u201d, do jornalista Rui Tukayana, com sonoplastia de Joaquim Dias, uma Grande Reportagem da TSF \u2013 R\u00e1dio Not\u00edcias.<\/p>\n<p>Conforme determina o regulamento do Pr\u00e9mio, os jornalistas distinguidos com o 1.\u00ba pr\u00e9mio na categoria de Imprensa e na categoria de R\u00e1dio receberam, cada um, um diploma e um cheque de 1500\u20ac. Os jornalistas distinguidos com as men\u00e7\u00f5es honrosas receberam um diploma e um voucher a utilizar numa pousada de Portugal. Todos os pr\u00e9mios foram patrocinados, em exclusivo, pela Lusit\u00e2nia Companhia de Seguros.<\/p>\n<p>O regulamento prev\u00ea ainda as categorias de Televis\u00e3o e de Fotojornalismo, mas n\u00e3o foram apresentados trabalhos concorrentes, pelo que se refor\u00e7a o desafio de que, no pr\u00f3ximo ano, possam estar em concurso trabalhos em todas as categorias: Imprensa, R\u00e1dio, Televis\u00e3o e Fotojornalismo, sem esquecer, naturalmente, os estudantes de jornalismo que podem concorrer em todas as categorias.<\/p>\n<p>Legenda da Foto<\/p>\n<p>Paulo Concei\u00e7\u00e3o (Diretor da Lusit\u00e2nia Companhia de Seguros), Jo\u00e3o Pedro Pincha (Observador), Bruno Sim\u00f5es (Neg\u00f3cios) Alexandra Figueira (Jornal de Not\u00edcias), Rui Tukayana (TSF), Manuel Machado (Presidente da ANMP).<\/p>\n<p>Trabalhos:<\/p>\n<p>&#8211; Categoria de Imprensa: <a href=\"https:\/\/anmp.pt\/wp-content\/uploads\/2020\/03\/ANMP-Premio2016-IMP-1P.pdf\" target=\"_blank\" rel=\"noopener\">1.\u00ba pr\u00e9mio<\/a> (Jo\u00e3o Pedro Pincha-Observador)| <a href=\"https:\/\/anmp.pt\/wp-content\/uploads\/2020\/03\/ANMP-Premio2016-IMP-1MH.pdf\" target=\"_blank\" rel=\"noopener\">1\u00aa Men\u00e7\u00e3o Honrosa<\/a> (Bruno Sim\u00f5es-Jornal Neg\u00f3cios)| <a href=\"https:\/\/anmp.pt\/wp-content\/uploads\/2020\/03\/ANMP-Premio2016-IMP-2MH.pdf\" target=\"_blank\" rel=\"noopener\">2\u00aa Men\u00e7\u00e3o Honrosa<\/a>\u00a0(Alexandra Figueira-Jornal de Not\u00edcias)<\/p>\n<p>&#8211; Categoria de R\u00e1dio: <a href=\"https:\/\/anmp.pt\/wp-content\/uploads\/2020\/03\/EscoladoRock-RuiTukayana_TSF.mp3\" target=\"_blank\" rel=\"noopener\">1.\u00ba pr\u00e9mio<\/a> (uma Grande Reportagem da TSF \u2013 R\u00e1dio Not\u00edcias)<\/p>","protected":false},"excerpt":{"rendered":"<p>Disculpa, pero esta entrada est\u00e1 disponible s\u00f3lo en Portugu\u00eas.Distinguidos Observador, Neg\u00f3cios, Jornal de Not\u00edcias e TSF &#8211;\u00a0Pr\u00e9mio ANMP de Jornalismo e Poder Local\u00a0foi entregue na sede da ANMP O Pr\u00e9mio ANMP de Jornalismo e Poder Local foi entregue, em cerim\u00f3nia p\u00fablica, na sede da Associa\u00e7\u00e3o Nacional de Munic\u00edpios Portugueses (ANMP), em Coimbra, numa sess\u00e3o solene [&hellip;]<\/p>\n","protected":false},"author":1,"featured_media":17967,"comment_status":"closed","ping_status":"closed","sticky":false,"template":"","format":"standard","meta":{"_acf_changed":false,"_exactmetrics_skip_tracking":false,"_exactmetrics_sitenote_active":false,"_exactmetrics_sitenote_note":"","_exactmetrics_sitenote_category":0,"footnotes":""},"categories":[1],"tags":[],"class_list":["post-17966","post","type-post","status-publish","format-standard","has-post-thumbnail","hentry","category-sem-categoria"],"acf":[],"yoast_head":"<!-- This site is optimized with the Yoast SEO plugin v23.9 - https:\/\/yoast.com\/wordpress\/plugins\/seo\/ -->\n<title><\/title>\n<meta name=\"robots\" content=\"index, follow, max-snippet:-1, max-image-preview:large, max-video-preview:-1\" \/>\n<link rel=\"canonical\" href=\"https:\/\/anmp.pt\/es\/premio-anmp-de-jornalismo-e-poder-local-foi-entregue-na-sede-da-anmp\/\" \/>\n<meta property=\"og:locale\" content=\"es_ES\" \/>\n<meta property=\"og:type\" content=\"article\" \/>\n<meta property=\"og:title\" content=\"[:pt]Pr\u00e9mio ANMP de Jornalismo e Poder Local foi entregue na sede da ANMP[:] - Portal Institucional\" \/>\n<meta property=\"og:description\" content=\"Disculpa, pero esta entrada est\u00e1 disponible s\u00f3lo en Portugu\u00eas.Distinguidos Observador, Neg\u00f3cios, Jornal de Not\u00edcias e TSF &#8211;\u00a0Pr\u00e9mio ANMP de Jornalismo e Poder Local\u00a0foi entregue na sede da ANMP O Pr\u00e9mio ANMP de Jornalismo e Poder Local foi entregue, em cerim\u00f3nia p\u00fablica, na sede da Associa\u00e7\u00e3o Nacional de Munic\u00edpios Portugueses (ANMP), em Coimbra, numa sess\u00e3o solene [&hellip;]\" \/>\n<meta property=\"og:url\" content=\"https:\/\/anmp.pt\/es\/premio-anmp-de-jornalismo-e-poder-local-foi-entregue-na-sede-da-anmp\/\" \/>\n<meta property=\"og:site_name\" content=\"Portal Institucional\" \/>\n<meta property=\"article:publisher\" content=\"https:\/\/www.facebook.com\/ANMP.PT\" \/>\n<meta property=\"article:published_time\" content=\"2016-05-24T12:47:35+00:00\" \/>\n<meta property=\"article:modified_time\" content=\"2020-03-09T15:21:08+00:00\" \/>\n<meta property=\"og:image\" content=\"https:\/\/anmp.pt\/wp-content\/uploads\/2020\/03\/PreJor1601.jpg\" \/>\n\t<meta property=\"og:image:width\" content=\"800\" \/>\n\t<meta property=\"og:image:height\" content=\"746\" \/>\n\t<meta property=\"og:image:type\" content=\"image\/jpeg\" \/>\n<meta name=\"author\" content=\"technical@skillmind.pt\" \/>\n<meta name=\"twitter:card\" content=\"summary_large_image\" \/>\n<script type=\"application\/ld+json\" class=\"yoast-schema-graph\">{\"@context\":\"https:\/\/schema.org\",\"@graph\":[{\"@type\":\"Article\",\"@id\":\"https:\/\/anmp.pt\/es\/premio-anmp-de-jornalismo-e-poder-local-foi-entregue-na-sede-da-anmp\/#article\",\"isPartOf\":{\"@id\":\"https:\/\/anmp.pt\/es\/premio-anmp-de-jornalismo-e-poder-local-foi-entregue-na-sede-da-anmp\/\"},\"author\":{\"name\":\"technical@skillmind.pt\",\"@id\":\"https:\/\/anmp.pt\/#\/schema\/person\/c9e44afb55b611864317da7036f14b78\"},\"headline\":\"(Portugu\u00eas) Pr\u00e9mio ANMP de Jornalismo e Poder Local foi entregue na sede da ANMP\",\"datePublished\":\"2016-05-24T12:47:35+00:00\",\"dateModified\":\"2020-03-09T15:21:08+00:00\",\"mainEntityOfPage\":{\"@id\":\"https:\/\/anmp.pt\/es\/premio-anmp-de-jornalismo-e-poder-local-foi-entregue-na-sede-da-anmp\/\"},\"wordCount\":534,\"publisher\":{\"@id\":\"https:\/\/anmp.pt\/#organization\"},\"image\":{\"@id\":\"https:\/\/anmp.pt\/es\/premio-anmp-de-jornalismo-e-poder-local-foi-entregue-na-sede-da-anmp\/#primaryimage\"},\"thumbnailUrl\":\"https:\/\/anmp.pt\/wp-content\/uploads\/2020\/03\/PreJor1601.jpg\",\"articleSection\":[\"Sem categoria\"],\"inLanguage\":\"es\"},{\"@type\":\"WebPage\",\"@id\":\"https:\/\/anmp.pt\/es\/premio-anmp-de-jornalismo-e-poder-local-foi-entregue-na-sede-da-anmp\/\",\"url\":\"https:\/\/anmp.pt\/es\/premio-anmp-de-jornalismo-e-poder-local-foi-entregue-na-sede-da-anmp\/\",\"name\":\"[:pt]Pr\u00e9mio ANMP de Jornalismo e Poder Local foi entregue na sede da ANMP[:] - Portal Institucional\",\"isPartOf\":{\"@id\":\"https:\/\/anmp.pt\/#website\"},\"primaryImageOfPage\":{\"@id\":\"https:\/\/anmp.pt\/es\/premio-anmp-de-jornalismo-e-poder-local-foi-entregue-na-sede-da-anmp\/#primaryimage\"},\"image\":{\"@id\":\"https:\/\/anmp.pt\/es\/premio-anmp-de-jornalismo-e-poder-local-foi-entregue-na-sede-da-anmp\/#primaryimage\"},\"thumbnailUrl\":\"https:\/\/anmp.pt\/wp-content\/uploads\/2020\/03\/PreJor1601.jpg\",\"datePublished\":\"2016-05-24T12:47:35+00:00\",\"dateModified\":\"2020-03-09T15:21:08+00:00\",\"breadcrumb\":{\"@id\":\"https:\/\/anmp.pt\/es\/premio-anmp-de-jornalismo-e-poder-local-foi-entregue-na-sede-da-anmp\/#breadcrumb\"},\"inLanguage\":\"es\",\"potentialAction\":[{\"@type\":\"ReadAction\",\"target\":[\"https:\/\/anmp.pt\/es\/premio-anmp-de-jornalismo-e-poder-local-foi-entregue-na-sede-da-anmp\/\"]}]},{\"@type\":\"ImageObject\",\"inLanguage\":\"es\",\"@id\":\"https:\/\/anmp.pt\/es\/premio-anmp-de-jornalismo-e-poder-local-foi-entregue-na-sede-da-anmp\/#primaryimage\",\"url\":\"https:\/\/anmp.pt\/wp-content\/uploads\/2020\/03\/PreJor1601.jpg\",\"contentUrl\":\"https:\/\/anmp.pt\/wp-content\/uploads\/2020\/03\/PreJor1601.jpg\",\"width\":800,\"height\":746},{\"@type\":\"BreadcrumbList\",\"@id\":\"https:\/\/anmp.pt\/es\/premio-anmp-de-jornalismo-e-poder-local-foi-entregue-na-sede-da-anmp\/#breadcrumb\",\"itemListElement\":[{\"@type\":\"ListItem\",\"position\":1,\"name\":\"In\u00edcio\",\"item\":\"https:\/\/anmp.pt\/\"},{\"@type\":\"ListItem\",\"position\":2,\"name\":\"(Portugu\u00eas) Pr\u00e9mio ANMP de Jornalismo e Poder Local foi entregue na sede da ANMP\"}]},{\"@type\":\"WebSite\",\"@id\":\"https:\/\/anmp.pt\/#website\",\"url\":\"https:\/\/anmp.pt\/\",\"name\":\"Associa\u00e7\u00e3o Nacional de Munic\u00edpios Portugueses\",\"description\":\"Portal Institucional\",\"publisher\":{\"@id\":\"https:\/\/anmp.pt\/#organization\"},\"potentialAction\":[{\"@type\":\"SearchAction\",\"target\":{\"@type\":\"EntryPoint\",\"urlTemplate\":\"https:\/\/anmp.pt\/?s={search_term_string}\"},\"query-input\":{\"@type\":\"PropertyValueSpecification\",\"valueRequired\":true,\"valueName\":\"search_term_string\"}}],\"inLanguage\":\"es\"},{\"@type\":\"Organization\",\"@id\":\"https:\/\/anmp.pt\/#organization\",\"name\":\"Associa\u00e7\u00e3o Nacional de Munic\u00edpios Portugueses\",\"url\":\"https:\/\/anmp.pt\/\",\"logo\":{\"@type\":\"ImageObject\",\"inLanguage\":\"es\",\"@id\":\"https:\/\/anmp.pt\/#\/schema\/logo\/image\/\",\"url\":\"https:\/\/anmp.pt\/wp-content\/uploads\/2020\/06\/logo980400.png\",\"contentUrl\":\"https:\/\/anmp.pt\/wp-content\/uploads\/2020\/06\/logo980400.png\",\"width\":980,\"height\":400,\"caption\":\"Associa\u00e7\u00e3o Nacional de Munic\u00edpios Portugueses\"},\"image\":{\"@id\":\"https:\/\/anmp.pt\/#\/schema\/logo\/image\/\"},\"sameAs\":[\"https:\/\/www.facebook.com\/ANMP.PT\"]},{\"@type\":\"Person\",\"@id\":\"https:\/\/anmp.pt\/#\/schema\/person\/c9e44afb55b611864317da7036f14b78\",\"name\":\"technical@skillmind.pt\",\"image\":{\"@type\":\"ImageObject\",\"inLanguage\":\"es\",\"@id\":\"https:\/\/anmp.pt\/#\/schema\/person\/image\/\",\"url\":\"https:\/\/secure.gravatar.com\/avatar\/1ba539f09e9b3468dd99ca1910cd910c?s=96&d=mm&r=g\",\"contentUrl\":\"https:\/\/secure.gravatar.com\/avatar\/1ba539f09e9b3468dd99ca1910cd910c?s=96&d=mm&r=g\",\"caption\":\"technical@skillmind.pt\"}}]}<\/script>\n<!-- \/ Yoast SEO plugin. -->","yoast_head_json":{"title":"[:pt]Pr\u00e9mio ANMP de Jornalismo e Poder Local foi entregue na sede da ANMP[:] - Portal Institucional","robots":{"index":"index","follow":"follow","max-snippet":"max-snippet:-1","max-image-preview":"max-image-preview:large","max-video-preview":"max-video-preview:-1"},"canonical":"https:\/\/anmp.pt\/es\/premio-anmp-de-jornalismo-e-poder-local-foi-entregue-na-sede-da-anmp\/","og_locale":"es_ES","og_type":"article","og_title":"[:pt]Pr\u00e9mio ANMP de Jornalismo e Poder Local foi entregue na sede da ANMP[:] - Portal Institucional","og_description":"Disculpa, pero esta entrada est\u00e1 disponible s\u00f3lo en Portugu\u00eas.Distinguidos Observador, Neg\u00f3cios, Jornal de Not\u00edcias e TSF &#8211;\u00a0Pr\u00e9mio ANMP de Jornalismo e Poder Local\u00a0foi entregue na sede da ANMP O Pr\u00e9mio ANMP de Jornalismo e Poder Local foi entregue, em cerim\u00f3nia p\u00fablica, na sede da Associa\u00e7\u00e3o Nacional de Munic\u00edpios Portugueses (ANMP), em Coimbra, numa sess\u00e3o solene [&hellip;]","og_url":"https:\/\/anmp.pt\/es\/premio-anmp-de-jornalismo-e-poder-local-foi-entregue-na-sede-da-anmp\/","og_site_name":"Portal Institucional","article_publisher":"https:\/\/www.facebook.com\/ANMP.PT","article_published_time":"2016-05-24T12:47:35+00:00","article_modified_time":"2020-03-09T15:21:08+00:00","og_image":[{"width":800,"height":746,"url":"https:\/\/anmp.pt\/wp-content\/uploads\/2020\/03\/PreJor1601.jpg","type":"image\/jpeg"}],"author":"technical@skillmind.pt","twitter_card":"summary_large_image","schema":{"@context":"https:\/\/schema.org","@graph":[{"@type":"Article","@id":"https:\/\/anmp.pt\/es\/premio-anmp-de-jornalismo-e-poder-local-foi-entregue-na-sede-da-anmp\/#article","isPartOf":{"@id":"https:\/\/anmp.pt\/es\/premio-anmp-de-jornalismo-e-poder-local-foi-entregue-na-sede-da-anmp\/"},"author":{"name":"technical@skillmind.pt","@id":"https:\/\/anmp.pt\/#\/schema\/person\/c9e44afb55b611864317da7036f14b78"},"headline":"(Portugu\u00eas) Pr\u00e9mio ANMP de Jornalismo e Poder Local foi entregue na sede da ANMP","datePublished":"2016-05-24T12:47:35+00:00","dateModified":"2020-03-09T15:21:08+00:00","mainEntityOfPage":{"@id":"https:\/\/anmp.pt\/es\/premio-anmp-de-jornalismo-e-poder-local-foi-entregue-na-sede-da-anmp\/"},"wordCount":534,"publisher":{"@id":"https:\/\/anmp.pt\/#organization"},"image":{"@id":"https:\/\/anmp.pt\/es\/premio-anmp-de-jornalismo-e-poder-local-foi-entregue-na-sede-da-anmp\/#primaryimage"},"thumbnailUrl":"https:\/\/anmp.pt\/wp-content\/uploads\/2020\/03\/PreJor1601.jpg","articleSection":["Sem categoria"],"inLanguage":"es"},{"@type":"WebPage","@id":"https:\/\/anmp.pt\/es\/premio-anmp-de-jornalismo-e-poder-local-foi-entregue-na-sede-da-anmp\/","url":"https:\/\/anmp.pt\/es\/premio-anmp-de-jornalismo-e-poder-local-foi-entregue-na-sede-da-anmp\/","name":"[:pt]Pr\u00e9mio ANMP de Jornalismo e Poder Local foi entregue na sede da ANMP[:] - Portal Institucional","isPartOf":{"@id":"https:\/\/anmp.pt\/#website"},"primaryImageOfPage":{"@id":"https:\/\/anmp.pt\/es\/premio-anmp-de-jornalismo-e-poder-local-foi-entregue-na-sede-da-anmp\/#primaryimage"},"image":{"@id":"https:\/\/anmp.pt\/es\/premio-anmp-de-jornalismo-e-poder-local-foi-entregue-na-sede-da-anmp\/#primaryimage"},"thumbnailUrl":"https:\/\/anmp.pt\/wp-content\/uploads\/2020\/03\/PreJor1601.jpg","datePublished":"2016-05-24T12:47:35+00:00","dateModified":"2020-03-09T15:21:08+00:00","breadcrumb":{"@id":"https:\/\/anmp.pt\/es\/premio-anmp-de-jornalismo-e-poder-local-foi-entregue-na-sede-da-anmp\/#breadcrumb"},"inLanguage":"es","potentialAction":[{"@type":"ReadAction","target":["https:\/\/anmp.pt\/es\/premio-anmp-de-jornalismo-e-poder-local-foi-entregue-na-sede-da-anmp\/"]}]},{"@type":"ImageObject","inLanguage":"es","@id":"https:\/\/anmp.pt\/es\/premio-anmp-de-jornalismo-e-poder-local-foi-entregue-na-sede-da-anmp\/#primaryimage","url":"https:\/\/anmp.pt\/wp-content\/uploads\/2020\/03\/PreJor1601.jpg","contentUrl":"https:\/\/anmp.pt\/wp-content\/uploads\/2020\/03\/PreJor1601.jpg","width":800,"height":746},{"@type":"BreadcrumbList","@id":"https:\/\/anmp.pt\/es\/premio-anmp-de-jornalismo-e-poder-local-foi-entregue-na-sede-da-anmp\/#breadcrumb","itemListElement":[{"@type":"ListItem","position":1,"name":"In\u00edcio","item":"https:\/\/anmp.pt\/"},{"@type":"ListItem","position":2,"name":"(Portugu\u00eas) Pr\u00e9mio ANMP de Jornalismo e Poder Local foi entregue na sede da ANMP"}]},{"@type":"WebSite","@id":"https:\/\/anmp.pt\/#website","url":"https:\/\/anmp.pt\/","name":"Associa\u00e7\u00e3o Nacional de Munic\u00edpios Portugueses","description":"Portal Institucional","publisher":{"@id":"https:\/\/anmp.pt\/#organization"},"potentialAction":[{"@type":"SearchAction","target":{"@type":"EntryPoint","urlTemplate":"https:\/\/anmp.pt\/?s={search_term_string}"},"query-input":{"@type":"PropertyValueSpecification","valueRequired":true,"valueName":"search_term_string"}}],"inLanguage":"es"},{"@type":"Organization","@id":"https:\/\/anmp.pt\/#organization","name":"Associa\u00e7\u00e3o Nacional de Munic\u00edpios Portugueses","url":"https:\/\/anmp.pt\/","logo":{"@type":"ImageObject","inLanguage":"es","@id":"https:\/\/anmp.pt\/#\/schema\/logo\/image\/","url":"https:\/\/anmp.pt\/wp-content\/uploads\/2020\/06\/logo980400.png","contentUrl":"https:\/\/anmp.pt\/wp-content\/uploads\/2020\/06\/logo980400.png","width":980,"height":400,"caption":"Associa\u00e7\u00e3o Nacional de Munic\u00edpios Portugueses"},"image":{"@id":"https:\/\/anmp.pt\/#\/schema\/logo\/image\/"},"sameAs":["https:\/\/www.facebook.com\/ANMP.PT"]},{"@type":"Person","@id":"https:\/\/anmp.pt\/#\/schema\/person\/c9e44afb55b611864317da7036f14b78","name":"technical@skillmind.pt","image":{"@type":"ImageObject","inLanguage":"es","@id":"https:\/\/anmp.pt\/#\/schema\/person\/image\/","url":"https:\/\/secure.gravatar.com\/avatar\/1ba539f09e9b3468dd99ca1910cd910c?s=96&d=mm&r=g","contentUrl":"https:\/\/secure.gravatar.com\/avatar\/1ba539f09e9b3468dd99ca1910cd910c?s=96&d=mm&r=g","caption":"technical@skillmind.pt"}}]}},"_links":{"self":[{"href":"https:\/\/anmp.pt\/es\/wp-json\/wp\/v2\/posts\/17966","targetHints":{"allow":["GET"]}}],"collection":[{"href":"https:\/\/anmp.pt\/es\/wp-json\/wp\/v2\/posts"}],"about":[{"href":"https:\/\/anmp.pt\/es\/wp-json\/wp\/v2\/types\/post"}],"author":[{"embeddable":true,"href":"https:\/\/anmp.pt\/es\/wp-json\/wp\/v2\/users\/1"}],"replies":[{"embeddable":true,"href":"https:\/\/anmp.pt\/es\/wp-json\/wp\/v2\/comments?post=17966"}],"version-history":[{"count":0,"href":"https:\/\/anmp.pt\/es\/wp-json\/wp\/v2\/posts\/17966\/revisions"}],"wp:featuredmedia":[{"embeddable":true,"href":"https:\/\/anmp.pt\/es\/wp-json\/wp\/v2\/media\/17967"}],"wp:attachment":[{"href":"https:\/\/anmp.pt\/es\/wp-json\/wp\/v2\/media?parent=17966"}],"wp:term":[{"taxonomy":"category","embeddable":true,"href":"https:\/\/anmp.pt\/es\/wp-json\/wp\/v2\/categories?post=17966"},{"taxonomy":"post_tag","embeddable":true,"href":"https:\/\/anmp.pt\/es\/wp-json\/wp\/v2\/tags?post=17966"}],"curies":[{"name":"wp","href":"https:\/\/api.w.org\/{rel}","templated":true}]}}