{"id":39328,"date":"2021-09-07T16:19:19","date_gmt":"2021-09-07T15:19:19","guid":{"rendered":"https:\/\/www.anmp.pt\/?p=39328"},"modified":"2021-09-09T17:39:19","modified_gmt":"2021-09-09T16:39:19","slug":"oe2022-anmp-envia-documento-previo-ao-governo","status":"publish","type":"post","link":"https:\/\/anmp.pt\/es\/oe2022-anmp-envia-documento-previo-ao-governo\/","title":{"rendered":"(Portugu\u00eas) OE2022: ANMP envia documento pr\u00e9vio ao Governo"},"content":{"rendered":"<p class=\"qtranxs-available-languages-message qtranxs-available-languages-message-es\">Disculpa, pero esta entrada est\u00e1 disponible s\u00f3lo en <a href=\"https:\/\/anmp.pt\/pt\/wp-json\/wp\/v2\/posts\/39328\" class=\"qtranxs-available-language-link qtranxs-available-language-link-pt\" title=\"Portugu\u00eas\">Portugu\u00eas<\/a>.<\/p><p><\/p>\n<p style=\"text-align: justify;\">A Associa\u00e7\u00e3o Nacional de Munic\u00edpios Portugueses (ANMP) aprovou, na reuni\u00e3o do Conselho Diretivo, um documento com considera\u00e7\u00f5es pr\u00e9vias relativas ao Or\u00e7amento do Estado (OE) 2022. Este documento, que j\u00e1 foi enviado ao Governo, antecipa a necessidade do pr\u00f3ximo OE \u201ccumprir uma justa reparti\u00e7\u00e3o\u201d dos recursos p\u00fablicos entre o Estado Central e os Munic\u00edpios, de modo a garantir \u201co equil\u00edbrio financeiro\u201d da Administra\u00e7\u00e3o Local e a \u201crecupera\u00e7\u00e3o econ\u00f3mica e social do Pa\u00eds\u201d.<br \/>\nNeste documento, que pode ser lido na \u00edntegra <a href=\"https:\/\/www.anmp.pt\/wp-content\/uploads\/2021\/09\/PLOE2022_CD20211007.pdf\" target=\"_blank\" rel=\"noopener noreferrer\">aqui<\/a>, a ANMP sublinha que o pr\u00f3ximo Or\u00e7amento de Estado deve respeitar integralmente a Lei das Finan\u00e7as Locais e n\u00e3o reduzir a transfer\u00eancia de verbas para as Autarquias.<\/p>\n<p><\/p>","protected":false},"excerpt":{"rendered":"<p>Disculpa, pero esta entrada est\u00e1 disponible s\u00f3lo en Portugu\u00eas. A Associa\u00e7\u00e3o Nacional de Munic\u00edpios Portugueses (ANMP) aprovou, na reuni\u00e3o do Conselho Diretivo, um documento com considera\u00e7\u00f5es pr\u00e9vias relativas ao Or\u00e7amento do Estado (OE) 2022. Este documento, que j\u00e1 foi enviado ao Governo, antecipa a necessidade do pr\u00f3ximo OE \u201ccumprir uma justa reparti\u00e7\u00e3o\u201d dos recursos p\u00fablicos [&hellip;]<\/p>\n","protected":false},"author":34,"featured_media":0,"comment_status":"closed","ping_status":"closed","sticky":false,"template":"","format":"standard","meta":{"_acf_changed":false,"_exactmetrics_skip_tracking":false,"_exactmetrics_sitenote_active":false,"_exactmetrics_sitenote_note":"","_exactmetrics_sitenote_category":0,"footnotes":""},"categories":[1555],"tags":[],"class_list":["post-39328","post","type-post","status-publish","format-standard","hentry","category-atualidade-2021"],"acf":[],"yoast_head":"<!-- This site is optimized with the Yoast SEO plugin v23.9 - https:\/\/yoast.com\/wordpress\/plugins\/seo\/ -->\n<title><\/title>\n<meta name=\"robots\" content=\"index, follow, max-snippet:-1, max-image-preview:large, max-video-preview:-1\" \/>\n<link rel=\"canonical\" href=\"https:\/\/anmp.pt\/oe2022-anmp-envia-documento-previo-ao-governo\/\" \/>\n<meta property=\"og:locale\" content=\"es_ES\" \/>\n<meta property=\"og:type\" content=\"article\" \/>\n<meta property=\"og:title\" content=\"[:pt]OE2022: ANMP envia documento pr\u00e9vio ao Governo[:] - Portal Institucional\" \/>\n<meta property=\"og:description\" content=\"Disculpa, pero esta entrada est\u00e1 disponible s\u00f3lo en Portugu\u00eas. A Associa\u00e7\u00e3o Nacional de Munic\u00edpios Portugueses (ANMP) aprovou, na reuni\u00e3o do Conselho Diretivo, um documento com considera\u00e7\u00f5es pr\u00e9vias relativas ao Or\u00e7amento do Estado (OE) 2022. Este documento, que j\u00e1 foi enviado ao Governo, antecipa a necessidade do pr\u00f3ximo OE \u201ccumprir uma justa reparti\u00e7\u00e3o\u201d dos recursos p\u00fablicos [&hellip;]\" \/>\n<meta property=\"og:url\" content=\"https:\/\/anmp.pt\/oe2022-anmp-envia-documento-previo-ao-governo\/\" \/>\n<meta property=\"og:site_name\" content=\"Portal Institucional\" \/>\n<meta property=\"article:publisher\" content=\"https:\/\/www.facebook.com\/ANMP.PT\" \/>\n<meta property=\"article:published_time\" content=\"2021-09-07T15:19:19+00:00\" \/>\n<meta property=\"article:modified_time\" content=\"2021-09-09T16:39:19+00:00\" \/>\n<meta name=\"author\" content=\"Aristides Carvalho\" \/>\n<meta name=\"twitter:card\" content=\"summary_large_image\" \/>\n<script type=\"application\/ld+json\" class=\"yoast-schema-graph\">{\"@context\":\"https:\/\/schema.org\",\"@graph\":[{\"@type\":\"Article\",\"@id\":\"https:\/\/anmp.pt\/oe2022-anmp-envia-documento-previo-ao-governo\/#article\",\"isPartOf\":{\"@id\":\"https:\/\/anmp.pt\/oe2022-anmp-envia-documento-previo-ao-governo\/\"},\"author\":{\"name\":\"Aristides Carvalho\",\"@id\":\"https:\/\/anmp.pt\/#\/schema\/person\/3e31ab197fc4b592367ad60b3dff1290\"},\"headline\":\"(Portugu\u00eas) OE2022: ANMP envia documento pr\u00e9vio ao Governo\",\"datePublished\":\"2021-09-07T15:19:19+00:00\",\"dateModified\":\"2021-09-09T16:39:19+00:00\",\"mainEntityOfPage\":{\"@id\":\"https:\/\/anmp.pt\/oe2022-anmp-envia-documento-previo-ao-governo\/\"},\"wordCount\":136,\"publisher\":{\"@id\":\"https:\/\/anmp.pt\/#organization\"},\"articleSection\":[\"Atualidade-2021\"],\"inLanguage\":\"es\"},{\"@type\":\"WebPage\",\"@id\":\"https:\/\/anmp.pt\/oe2022-anmp-envia-documento-previo-ao-governo\/\",\"url\":\"https:\/\/anmp.pt\/oe2022-anmp-envia-documento-previo-ao-governo\/\",\"name\":\"[:pt]OE2022: ANMP envia documento pr\u00e9vio ao Governo[:] - Portal Institucional\",\"isPartOf\":{\"@id\":\"https:\/\/anmp.pt\/#website\"},\"datePublished\":\"2021-09-07T15:19:19+00:00\",\"dateModified\":\"2021-09-09T16:39:19+00:00\",\"breadcrumb\":{\"@id\":\"https:\/\/anmp.pt\/oe2022-anmp-envia-documento-previo-ao-governo\/#breadcrumb\"},\"inLanguage\":\"es\",\"potentialAction\":[{\"@type\":\"ReadAction\",\"target\":[\"https:\/\/anmp.pt\/oe2022-anmp-envia-documento-previo-ao-governo\/\"]}]},{\"@type\":\"BreadcrumbList\",\"@id\":\"https:\/\/anmp.pt\/oe2022-anmp-envia-documento-previo-ao-governo\/#breadcrumb\",\"itemListElement\":[{\"@type\":\"ListItem\",\"position\":1,\"name\":\"In\u00edcio\",\"item\":\"https:\/\/anmp.pt\/\"},{\"@type\":\"ListItem\",\"position\":2,\"name\":\"OE2022: ANMP envia documento pr\u00e9vio ao Governo\"}]},{\"@type\":\"WebSite\",\"@id\":\"https:\/\/anmp.pt\/#website\",\"url\":\"https:\/\/anmp.pt\/\",\"name\":\"Associa\u00e7\u00e3o Nacional de Munic\u00edpios Portugueses\",\"description\":\"Portal Institucional\",\"publisher\":{\"@id\":\"https:\/\/anmp.pt\/#organization\"},\"potentialAction\":[{\"@type\":\"SearchAction\",\"target\":{\"@type\":\"EntryPoint\",\"urlTemplate\":\"https:\/\/anmp.pt\/?s={search_term_string}\"},\"query-input\":{\"@type\":\"PropertyValueSpecification\",\"valueRequired\":true,\"valueName\":\"search_term_string\"}}],\"inLanguage\":\"es\"},{\"@type\":\"Organization\",\"@id\":\"https:\/\/anmp.pt\/#organization\",\"name\":\"Associa\u00e7\u00e3o Nacional de Munic\u00edpios Portugueses\",\"url\":\"https:\/\/anmp.pt\/\",\"logo\":{\"@type\":\"ImageObject\",\"inLanguage\":\"es\",\"@id\":\"https:\/\/anmp.pt\/#\/schema\/logo\/image\/\",\"url\":\"https:\/\/anmp.pt\/wp-content\/uploads\/2020\/06\/logo980400.png\",\"contentUrl\":\"https:\/\/anmp.pt\/wp-content\/uploads\/2020\/06\/logo980400.png\",\"width\":980,\"height\":400,\"caption\":\"Associa\u00e7\u00e3o Nacional de Munic\u00edpios Portugueses\"},\"image\":{\"@id\":\"https:\/\/anmp.pt\/#\/schema\/logo\/image\/\"},\"sameAs\":[\"https:\/\/www.facebook.com\/ANMP.PT\"]},{\"@type\":\"Person\",\"@id\":\"https:\/\/anmp.pt\/#\/schema\/person\/3e31ab197fc4b592367ad60b3dff1290\",\"name\":\"Aristides Carvalho\",\"image\":{\"@type\":\"ImageObject\",\"inLanguage\":\"es\",\"@id\":\"https:\/\/anmp.pt\/#\/schema\/person\/image\/\",\"url\":\"https:\/\/secure.gravatar.com\/avatar\/b27ae6c145f7c02bcfc86e34bcfc4a53?s=96&d=mm&r=g\",\"contentUrl\":\"https:\/\/secure.gravatar.com\/avatar\/b27ae6c145f7c02bcfc86e34bcfc4a53?s=96&d=mm&r=g\",\"caption\":\"Aristides Carvalho\"}}]}<\/script>\n<!-- \/ Yoast SEO plugin. -->","yoast_head_json":{"title":"[:pt]OE2022: ANMP envia documento pr\u00e9vio ao Governo[:] - Portal Institucional","robots":{"index":"index","follow":"follow","max-snippet":"max-snippet:-1","max-image-preview":"max-image-preview:large","max-video-preview":"max-video-preview:-1"},"canonical":"https:\/\/anmp.pt\/oe2022-anmp-envia-documento-previo-ao-governo\/","og_locale":"es_ES","og_type":"article","og_title":"[:pt]OE2022: ANMP envia documento pr\u00e9vio ao Governo[:] - Portal Institucional","og_description":"Disculpa, pero esta entrada est\u00e1 disponible s\u00f3lo en Portugu\u00eas. A Associa\u00e7\u00e3o Nacional de Munic\u00edpios Portugueses (ANMP) aprovou, na reuni\u00e3o do Conselho Diretivo, um documento com considera\u00e7\u00f5es pr\u00e9vias relativas ao Or\u00e7amento do Estado (OE) 2022. Este documento, que j\u00e1 foi enviado ao Governo, antecipa a necessidade do pr\u00f3ximo OE \u201ccumprir uma justa reparti\u00e7\u00e3o\u201d dos recursos p\u00fablicos [&hellip;]","og_url":"https:\/\/anmp.pt\/oe2022-anmp-envia-documento-previo-ao-governo\/","og_site_name":"Portal Institucional","article_publisher":"https:\/\/www.facebook.com\/ANMP.PT","article_published_time":"2021-09-07T15:19:19+00:00","article_modified_time":"2021-09-09T16:39:19+00:00","author":"Aristides Carvalho","twitter_card":"summary_large_image","schema":{"@context":"https:\/\/schema.org","@graph":[{"@type":"Article","@id":"https:\/\/anmp.pt\/oe2022-anmp-envia-documento-previo-ao-governo\/#article","isPartOf":{"@id":"https:\/\/anmp.pt\/oe2022-anmp-envia-documento-previo-ao-governo\/"},"author":{"name":"Aristides Carvalho","@id":"https:\/\/anmp.pt\/#\/schema\/person\/3e31ab197fc4b592367ad60b3dff1290"},"headline":"(Portugu\u00eas) OE2022: ANMP envia documento pr\u00e9vio ao Governo","datePublished":"2021-09-07T15:19:19+00:00","dateModified":"2021-09-09T16:39:19+00:00","mainEntityOfPage":{"@id":"https:\/\/anmp.pt\/oe2022-anmp-envia-documento-previo-ao-governo\/"},"wordCount":136,"publisher":{"@id":"https:\/\/anmp.pt\/#organization"},"articleSection":["Atualidade-2021"],"inLanguage":"es"},{"@type":"WebPage","@id":"https:\/\/anmp.pt\/oe2022-anmp-envia-documento-previo-ao-governo\/","url":"https:\/\/anmp.pt\/oe2022-anmp-envia-documento-previo-ao-governo\/","name":"[:pt]OE2022: ANMP envia documento pr\u00e9vio ao Governo[:] - Portal Institucional","isPartOf":{"@id":"https:\/\/anmp.pt\/#website"},"datePublished":"2021-09-07T15:19:19+00:00","dateModified":"2021-09-09T16:39:19+00:00","breadcrumb":{"@id":"https:\/\/anmp.pt\/oe2022-anmp-envia-documento-previo-ao-governo\/#breadcrumb"},"inLanguage":"es","potentialAction":[{"@type":"ReadAction","target":["https:\/\/anmp.pt\/oe2022-anmp-envia-documento-previo-ao-governo\/"]}]},{"@type":"BreadcrumbList","@id":"https:\/\/anmp.pt\/oe2022-anmp-envia-documento-previo-ao-governo\/#breadcrumb","itemListElement":[{"@type":"ListItem","position":1,"name":"In\u00edcio","item":"https:\/\/anmp.pt\/"},{"@type":"ListItem","position":2,"name":"OE2022: ANMP envia documento pr\u00e9vio ao Governo"}]},{"@type":"WebSite","@id":"https:\/\/anmp.pt\/#website","url":"https:\/\/anmp.pt\/","name":"Associa\u00e7\u00e3o Nacional de Munic\u00edpios Portugueses","description":"Portal Institucional","publisher":{"@id":"https:\/\/anmp.pt\/#organization"},"potentialAction":[{"@type":"SearchAction","target":{"@type":"EntryPoint","urlTemplate":"https:\/\/anmp.pt\/?s={search_term_string}"},"query-input":{"@type":"PropertyValueSpecification","valueRequired":true,"valueName":"search_term_string"}}],"inLanguage":"es"},{"@type":"Organization","@id":"https:\/\/anmp.pt\/#organization","name":"Associa\u00e7\u00e3o Nacional de Munic\u00edpios Portugueses","url":"https:\/\/anmp.pt\/","logo":{"@type":"ImageObject","inLanguage":"es","@id":"https:\/\/anmp.pt\/#\/schema\/logo\/image\/","url":"https:\/\/anmp.pt\/wp-content\/uploads\/2020\/06\/logo980400.png","contentUrl":"https:\/\/anmp.pt\/wp-content\/uploads\/2020\/06\/logo980400.png","width":980,"height":400,"caption":"Associa\u00e7\u00e3o Nacional de Munic\u00edpios Portugueses"},"image":{"@id":"https:\/\/anmp.pt\/#\/schema\/logo\/image\/"},"sameAs":["https:\/\/www.facebook.com\/ANMP.PT"]},{"@type":"Person","@id":"https:\/\/anmp.pt\/#\/schema\/person\/3e31ab197fc4b592367ad60b3dff1290","name":"Aristides Carvalho","image":{"@type":"ImageObject","inLanguage":"es","@id":"https:\/\/anmp.pt\/#\/schema\/person\/image\/","url":"https:\/\/secure.gravatar.com\/avatar\/b27ae6c145f7c02bcfc86e34bcfc4a53?s=96&d=mm&r=g","contentUrl":"https:\/\/secure.gravatar.com\/avatar\/b27ae6c145f7c02bcfc86e34bcfc4a53?s=96&d=mm&r=g","caption":"Aristides Carvalho"}}]}},"_links":{"self":[{"href":"https:\/\/anmp.pt\/es\/wp-json\/wp\/v2\/posts\/39328","targetHints":{"allow":["GET"]}}],"collection":[{"href":"https:\/\/anmp.pt\/es\/wp-json\/wp\/v2\/posts"}],"about":[{"href":"https:\/\/anmp.pt\/es\/wp-json\/wp\/v2\/types\/post"}],"author":[{"embeddable":true,"href":"https:\/\/anmp.pt\/es\/wp-json\/wp\/v2\/users\/34"}],"replies":[{"embeddable":true,"href":"https:\/\/anmp.pt\/es\/wp-json\/wp\/v2\/comments?post=39328"}],"version-history":[{"count":0,"href":"https:\/\/anmp.pt\/es\/wp-json\/wp\/v2\/posts\/39328\/revisions"}],"wp:attachment":[{"href":"https:\/\/anmp.pt\/es\/wp-json\/wp\/v2\/media?parent=39328"}],"wp:term":[{"taxonomy":"category","embeddable":true,"href":"https:\/\/anmp.pt\/es\/wp-json\/wp\/v2\/categories?post=39328"},{"taxonomy":"post_tag","embeddable":true,"href":"https:\/\/anmp.pt\/es\/wp-json\/wp\/v2\/tags?post=39328"}],"curies":[{"name":"wp","href":"https:\/\/api.w.org\/{rel}","templated":true}]}}