{"id":44937,"date":"2022-04-21T17:47:38","date_gmt":"2022-04-21T16:47:38","guid":{"rendered":"https:\/\/www.anmp.pt\/?p=44937"},"modified":"2022-04-21T17:47:38","modified_gmt":"2022-04-21T16:47:38","slug":"anmp-conselho-fiscal-elegeu-vice-presidentese-aprovou-pareceres-sobre-atividade-e-contas","status":"publish","type":"post","link":"https:\/\/anmp.pt\/es\/anmp-conselho-fiscal-elegeu-vice-presidentese-aprovou-pareceres-sobre-atividade-e-contas\/","title":{"rendered":"(Portugu\u00eas) ANMP: Conselho Fiscal elegeu vice-presidentes<br \/>e aprovou pareceres sobre atividade e contas"},"content":{"rendered":"<p class=\"qtranxs-available-languages-message qtranxs-available-languages-message-es\">Disculpa, pero esta entrada est\u00e1 disponible s\u00f3lo en <a href=\"https:\/\/anmp.pt\/pt\/wp-json\/wp\/v2\/posts\/44937\" class=\"qtranxs-available-language-link qtranxs-available-language-link-pt\" title=\"Portugu\u00eas\">Portugu\u00eas<\/a>.<\/p><p>O Conselho Fiscal da Associa\u00e7\u00e3o Nacional de Munic\u00edpios Portugueses (ANMP), presidido pelo presidente da Assembleia Municipal de Borba, Jorge Pinto, elegeu hoje &#8211; nos termos do n.\u00ba 4 do artigo 19.\u00ba dos Estatutos da ANMP &#8211; os seus cinco vice-presidentes: Benjamim Rodrigues (Macedo de Cavaleiros), Luis Paulo Costa (Arganil), Adelino Reis (Espinho), Em\u00eddio Sousa (Santa Maria da Feira) e Ant\u00f3nio Manuel Fonseca (Fornos de Algodres).<br \/>\nEste Conselho apreciou o Relat\u00f3rio e Contas da ANMP relativos a 2021, bem como o Plano de Atividades e Or\u00e7amento da ANMP para 2022, tendo aprovado, por unanimidade, Pareceres favor\u00e1veis, tendo em conta a coerente afeta\u00e7\u00e3o de recursos e o resultado operacional positivo que permite prever um cumprimento do Plano de Atividades para este ano sem exceder as disponibilidades financeiras da Associa\u00e7\u00e3o.<\/p>","protected":false},"excerpt":{"rendered":"<p>Disculpa, pero esta entrada est\u00e1 disponible s\u00f3lo en Portugu\u00eas.O Conselho Fiscal da Associa\u00e7\u00e3o Nacional de Munic\u00edpios Portugueses (ANMP), presidido pelo presidente da Assembleia Municipal de Borba, Jorge Pinto, elegeu hoje &#8211; nos termos do n.\u00ba 4 do artigo 19.\u00ba dos Estatutos da ANMP &#8211; os seus cinco vice-presidentes: Benjamim Rodrigues (Macedo de Cavaleiros), Luis Paulo [&hellip;]<\/p>\n","protected":false},"author":34,"featured_media":0,"comment_status":"closed","ping_status":"closed","sticky":false,"template":"","format":"standard","meta":{"_acf_changed":false,"_exactmetrics_skip_tracking":false,"_exactmetrics_sitenote_active":false,"_exactmetrics_sitenote_note":"","_exactmetrics_sitenote_category":0,"footnotes":""},"categories":[1602],"tags":[],"class_list":["post-44937","post","type-post","status-publish","format-standard","hentry","category-atualidade-2022"],"acf":[],"yoast_head":"<!-- This site is optimized with the Yoast SEO plugin v23.9 - https:\/\/yoast.com\/wordpress\/plugins\/seo\/ -->\n<title><\/title>\n<meta name=\"robots\" content=\"index, follow, max-snippet:-1, max-image-preview:large, max-video-preview:-1\" \/>\n<link rel=\"canonical\" href=\"https:\/\/anmp.pt\/anmp-conselho-fiscal-elegeu-vice-presidentese-aprovou-pareceres-sobre-atividade-e-contas\/\" \/>\n<meta property=\"og:locale\" content=\"es_ES\" \/>\n<meta property=\"og:type\" content=\"article\" \/>\n<meta property=\"og:title\" content=\"[:pt]ANMP: Conselho Fiscal elegeu vice-presidentese aprovou pareceres sobre atividade e contas[:] - Portal Institucional\" \/>\n<meta property=\"og:description\" content=\"Disculpa, pero esta entrada est\u00e1 disponible s\u00f3lo en Portugu\u00eas.O Conselho Fiscal da Associa\u00e7\u00e3o Nacional de Munic\u00edpios Portugueses (ANMP), presidido pelo presidente da Assembleia Municipal de Borba, Jorge Pinto, elegeu hoje &#8211; nos termos do n.\u00ba 4 do artigo 19.\u00ba dos Estatutos da ANMP &#8211; os seus cinco vice-presidentes: Benjamim Rodrigues (Macedo de Cavaleiros), Luis Paulo [&hellip;]\" \/>\n<meta property=\"og:url\" content=\"https:\/\/anmp.pt\/anmp-conselho-fiscal-elegeu-vice-presidentese-aprovou-pareceres-sobre-atividade-e-contas\/\" \/>\n<meta property=\"og:site_name\" content=\"Portal Institucional\" \/>\n<meta property=\"article:publisher\" content=\"https:\/\/www.facebook.com\/ANMP.PT\" \/>\n<meta property=\"article:published_time\" content=\"2022-04-21T16:47:38+00:00\" \/>\n<meta name=\"author\" content=\"Aristides Carvalho\" \/>\n<meta name=\"twitter:card\" content=\"summary_large_image\" \/>\n<script type=\"application\/ld+json\" class=\"yoast-schema-graph\">{\"@context\":\"https:\/\/schema.org\",\"@graph\":[{\"@type\":\"Article\",\"@id\":\"https:\/\/anmp.pt\/anmp-conselho-fiscal-elegeu-vice-presidentese-aprovou-pareceres-sobre-atividade-e-contas\/#article\",\"isPartOf\":{\"@id\":\"https:\/\/anmp.pt\/anmp-conselho-fiscal-elegeu-vice-presidentese-aprovou-pareceres-sobre-atividade-e-contas\/\"},\"author\":{\"name\":\"Aristides Carvalho\",\"@id\":\"https:\/\/anmp.pt\/#\/schema\/person\/3e31ab197fc4b592367ad60b3dff1290\"},\"headline\":\"(Portugu\u00eas) ANMP: Conselho Fiscal elegeu vice-presidentes e aprovou pareceres sobre atividade e contas\",\"datePublished\":\"2022-04-21T16:47:38+00:00\",\"dateModified\":\"2022-04-21T16:47:38+00:00\",\"mainEntityOfPage\":{\"@id\":\"https:\/\/anmp.pt\/anmp-conselho-fiscal-elegeu-vice-presidentese-aprovou-pareceres-sobre-atividade-e-contas\/\"},\"wordCount\":145,\"publisher\":{\"@id\":\"https:\/\/anmp.pt\/#organization\"},\"articleSection\":[\"Atualidade-2022\"],\"inLanguage\":\"es\"},{\"@type\":\"WebPage\",\"@id\":\"https:\/\/anmp.pt\/anmp-conselho-fiscal-elegeu-vice-presidentese-aprovou-pareceres-sobre-atividade-e-contas\/\",\"url\":\"https:\/\/anmp.pt\/anmp-conselho-fiscal-elegeu-vice-presidentese-aprovou-pareceres-sobre-atividade-e-contas\/\",\"name\":\"[:pt]ANMP: Conselho Fiscal elegeu vice-presidentes e aprovou pareceres sobre atividade e contas[:] - Portal Institucional\",\"isPartOf\":{\"@id\":\"https:\/\/anmp.pt\/#website\"},\"datePublished\":\"2022-04-21T16:47:38+00:00\",\"dateModified\":\"2022-04-21T16:47:38+00:00\",\"breadcrumb\":{\"@id\":\"https:\/\/anmp.pt\/anmp-conselho-fiscal-elegeu-vice-presidentese-aprovou-pareceres-sobre-atividade-e-contas\/#breadcrumb\"},\"inLanguage\":\"es\",\"potentialAction\":[{\"@type\":\"ReadAction\",\"target\":[\"https:\/\/anmp.pt\/anmp-conselho-fiscal-elegeu-vice-presidentese-aprovou-pareceres-sobre-atividade-e-contas\/\"]}]},{\"@type\":\"BreadcrumbList\",\"@id\":\"https:\/\/anmp.pt\/anmp-conselho-fiscal-elegeu-vice-presidentese-aprovou-pareceres-sobre-atividade-e-contas\/#breadcrumb\",\"itemListElement\":[{\"@type\":\"ListItem\",\"position\":1,\"name\":\"In\u00edcio\",\"item\":\"https:\/\/anmp.pt\/\"},{\"@type\":\"ListItem\",\"position\":2,\"name\":\"ANMP: Conselho Fiscal elegeu vice-presidentese aprovou pareceres sobre atividade e contas\"}]},{\"@type\":\"WebSite\",\"@id\":\"https:\/\/anmp.pt\/#website\",\"url\":\"https:\/\/anmp.pt\/\",\"name\":\"Associa\u00e7\u00e3o Nacional de Munic\u00edpios Portugueses\",\"description\":\"Portal Institucional\",\"publisher\":{\"@id\":\"https:\/\/anmp.pt\/#organization\"},\"potentialAction\":[{\"@type\":\"SearchAction\",\"target\":{\"@type\":\"EntryPoint\",\"urlTemplate\":\"https:\/\/anmp.pt\/?s={search_term_string}\"},\"query-input\":{\"@type\":\"PropertyValueSpecification\",\"valueRequired\":true,\"valueName\":\"search_term_string\"}}],\"inLanguage\":\"es\"},{\"@type\":\"Organization\",\"@id\":\"https:\/\/anmp.pt\/#organization\",\"name\":\"Associa\u00e7\u00e3o Nacional de Munic\u00edpios Portugueses\",\"url\":\"https:\/\/anmp.pt\/\",\"logo\":{\"@type\":\"ImageObject\",\"inLanguage\":\"es\",\"@id\":\"https:\/\/anmp.pt\/#\/schema\/logo\/image\/\",\"url\":\"https:\/\/anmp.pt\/wp-content\/uploads\/2020\/06\/logo980400.png\",\"contentUrl\":\"https:\/\/anmp.pt\/wp-content\/uploads\/2020\/06\/logo980400.png\",\"width\":980,\"height\":400,\"caption\":\"Associa\u00e7\u00e3o Nacional de Munic\u00edpios Portugueses\"},\"image\":{\"@id\":\"https:\/\/anmp.pt\/#\/schema\/logo\/image\/\"},\"sameAs\":[\"https:\/\/www.facebook.com\/ANMP.PT\"]},{\"@type\":\"Person\",\"@id\":\"https:\/\/anmp.pt\/#\/schema\/person\/3e31ab197fc4b592367ad60b3dff1290\",\"name\":\"Aristides Carvalho\",\"image\":{\"@type\":\"ImageObject\",\"inLanguage\":\"es\",\"@id\":\"https:\/\/anmp.pt\/#\/schema\/person\/image\/\",\"url\":\"https:\/\/secure.gravatar.com\/avatar\/b27ae6c145f7c02bcfc86e34bcfc4a53?s=96&d=mm&r=g\",\"contentUrl\":\"https:\/\/secure.gravatar.com\/avatar\/b27ae6c145f7c02bcfc86e34bcfc4a53?s=96&d=mm&r=g\",\"caption\":\"Aristides Carvalho\"}}]}<\/script>\n<!-- \/ Yoast SEO plugin. -->","yoast_head_json":{"title":"[:pt]ANMP: Conselho Fiscal elegeu vice-presidentese aprovou pareceres sobre atividade e contas[:] - Portal Institucional","robots":{"index":"index","follow":"follow","max-snippet":"max-snippet:-1","max-image-preview":"max-image-preview:large","max-video-preview":"max-video-preview:-1"},"canonical":"https:\/\/anmp.pt\/anmp-conselho-fiscal-elegeu-vice-presidentese-aprovou-pareceres-sobre-atividade-e-contas\/","og_locale":"es_ES","og_type":"article","og_title":"[:pt]ANMP: Conselho Fiscal elegeu vice-presidentese aprovou pareceres sobre atividade e contas[:] - Portal Institucional","og_description":"Disculpa, pero esta entrada est\u00e1 disponible s\u00f3lo en Portugu\u00eas.O Conselho Fiscal da Associa\u00e7\u00e3o Nacional de Munic\u00edpios Portugueses (ANMP), presidido pelo presidente da Assembleia Municipal de Borba, Jorge Pinto, elegeu hoje &#8211; nos termos do n.\u00ba 4 do artigo 19.\u00ba dos Estatutos da ANMP &#8211; os seus cinco vice-presidentes: Benjamim Rodrigues (Macedo de Cavaleiros), Luis Paulo [&hellip;]","og_url":"https:\/\/anmp.pt\/anmp-conselho-fiscal-elegeu-vice-presidentese-aprovou-pareceres-sobre-atividade-e-contas\/","og_site_name":"Portal Institucional","article_publisher":"https:\/\/www.facebook.com\/ANMP.PT","article_published_time":"2022-04-21T16:47:38+00:00","author":"Aristides Carvalho","twitter_card":"summary_large_image","schema":{"@context":"https:\/\/schema.org","@graph":[{"@type":"Article","@id":"https:\/\/anmp.pt\/anmp-conselho-fiscal-elegeu-vice-presidentese-aprovou-pareceres-sobre-atividade-e-contas\/#article","isPartOf":{"@id":"https:\/\/anmp.pt\/anmp-conselho-fiscal-elegeu-vice-presidentese-aprovou-pareceres-sobre-atividade-e-contas\/"},"author":{"name":"Aristides Carvalho","@id":"https:\/\/anmp.pt\/#\/schema\/person\/3e31ab197fc4b592367ad60b3dff1290"},"headline":"(Portugu\u00eas) ANMP: Conselho Fiscal elegeu vice-presidentes e aprovou pareceres sobre atividade e contas","datePublished":"2022-04-21T16:47:38+00:00","dateModified":"2022-04-21T16:47:38+00:00","mainEntityOfPage":{"@id":"https:\/\/anmp.pt\/anmp-conselho-fiscal-elegeu-vice-presidentese-aprovou-pareceres-sobre-atividade-e-contas\/"},"wordCount":145,"publisher":{"@id":"https:\/\/anmp.pt\/#organization"},"articleSection":["Atualidade-2022"],"inLanguage":"es"},{"@type":"WebPage","@id":"https:\/\/anmp.pt\/anmp-conselho-fiscal-elegeu-vice-presidentese-aprovou-pareceres-sobre-atividade-e-contas\/","url":"https:\/\/anmp.pt\/anmp-conselho-fiscal-elegeu-vice-presidentese-aprovou-pareceres-sobre-atividade-e-contas\/","name":"[:pt]ANMP: Conselho Fiscal elegeu vice-presidentes e aprovou pareceres sobre atividade e contas[:] - Portal Institucional","isPartOf":{"@id":"https:\/\/anmp.pt\/#website"},"datePublished":"2022-04-21T16:47:38+00:00","dateModified":"2022-04-21T16:47:38+00:00","breadcrumb":{"@id":"https:\/\/anmp.pt\/anmp-conselho-fiscal-elegeu-vice-presidentese-aprovou-pareceres-sobre-atividade-e-contas\/#breadcrumb"},"inLanguage":"es","potentialAction":[{"@type":"ReadAction","target":["https:\/\/anmp.pt\/anmp-conselho-fiscal-elegeu-vice-presidentese-aprovou-pareceres-sobre-atividade-e-contas\/"]}]},{"@type":"BreadcrumbList","@id":"https:\/\/anmp.pt\/anmp-conselho-fiscal-elegeu-vice-presidentese-aprovou-pareceres-sobre-atividade-e-contas\/#breadcrumb","itemListElement":[{"@type":"ListItem","position":1,"name":"In\u00edcio","item":"https:\/\/anmp.pt\/"},{"@type":"ListItem","position":2,"name":"ANMP: Conselho Fiscal elegeu vice-presidentese aprovou pareceres sobre atividade e contas"}]},{"@type":"WebSite","@id":"https:\/\/anmp.pt\/#website","url":"https:\/\/anmp.pt\/","name":"Associa\u00e7\u00e3o Nacional de Munic\u00edpios Portugueses","description":"Portal Institucional","publisher":{"@id":"https:\/\/anmp.pt\/#organization"},"potentialAction":[{"@type":"SearchAction","target":{"@type":"EntryPoint","urlTemplate":"https:\/\/anmp.pt\/?s={search_term_string}"},"query-input":{"@type":"PropertyValueSpecification","valueRequired":true,"valueName":"search_term_string"}}],"inLanguage":"es"},{"@type":"Organization","@id":"https:\/\/anmp.pt\/#organization","name":"Associa\u00e7\u00e3o Nacional de Munic\u00edpios Portugueses","url":"https:\/\/anmp.pt\/","logo":{"@type":"ImageObject","inLanguage":"es","@id":"https:\/\/anmp.pt\/#\/schema\/logo\/image\/","url":"https:\/\/anmp.pt\/wp-content\/uploads\/2020\/06\/logo980400.png","contentUrl":"https:\/\/anmp.pt\/wp-content\/uploads\/2020\/06\/logo980400.png","width":980,"height":400,"caption":"Associa\u00e7\u00e3o Nacional de Munic\u00edpios Portugueses"},"image":{"@id":"https:\/\/anmp.pt\/#\/schema\/logo\/image\/"},"sameAs":["https:\/\/www.facebook.com\/ANMP.PT"]},{"@type":"Person","@id":"https:\/\/anmp.pt\/#\/schema\/person\/3e31ab197fc4b592367ad60b3dff1290","name":"Aristides Carvalho","image":{"@type":"ImageObject","inLanguage":"es","@id":"https:\/\/anmp.pt\/#\/schema\/person\/image\/","url":"https:\/\/secure.gravatar.com\/avatar\/b27ae6c145f7c02bcfc86e34bcfc4a53?s=96&d=mm&r=g","contentUrl":"https:\/\/secure.gravatar.com\/avatar\/b27ae6c145f7c02bcfc86e34bcfc4a53?s=96&d=mm&r=g","caption":"Aristides Carvalho"}}]}},"_links":{"self":[{"href":"https:\/\/anmp.pt\/es\/wp-json\/wp\/v2\/posts\/44937","targetHints":{"allow":["GET"]}}],"collection":[{"href":"https:\/\/anmp.pt\/es\/wp-json\/wp\/v2\/posts"}],"about":[{"href":"https:\/\/anmp.pt\/es\/wp-json\/wp\/v2\/types\/post"}],"author":[{"embeddable":true,"href":"https:\/\/anmp.pt\/es\/wp-json\/wp\/v2\/users\/34"}],"replies":[{"embeddable":true,"href":"https:\/\/anmp.pt\/es\/wp-json\/wp\/v2\/comments?post=44937"}],"version-history":[{"count":0,"href":"https:\/\/anmp.pt\/es\/wp-json\/wp\/v2\/posts\/44937\/revisions"}],"wp:attachment":[{"href":"https:\/\/anmp.pt\/es\/wp-json\/wp\/v2\/media?parent=44937"}],"wp:term":[{"taxonomy":"category","embeddable":true,"href":"https:\/\/anmp.pt\/es\/wp-json\/wp\/v2\/categories?post=44937"},{"taxonomy":"post_tag","embeddable":true,"href":"https:\/\/anmp.pt\/es\/wp-json\/wp\/v2\/tags?post=44937"}],"curies":[{"name":"wp","href":"https:\/\/api.w.org\/{rel}","templated":true}]}}