{"id":45108,"date":"2022-05-02T15:24:15","date_gmt":"2022-05-02T14:24:15","guid":{"rendered":"https:\/\/www.anmp.pt\/?p=45108"},"modified":"2022-05-03T15:29:08","modified_gmt":"2022-05-03T14:29:08","slug":"presidente-da-anmp-lembra-a-importancia-crucial-dos-municipiosno-acolhimento-de-refugiados-da-ucrania","status":"publish","type":"post","link":"https:\/\/anmp.pt\/es\/presidente-da-anmp-lembra-a-importancia-crucial-dos-municipiosno-acolhimento-de-refugiados-da-ucrania\/","title":{"rendered":"(Portugu\u00eas) Presidente da ANMP lembra a import\u00e2ncia crucial dos munic\u00edpios<br \/>no acolhimento de refugiados da Ucr\u00e2nia"},"content":{"rendered":"<p class=\"qtranxs-available-languages-message qtranxs-available-languages-message-es\">Disculpa, pero esta entrada est\u00e1 disponible s\u00f3lo en <a href=\"https:\/\/anmp.pt\/pt\/wp-json\/wp\/v2\/posts\/45108\" class=\"qtranxs-available-language-link qtranxs-available-language-link-pt\" title=\"Portugu\u00eas\">Portugu\u00eas<\/a>.<\/p><p><\/p>\n<p style=\"text-align: justify;\">A presidente da Associa\u00e7\u00e3o Nacional dos Munic\u00edpios Portugueses (ANMP) disse hoje acreditar que a rece\u00e7\u00e3o de refugiados ucranianos em Set\u00fabal por alegados defensores do regime russo \u00e9 um \u201ccaso pontual\u201d, que n\u00e3o ter\u00e1 acontecido \u201cna generalidade\u201d dos munic\u00edpios.<br \/>\nEm declara\u00e7\u00f5es aos jornalistas, \u00e0 margem de uma reuni\u00e3o com os munic\u00edpios do Algarve, Lu\u00edsa Salgueiro apelou a que n\u00e3o se \u201cconfunda um problema que tenha havido, pontual, numa autarquia e se desvalorize as import\u00e2ncia crucial que os munic\u00edpios t\u00eam tido\u201d no acolhimento de refugiados ucranianos.<br \/>\nSegundo a tamb\u00e9m presidente da C\u00e2mara de Matosinhos, o epis\u00f3dio que envolveu a C\u00e2mara de Set\u00fabal ter-se-\u00e1 tratado de \u201cum caso pontual\u201d e a \u201cgeneralidade dos munic\u00edpios n\u00e3o tem processos id\u00eanticos\u201d. No entanto, frisou, a ANMP \u201cn\u00e3o \u00e9 a entidade fiscalizadora\u201d nesse dom\u00ednio.<br \/>\n\u201cN\u00e3o \u00e9 uma mat\u00e9ria que seja da compet\u00eancia da ANMP. A ANMP, desde o in\u00edcio da invas\u00e3o, que teve a preocupa\u00e7\u00e3o de articular as respostas entre todas as autarquias e criar plataformas de concerta\u00e7\u00e3o de respostas\u201d, referiu.<br \/>\nA presidente da associa\u00e7\u00e3o sublinhou que a responsabilidade, nesta mat\u00e9ria, \u00e9 do Alto Comissariado das Migra\u00e7\u00f5es, com quem a associa\u00e7\u00e3o articula a rece\u00e7\u00e3o e acolhimento de refugiados, uma vez que n\u00e3o faz \u201ctrabalho direto, munic\u00edpio a munic\u00edpio.\u201d<br \/>\n\u201cO importante, neste momento, primeiro, \u00e9 dizer que tem sido mais uma vez decisivo o papel das c\u00e2maras municipais na resposta e no acolhimento de primeira linha a estas popula\u00e7\u00f5es\u201d, apontou, \u00a0\u00a0frisando que n\u00e3o se deve desvalorizar o papel das autarquias no apoio aos refugiados.<br \/>\nDe acordo com a \u00faltima edi\u00e7\u00e3o do jornal Expresso,\u00a0refugiados ucranianos foram recebidos na C\u00e2mara de Set\u00fabal\u00a0por dois cidad\u00e3os de origem russa,\u00a0Igor Khashin, tamb\u00e9m l\u00edder da associa\u00e7\u00e3o Edinstvo, subsidiada pela autarquia desde 2005 e que recebeu apoios financeiros de quase 90 mil euros nos \u00faltimos tr\u00eas anos, e a mulher, Yulia Khashina, funcion\u00e1ria do munic\u00edpio sadino.<br \/>\nSegundo o jornal Expresso, Igor e Yulia ter\u00e3o, alegadamente, fotocopiado documentos de identifica\u00e7\u00e3o dos refugiados ucranianos, al\u00e9m de terem feito perguntas sobre o paradeiro de familiares que deixaram na Ucr\u00e2nia, \u00e0 margem do que estar\u00e1 previsto nestes casos.<br \/>\nEntretanto, a Comiss\u00e3o Nacional de Prote\u00e7\u00e3o de Dados (CNPD) anunciou a abertura um inqu\u00e9rito para perceber se houve ilegalidades no tratamento dos dados de refugiados ucranianos em Set\u00fabal, caso que foi, tamb\u00e9m, enviado para a Inspe\u00e7\u00e3o Geral das Finan\u00e7as, a quem competem os \u00abinqu\u00e9ritos e sindic\u00e2ncias\u00bb.<br \/>\nSegundo Lu\u00edsa Salgueiro, durante a reuni\u00e3o de hoje da ANMP que hoje se realizou na sede da Comunidade Intermunicipal do Algarve, em Faro, um dos temas mais falados foi a descentraliza\u00e7\u00e3o de compet\u00eancias, mat\u00e9ria na qual o Algarve est\u00e1 numa \u201csitua\u00e7\u00e3o bem mais avan\u00e7ada\u201d que no resto do pa\u00eds, referiu.<br \/>\nNo entanto, j\u00e1 na quinta-feira, na comiss\u00e3o parlamentar do or\u00e7amento, a ANMP pretende reivindicar a revis\u00e3o dos valores e os crit\u00e9rios de atribui\u00e7\u00e3o das verbas que se v\u00e3o transferir para os munic\u00edpios no \u00e2mbito do processo, adiantou.<br \/>\n\u201cVamos propor a atualiza\u00e7\u00e3o das verbas, vamos propor a revis\u00e3o dos crit\u00e9rios, \u00e9 isso que est\u00e1 na tomada de posi\u00e7\u00e3o que j\u00e1 envi\u00e1mos \u00e0 senhora ministra da Coes\u00e3o e que vamos apresentar quinta-feira\u201d, referiu, esclarecendo que n\u00e3o vai ser proposto um valor fixo, mas sim a revis\u00e3o de princ\u00edpios e regras.<br \/>\nDe acordo com a presidente da ANMP, as condi\u00e7\u00f5es estabelecidas aquando do arranque do processo de descentraliza\u00e7\u00e3o \u201cforam significativamente alteradas\u201d, primeiro com a pandemia de covid-19 e agora a guerra na Ucr\u00e2nia.<\/p>\n<p><\/p>","protected":false},"excerpt":{"rendered":"<p>Disculpa, pero esta entrada est\u00e1 disponible s\u00f3lo en Portugu\u00eas. A presidente da Associa\u00e7\u00e3o Nacional dos Munic\u00edpios Portugueses (ANMP) disse hoje acreditar que a rece\u00e7\u00e3o de refugiados ucranianos em Set\u00fabal por alegados defensores do regime russo \u00e9 um \u201ccaso pontual\u201d, que n\u00e3o ter\u00e1 acontecido \u201cna generalidade\u201d dos munic\u00edpios. Em declara\u00e7\u00f5es aos jornalistas, \u00e0 margem de uma [&hellip;]<\/p>\n","protected":false},"author":34,"featured_media":0,"comment_status":"closed","ping_status":"closed","sticky":false,"template":"","format":"standard","meta":{"_acf_changed":false,"_exactmetrics_skip_tracking":false,"_exactmetrics_sitenote_active":false,"_exactmetrics_sitenote_note":"","_exactmetrics_sitenote_category":0,"footnotes":""},"categories":[1602],"tags":[],"class_list":["post-45108","post","type-post","status-publish","format-standard","hentry","category-atualidade-2022"],"acf":[],"yoast_head":"<!-- This site is optimized with the Yoast SEO plugin v23.9 - https:\/\/yoast.com\/wordpress\/plugins\/seo\/ -->\n<title><\/title>\n<meta name=\"robots\" content=\"index, follow, max-snippet:-1, max-image-preview:large, max-video-preview:-1\" \/>\n<link rel=\"canonical\" href=\"https:\/\/anmp.pt\/en\/presidente-da-anmp-lembra-a-importancia-crucial-dos-municipiosno-acolhimento-de-refugiados-da-ucrania\/\" \/>\n<meta property=\"og:locale\" content=\"es_ES\" \/>\n<meta property=\"og:type\" content=\"article\" \/>\n<meta property=\"og:title\" content=\"[:pt]Presidente da ANMP lembra a import\u00e2ncia crucial dos munic\u00edpiosno acolhimento de refugiados da Ucr\u00e2nia[:] - Portal Institucional\" \/>\n<meta property=\"og:description\" content=\"Disculpa, pero esta entrada est\u00e1 disponible s\u00f3lo en Portugu\u00eas. A presidente da Associa\u00e7\u00e3o Nacional dos Munic\u00edpios Portugueses (ANMP) disse hoje acreditar que a rece\u00e7\u00e3o de refugiados ucranianos em Set\u00fabal por alegados defensores do regime russo \u00e9 um \u201ccaso pontual\u201d, que n\u00e3o ter\u00e1 acontecido \u201cna generalidade\u201d dos munic\u00edpios. Em declara\u00e7\u00f5es aos jornalistas, \u00e0 margem de uma [&hellip;]\" \/>\n<meta property=\"og:url\" content=\"https:\/\/anmp.pt\/en\/presidente-da-anmp-lembra-a-importancia-crucial-dos-municipiosno-acolhimento-de-refugiados-da-ucrania\/\" \/>\n<meta property=\"og:site_name\" content=\"Portal Institucional\" \/>\n<meta property=\"article:publisher\" content=\"https:\/\/www.facebook.com\/ANMP.PT\" \/>\n<meta property=\"article:published_time\" content=\"2022-05-02T14:24:15+00:00\" \/>\n<meta property=\"article:modified_time\" content=\"2022-05-03T14:29:08+00:00\" \/>\n<meta name=\"author\" content=\"Aristides Carvalho\" \/>\n<meta name=\"twitter:card\" content=\"summary_large_image\" \/>\n<script type=\"application\/ld+json\" class=\"yoast-schema-graph\">{\"@context\":\"https:\/\/schema.org\",\"@graph\":[{\"@type\":\"Article\",\"@id\":\"https:\/\/anmp.pt\/en\/presidente-da-anmp-lembra-a-importancia-crucial-dos-municipiosno-acolhimento-de-refugiados-da-ucrania\/#article\",\"isPartOf\":{\"@id\":\"https:\/\/anmp.pt\/en\/presidente-da-anmp-lembra-a-importancia-crucial-dos-municipiosno-acolhimento-de-refugiados-da-ucrania\/\"},\"author\":{\"name\":\"Aristides Carvalho\",\"@id\":\"https:\/\/anmp.pt\/#\/schema\/person\/3e31ab197fc4b592367ad60b3dff1290\"},\"headline\":\"(Portugu\u00eas) Presidente da ANMP lembra a import\u00e2ncia crucial dos munic\u00edpios no acolhimento de refugiados da Ucr\u00e2nia\",\"datePublished\":\"2022-05-02T14:24:15+00:00\",\"dateModified\":\"2022-05-03T14:29:08+00:00\",\"mainEntityOfPage\":{\"@id\":\"https:\/\/anmp.pt\/en\/presidente-da-anmp-lembra-a-importancia-crucial-dos-municipiosno-acolhimento-de-refugiados-da-ucrania\/\"},\"wordCount\":658,\"publisher\":{\"@id\":\"https:\/\/anmp.pt\/#organization\"},\"articleSection\":[\"Atualidade-2022\"],\"inLanguage\":\"es\"},{\"@type\":\"WebPage\",\"@id\":\"https:\/\/anmp.pt\/en\/presidente-da-anmp-lembra-a-importancia-crucial-dos-municipiosno-acolhimento-de-refugiados-da-ucrania\/\",\"url\":\"https:\/\/anmp.pt\/en\/presidente-da-anmp-lembra-a-importancia-crucial-dos-municipiosno-acolhimento-de-refugiados-da-ucrania\/\",\"name\":\"[:pt]Presidente da ANMP lembra a import\u00e2ncia crucial dos munic\u00edpios no acolhimento de refugiados da Ucr\u00e2nia[:] - Portal Institucional\",\"isPartOf\":{\"@id\":\"https:\/\/anmp.pt\/#website\"},\"datePublished\":\"2022-05-02T14:24:15+00:00\",\"dateModified\":\"2022-05-03T14:29:08+00:00\",\"breadcrumb\":{\"@id\":\"https:\/\/anmp.pt\/en\/presidente-da-anmp-lembra-a-importancia-crucial-dos-municipiosno-acolhimento-de-refugiados-da-ucrania\/#breadcrumb\"},\"inLanguage\":\"es\",\"potentialAction\":[{\"@type\":\"ReadAction\",\"target\":[\"https:\/\/anmp.pt\/en\/presidente-da-anmp-lembra-a-importancia-crucial-dos-municipiosno-acolhimento-de-refugiados-da-ucrania\/\"]}]},{\"@type\":\"BreadcrumbList\",\"@id\":\"https:\/\/anmp.pt\/en\/presidente-da-anmp-lembra-a-importancia-crucial-dos-municipiosno-acolhimento-de-refugiados-da-ucrania\/#breadcrumb\",\"itemListElement\":[{\"@type\":\"ListItem\",\"position\":1,\"name\":\"In\u00edcio\",\"item\":\"https:\/\/anmp.pt\/\"},{\"@type\":\"ListItem\",\"position\":2,\"name\":\"(Portugu\u00eas) Presidente da ANMP lembra a import\u00e2ncia crucial dos munic\u00edpiosno acolhimento de refugiados da Ucr\u00e2nia\"}]},{\"@type\":\"WebSite\",\"@id\":\"https:\/\/anmp.pt\/#website\",\"url\":\"https:\/\/anmp.pt\/\",\"name\":\"Associa\u00e7\u00e3o Nacional de Munic\u00edpios Portugueses\",\"description\":\"Portal Institucional\",\"publisher\":{\"@id\":\"https:\/\/anmp.pt\/#organization\"},\"potentialAction\":[{\"@type\":\"SearchAction\",\"target\":{\"@type\":\"EntryPoint\",\"urlTemplate\":\"https:\/\/anmp.pt\/?s={search_term_string}\"},\"query-input\":{\"@type\":\"PropertyValueSpecification\",\"valueRequired\":true,\"valueName\":\"search_term_string\"}}],\"inLanguage\":\"es\"},{\"@type\":\"Organization\",\"@id\":\"https:\/\/anmp.pt\/#organization\",\"name\":\"Associa\u00e7\u00e3o Nacional de Munic\u00edpios Portugueses\",\"url\":\"https:\/\/anmp.pt\/\",\"logo\":{\"@type\":\"ImageObject\",\"inLanguage\":\"es\",\"@id\":\"https:\/\/anmp.pt\/#\/schema\/logo\/image\/\",\"url\":\"https:\/\/anmp.pt\/wp-content\/uploads\/2020\/06\/logo980400.png\",\"contentUrl\":\"https:\/\/anmp.pt\/wp-content\/uploads\/2020\/06\/logo980400.png\",\"width\":980,\"height\":400,\"caption\":\"Associa\u00e7\u00e3o Nacional de Munic\u00edpios Portugueses\"},\"image\":{\"@id\":\"https:\/\/anmp.pt\/#\/schema\/logo\/image\/\"},\"sameAs\":[\"https:\/\/www.facebook.com\/ANMP.PT\"]},{\"@type\":\"Person\",\"@id\":\"https:\/\/anmp.pt\/#\/schema\/person\/3e31ab197fc4b592367ad60b3dff1290\",\"name\":\"Aristides Carvalho\",\"image\":{\"@type\":\"ImageObject\",\"inLanguage\":\"es\",\"@id\":\"https:\/\/anmp.pt\/#\/schema\/person\/image\/\",\"url\":\"https:\/\/secure.gravatar.com\/avatar\/b27ae6c145f7c02bcfc86e34bcfc4a53?s=96&d=mm&r=g\",\"contentUrl\":\"https:\/\/secure.gravatar.com\/avatar\/b27ae6c145f7c02bcfc86e34bcfc4a53?s=96&d=mm&r=g\",\"caption\":\"Aristides Carvalho\"}}]}<\/script>\n<!-- \/ Yoast SEO plugin. -->","yoast_head_json":{"title":"[:pt]Presidente da ANMP lembra a import\u00e2ncia crucial dos munic\u00edpiosno acolhimento de refugiados da Ucr\u00e2nia[:] - Portal Institucional","robots":{"index":"index","follow":"follow","max-snippet":"max-snippet:-1","max-image-preview":"max-image-preview:large","max-video-preview":"max-video-preview:-1"},"canonical":"https:\/\/anmp.pt\/en\/presidente-da-anmp-lembra-a-importancia-crucial-dos-municipiosno-acolhimento-de-refugiados-da-ucrania\/","og_locale":"es_ES","og_type":"article","og_title":"[:pt]Presidente da ANMP lembra a import\u00e2ncia crucial dos munic\u00edpiosno acolhimento de refugiados da Ucr\u00e2nia[:] - Portal Institucional","og_description":"Disculpa, pero esta entrada est\u00e1 disponible s\u00f3lo en Portugu\u00eas. A presidente da Associa\u00e7\u00e3o Nacional dos Munic\u00edpios Portugueses (ANMP) disse hoje acreditar que a rece\u00e7\u00e3o de refugiados ucranianos em Set\u00fabal por alegados defensores do regime russo \u00e9 um \u201ccaso pontual\u201d, que n\u00e3o ter\u00e1 acontecido \u201cna generalidade\u201d dos munic\u00edpios. Em declara\u00e7\u00f5es aos jornalistas, \u00e0 margem de uma [&hellip;]","og_url":"https:\/\/anmp.pt\/en\/presidente-da-anmp-lembra-a-importancia-crucial-dos-municipiosno-acolhimento-de-refugiados-da-ucrania\/","og_site_name":"Portal Institucional","article_publisher":"https:\/\/www.facebook.com\/ANMP.PT","article_published_time":"2022-05-02T14:24:15+00:00","article_modified_time":"2022-05-03T14:29:08+00:00","author":"Aristides Carvalho","twitter_card":"summary_large_image","schema":{"@context":"https:\/\/schema.org","@graph":[{"@type":"Article","@id":"https:\/\/anmp.pt\/en\/presidente-da-anmp-lembra-a-importancia-crucial-dos-municipiosno-acolhimento-de-refugiados-da-ucrania\/#article","isPartOf":{"@id":"https:\/\/anmp.pt\/en\/presidente-da-anmp-lembra-a-importancia-crucial-dos-municipiosno-acolhimento-de-refugiados-da-ucrania\/"},"author":{"name":"Aristides Carvalho","@id":"https:\/\/anmp.pt\/#\/schema\/person\/3e31ab197fc4b592367ad60b3dff1290"},"headline":"(Portugu\u00eas) Presidente da ANMP lembra a import\u00e2ncia crucial dos munic\u00edpios no acolhimento de refugiados da Ucr\u00e2nia","datePublished":"2022-05-02T14:24:15+00:00","dateModified":"2022-05-03T14:29:08+00:00","mainEntityOfPage":{"@id":"https:\/\/anmp.pt\/en\/presidente-da-anmp-lembra-a-importancia-crucial-dos-municipiosno-acolhimento-de-refugiados-da-ucrania\/"},"wordCount":658,"publisher":{"@id":"https:\/\/anmp.pt\/#organization"},"articleSection":["Atualidade-2022"],"inLanguage":"es"},{"@type":"WebPage","@id":"https:\/\/anmp.pt\/en\/presidente-da-anmp-lembra-a-importancia-crucial-dos-municipiosno-acolhimento-de-refugiados-da-ucrania\/","url":"https:\/\/anmp.pt\/en\/presidente-da-anmp-lembra-a-importancia-crucial-dos-municipiosno-acolhimento-de-refugiados-da-ucrania\/","name":"[:pt]Presidente da ANMP lembra a import\u00e2ncia crucial dos munic\u00edpios no acolhimento de refugiados da Ucr\u00e2nia[:] - Portal Institucional","isPartOf":{"@id":"https:\/\/anmp.pt\/#website"},"datePublished":"2022-05-02T14:24:15+00:00","dateModified":"2022-05-03T14:29:08+00:00","breadcrumb":{"@id":"https:\/\/anmp.pt\/en\/presidente-da-anmp-lembra-a-importancia-crucial-dos-municipiosno-acolhimento-de-refugiados-da-ucrania\/#breadcrumb"},"inLanguage":"es","potentialAction":[{"@type":"ReadAction","target":["https:\/\/anmp.pt\/en\/presidente-da-anmp-lembra-a-importancia-crucial-dos-municipiosno-acolhimento-de-refugiados-da-ucrania\/"]}]},{"@type":"BreadcrumbList","@id":"https:\/\/anmp.pt\/en\/presidente-da-anmp-lembra-a-importancia-crucial-dos-municipiosno-acolhimento-de-refugiados-da-ucrania\/#breadcrumb","itemListElement":[{"@type":"ListItem","position":1,"name":"In\u00edcio","item":"https:\/\/anmp.pt\/"},{"@type":"ListItem","position":2,"name":"(Portugu\u00eas) Presidente da ANMP lembra a import\u00e2ncia crucial dos munic\u00edpiosno acolhimento de refugiados da Ucr\u00e2nia"}]},{"@type":"WebSite","@id":"https:\/\/anmp.pt\/#website","url":"https:\/\/anmp.pt\/","name":"Associa\u00e7\u00e3o Nacional de Munic\u00edpios Portugueses","description":"Portal Institucional","publisher":{"@id":"https:\/\/anmp.pt\/#organization"},"potentialAction":[{"@type":"SearchAction","target":{"@type":"EntryPoint","urlTemplate":"https:\/\/anmp.pt\/?s={search_term_string}"},"query-input":{"@type":"PropertyValueSpecification","valueRequired":true,"valueName":"search_term_string"}}],"inLanguage":"es"},{"@type":"Organization","@id":"https:\/\/anmp.pt\/#organization","name":"Associa\u00e7\u00e3o Nacional de Munic\u00edpios Portugueses","url":"https:\/\/anmp.pt\/","logo":{"@type":"ImageObject","inLanguage":"es","@id":"https:\/\/anmp.pt\/#\/schema\/logo\/image\/","url":"https:\/\/anmp.pt\/wp-content\/uploads\/2020\/06\/logo980400.png","contentUrl":"https:\/\/anmp.pt\/wp-content\/uploads\/2020\/06\/logo980400.png","width":980,"height":400,"caption":"Associa\u00e7\u00e3o Nacional de Munic\u00edpios Portugueses"},"image":{"@id":"https:\/\/anmp.pt\/#\/schema\/logo\/image\/"},"sameAs":["https:\/\/www.facebook.com\/ANMP.PT"]},{"@type":"Person","@id":"https:\/\/anmp.pt\/#\/schema\/person\/3e31ab197fc4b592367ad60b3dff1290","name":"Aristides Carvalho","image":{"@type":"ImageObject","inLanguage":"es","@id":"https:\/\/anmp.pt\/#\/schema\/person\/image\/","url":"https:\/\/secure.gravatar.com\/avatar\/b27ae6c145f7c02bcfc86e34bcfc4a53?s=96&d=mm&r=g","contentUrl":"https:\/\/secure.gravatar.com\/avatar\/b27ae6c145f7c02bcfc86e34bcfc4a53?s=96&d=mm&r=g","caption":"Aristides Carvalho"}}]}},"_links":{"self":[{"href":"https:\/\/anmp.pt\/es\/wp-json\/wp\/v2\/posts\/45108","targetHints":{"allow":["GET"]}}],"collection":[{"href":"https:\/\/anmp.pt\/es\/wp-json\/wp\/v2\/posts"}],"about":[{"href":"https:\/\/anmp.pt\/es\/wp-json\/wp\/v2\/types\/post"}],"author":[{"embeddable":true,"href":"https:\/\/anmp.pt\/es\/wp-json\/wp\/v2\/users\/34"}],"replies":[{"embeddable":true,"href":"https:\/\/anmp.pt\/es\/wp-json\/wp\/v2\/comments?post=45108"}],"version-history":[{"count":0,"href":"https:\/\/anmp.pt\/es\/wp-json\/wp\/v2\/posts\/45108\/revisions"}],"wp:attachment":[{"href":"https:\/\/anmp.pt\/es\/wp-json\/wp\/v2\/media?parent=45108"}],"wp:term":[{"taxonomy":"category","embeddable":true,"href":"https:\/\/anmp.pt\/es\/wp-json\/wp\/v2\/categories?post=45108"},{"taxonomy":"post_tag","embeddable":true,"href":"https:\/\/anmp.pt\/es\/wp-json\/wp\/v2\/tags?post=45108"}],"curies":[{"name":"wp","href":"https:\/\/api.w.org\/{rel}","templated":true}]}}