{"id":50456,"date":"2022-12-13T11:55:47","date_gmt":"2022-12-13T11:55:47","guid":{"rendered":"https:\/\/www.anmp.pt\/?p=50456"},"modified":"2022-12-13T12:37:32","modified_gmt":"2022-12-13T12:37:32","slug":"distribuicao-de-eletricidade-em-baixa-tensaoanmp-assinou-acordo-com-e-redes","status":"publish","type":"post","link":"https:\/\/anmp.pt\/es\/distribuicao-de-eletricidade-em-baixa-tensaoanmp-assinou-acordo-com-e-redes\/","title":{"rendered":"(Portugu\u00eas) Distribui\u00e7\u00e3o de eletricidade em baixa tens\u00e3o:<BR \/>ANMP assinou acordo com E-Redes"},"content":{"rendered":"<p class=\"qtranxs-available-languages-message qtranxs-available-languages-message-es\">Disculpa, pero esta entrada est\u00e1 disponible s\u00f3lo en <a href=\"https:\/\/anmp.pt\/pt\/wp-json\/wp\/v2\/posts\/50456\" class=\"qtranxs-available-language-link qtranxs-available-language-link-pt\" title=\"Portugu\u00eas\">Portugu\u00eas<\/a>.<\/p><p><\/p>\n<p style=\"text-align: justify;\">A Associa\u00e7\u00e3o Nacional de Munic\u00edpios Portugueses assinou hoje um acordo com a E-Redes destinado a vigorar no per\u00edodo transit\u00f3rio que decorrer\u00e1 at\u00e9 ao lan\u00e7amento dos procedimentos de concurso p\u00fablico relativo \u00e0s concess\u00f5es de distribui\u00e7\u00e3o de eletricidade em baixa tens\u00e3o que ANMP tem reivindicado de forma insistente, e reitera, junto do Governo.<\/p>\n<p style=\"text-align: justify;\">Com este acordo, a ANMP pretende proporcionar aos munic\u00edpios, desde j\u00e1, mais e melhor informa\u00e7\u00e3o sobre as concess\u00f5es, a atualiza\u00e7\u00e3o tecnol\u00f3gica em benef\u00edcio da transi\u00e7\u00e3o energ\u00e9tica e ainda um outro n\u00edvel de acompanhamento dos contratos de concess\u00e3o por parte das autarquias.<\/p>\n<p style=\"text-align: justify;\">Nesta fase, este acordo \u00e9 essencial por n\u00e3o estarem, ainda, reunidas as condi\u00e7\u00f5es para que os munic\u00edpios possam lan\u00e7ar os procedimentos concursais relativos \u00e0s concess\u00f5es de distribui\u00e7\u00e3o de eletricidade em baixa tens\u00e3o.<\/p>\n<p style=\"text-align: justify;\">A Associa\u00e7\u00e3o sublinha que o artigo 285.\u00ba do Decreto-Lei n.\u00ba 15\/2022, de 14 de janeiro, prorrogou a vig\u00eancia dos contratos de concess\u00e3o, incluindo aqueles cujo prazo j\u00e1 terminou, permitindo a altera\u00e7\u00e3o de algumas das condi\u00e7\u00f5es contratuais atuais por acordo entre a E-REDES e a ANMP em articula\u00e7\u00e3o com o membro do Governo respons\u00e1vel pela \u00e1rea da energia.<\/p>\n<p style=\"text-align: justify;\">A ANMP considera que n\u00e3o era aceit\u00e1vel uma mera extens\u00e3o do prazo de vig\u00eancia dos contratos de concess\u00e3o, cujas condi\u00e7\u00f5es contratuais foram estabelecidas h\u00e1 muitos anos, e, conforme sublinhou a presidente Lu\u00edsa Salgueiro, no momento da assinatura do acordo, \u201ca Associa\u00e7\u00e3o \u00a0continua a reivindicar que o Governo proceda \u00e0 abertura do concurso, com a maior brevidade, para resolver em definitivo este problema das concess\u00f5es de distribui\u00e7\u00e3o de energia el\u00e9trica em baixa tens\u00e3o\u201d.<\/p>\n<p>&nbsp;<\/p>","protected":false},"excerpt":{"rendered":"<p>Disculpa, pero esta entrada est\u00e1 disponible s\u00f3lo en Portugu\u00eas. A Associa\u00e7\u00e3o Nacional de Munic\u00edpios Portugueses assinou hoje um acordo com a E-Redes destinado a vigorar no per\u00edodo transit\u00f3rio que decorrer\u00e1 at\u00e9 ao lan\u00e7amento dos procedimentos de concurso p\u00fablico relativo \u00e0s concess\u00f5es de distribui\u00e7\u00e3o de eletricidade em baixa tens\u00e3o que ANMP tem reivindicado de forma insistente, [&hellip;]<\/p>\n","protected":false},"author":34,"featured_media":0,"comment_status":"closed","ping_status":"closed","sticky":false,"template":"","format":"standard","meta":{"_acf_changed":false,"_exactmetrics_skip_tracking":false,"_exactmetrics_sitenote_active":false,"_exactmetrics_sitenote_note":"","_exactmetrics_sitenote_category":0,"footnotes":""},"categories":[1602],"tags":[],"class_list":["post-50456","post","type-post","status-publish","format-standard","hentry","category-atualidade-2022"],"acf":[],"yoast_head":"<!-- This site is optimized with the Yoast SEO plugin v23.9 - https:\/\/yoast.com\/wordpress\/plugins\/seo\/ -->\n<title><\/title>\n<meta name=\"robots\" content=\"index, follow, max-snippet:-1, max-image-preview:large, max-video-preview:-1\" \/>\n<link rel=\"canonical\" href=\"https:\/\/anmp.pt\/distribuicao-de-eletricidade-em-baixa-tensaoanmp-assinou-acordo-com-e-redes\/\" \/>\n<meta property=\"og:locale\" content=\"es_ES\" \/>\n<meta property=\"og:type\" content=\"article\" \/>\n<meta property=\"og:title\" content=\"[:pt]Distribui\u00e7\u00e3o de eletricidade em baixa tens\u00e3o:ANMP assinou acordo com E-Redes[:] - Portal Institucional\" \/>\n<meta property=\"og:description\" content=\"Disculpa, pero esta entrada est\u00e1 disponible s\u00f3lo en Portugu\u00eas. A Associa\u00e7\u00e3o Nacional de Munic\u00edpios Portugueses assinou hoje um acordo com a E-Redes destinado a vigorar no per\u00edodo transit\u00f3rio que decorrer\u00e1 at\u00e9 ao lan\u00e7amento dos procedimentos de concurso p\u00fablico relativo \u00e0s concess\u00f5es de distribui\u00e7\u00e3o de eletricidade em baixa tens\u00e3o que ANMP tem reivindicado de forma insistente, [&hellip;]\" \/>\n<meta property=\"og:url\" content=\"https:\/\/anmp.pt\/distribuicao-de-eletricidade-em-baixa-tensaoanmp-assinou-acordo-com-e-redes\/\" \/>\n<meta property=\"og:site_name\" content=\"Portal Institucional\" \/>\n<meta property=\"article:publisher\" content=\"https:\/\/www.facebook.com\/ANMP.PT\" \/>\n<meta property=\"article:published_time\" content=\"2022-12-13T11:55:47+00:00\" \/>\n<meta property=\"article:modified_time\" content=\"2022-12-13T12:37:32+00:00\" \/>\n<meta name=\"author\" content=\"Aristides Carvalho\" \/>\n<meta name=\"twitter:card\" content=\"summary_large_image\" \/>\n<script type=\"application\/ld+json\" class=\"yoast-schema-graph\">{\"@context\":\"https:\/\/schema.org\",\"@graph\":[{\"@type\":\"Article\",\"@id\":\"https:\/\/anmp.pt\/distribuicao-de-eletricidade-em-baixa-tensaoanmp-assinou-acordo-com-e-redes\/#article\",\"isPartOf\":{\"@id\":\"https:\/\/anmp.pt\/distribuicao-de-eletricidade-em-baixa-tensaoanmp-assinou-acordo-com-e-redes\/\"},\"author\":{\"name\":\"Aristides Carvalho\",\"@id\":\"https:\/\/anmp.pt\/#\/schema\/person\/3e31ab197fc4b592367ad60b3dff1290\"},\"headline\":\"(Portugu\u00eas) Distribui\u00e7\u00e3o de eletricidade em baixa tens\u00e3o: ANMP assinou acordo com E-Redes\",\"datePublished\":\"2022-12-13T11:55:47+00:00\",\"dateModified\":\"2022-12-13T12:37:32+00:00\",\"mainEntityOfPage\":{\"@id\":\"https:\/\/anmp.pt\/distribuicao-de-eletricidade-em-baixa-tensaoanmp-assinou-acordo-com-e-redes\/\"},\"wordCount\":309,\"publisher\":{\"@id\":\"https:\/\/anmp.pt\/#organization\"},\"articleSection\":[\"Atualidade-2022\"],\"inLanguage\":\"es\"},{\"@type\":\"WebPage\",\"@id\":\"https:\/\/anmp.pt\/distribuicao-de-eletricidade-em-baixa-tensaoanmp-assinou-acordo-com-e-redes\/\",\"url\":\"https:\/\/anmp.pt\/distribuicao-de-eletricidade-em-baixa-tensaoanmp-assinou-acordo-com-e-redes\/\",\"name\":\"[:pt]Distribui\u00e7\u00e3o de eletricidade em baixa tens\u00e3o: ANMP assinou acordo com E-Redes[:] - Portal Institucional\",\"isPartOf\":{\"@id\":\"https:\/\/anmp.pt\/#website\"},\"datePublished\":\"2022-12-13T11:55:47+00:00\",\"dateModified\":\"2022-12-13T12:37:32+00:00\",\"breadcrumb\":{\"@id\":\"https:\/\/anmp.pt\/distribuicao-de-eletricidade-em-baixa-tensaoanmp-assinou-acordo-com-e-redes\/#breadcrumb\"},\"inLanguage\":\"es\",\"potentialAction\":[{\"@type\":\"ReadAction\",\"target\":[\"https:\/\/anmp.pt\/distribuicao-de-eletricidade-em-baixa-tensaoanmp-assinou-acordo-com-e-redes\/\"]}]},{\"@type\":\"BreadcrumbList\",\"@id\":\"https:\/\/anmp.pt\/distribuicao-de-eletricidade-em-baixa-tensaoanmp-assinou-acordo-com-e-redes\/#breadcrumb\",\"itemListElement\":[{\"@type\":\"ListItem\",\"position\":1,\"name\":\"In\u00edcio\",\"item\":\"https:\/\/anmp.pt\/\"},{\"@type\":\"ListItem\",\"position\":2,\"name\":\"Distribui\u00e7\u00e3o de eletricidade em baixa tens\u00e3o:ANMP assinou acordo com E-Redes\"}]},{\"@type\":\"WebSite\",\"@id\":\"https:\/\/anmp.pt\/#website\",\"url\":\"https:\/\/anmp.pt\/\",\"name\":\"Associa\u00e7\u00e3o Nacional de Munic\u00edpios Portugueses\",\"description\":\"Portal Institucional\",\"publisher\":{\"@id\":\"https:\/\/anmp.pt\/#organization\"},\"potentialAction\":[{\"@type\":\"SearchAction\",\"target\":{\"@type\":\"EntryPoint\",\"urlTemplate\":\"https:\/\/anmp.pt\/?s={search_term_string}\"},\"query-input\":{\"@type\":\"PropertyValueSpecification\",\"valueRequired\":true,\"valueName\":\"search_term_string\"}}],\"inLanguage\":\"es\"},{\"@type\":\"Organization\",\"@id\":\"https:\/\/anmp.pt\/#organization\",\"name\":\"Associa\u00e7\u00e3o Nacional de Munic\u00edpios Portugueses\",\"url\":\"https:\/\/anmp.pt\/\",\"logo\":{\"@type\":\"ImageObject\",\"inLanguage\":\"es\",\"@id\":\"https:\/\/anmp.pt\/#\/schema\/logo\/image\/\",\"url\":\"https:\/\/anmp.pt\/wp-content\/uploads\/2020\/06\/logo980400.png\",\"contentUrl\":\"https:\/\/anmp.pt\/wp-content\/uploads\/2020\/06\/logo980400.png\",\"width\":980,\"height\":400,\"caption\":\"Associa\u00e7\u00e3o Nacional de Munic\u00edpios Portugueses\"},\"image\":{\"@id\":\"https:\/\/anmp.pt\/#\/schema\/logo\/image\/\"},\"sameAs\":[\"https:\/\/www.facebook.com\/ANMP.PT\"]},{\"@type\":\"Person\",\"@id\":\"https:\/\/anmp.pt\/#\/schema\/person\/3e31ab197fc4b592367ad60b3dff1290\",\"name\":\"Aristides Carvalho\",\"image\":{\"@type\":\"ImageObject\",\"inLanguage\":\"es\",\"@id\":\"https:\/\/anmp.pt\/#\/schema\/person\/image\/\",\"url\":\"https:\/\/secure.gravatar.com\/avatar\/b27ae6c145f7c02bcfc86e34bcfc4a53?s=96&d=mm&r=g\",\"contentUrl\":\"https:\/\/secure.gravatar.com\/avatar\/b27ae6c145f7c02bcfc86e34bcfc4a53?s=96&d=mm&r=g\",\"caption\":\"Aristides Carvalho\"}}]}<\/script>\n<!-- \/ Yoast SEO plugin. -->","yoast_head_json":{"title":"[:pt]Distribui\u00e7\u00e3o de eletricidade em baixa tens\u00e3o:ANMP assinou acordo com E-Redes[:] - Portal Institucional","robots":{"index":"index","follow":"follow","max-snippet":"max-snippet:-1","max-image-preview":"max-image-preview:large","max-video-preview":"max-video-preview:-1"},"canonical":"https:\/\/anmp.pt\/distribuicao-de-eletricidade-em-baixa-tensaoanmp-assinou-acordo-com-e-redes\/","og_locale":"es_ES","og_type":"article","og_title":"[:pt]Distribui\u00e7\u00e3o de eletricidade em baixa tens\u00e3o:ANMP assinou acordo com E-Redes[:] - Portal Institucional","og_description":"Disculpa, pero esta entrada est\u00e1 disponible s\u00f3lo en Portugu\u00eas. A Associa\u00e7\u00e3o Nacional de Munic\u00edpios Portugueses assinou hoje um acordo com a E-Redes destinado a vigorar no per\u00edodo transit\u00f3rio que decorrer\u00e1 at\u00e9 ao lan\u00e7amento dos procedimentos de concurso p\u00fablico relativo \u00e0s concess\u00f5es de distribui\u00e7\u00e3o de eletricidade em baixa tens\u00e3o que ANMP tem reivindicado de forma insistente, [&hellip;]","og_url":"https:\/\/anmp.pt\/distribuicao-de-eletricidade-em-baixa-tensaoanmp-assinou-acordo-com-e-redes\/","og_site_name":"Portal Institucional","article_publisher":"https:\/\/www.facebook.com\/ANMP.PT","article_published_time":"2022-12-13T11:55:47+00:00","article_modified_time":"2022-12-13T12:37:32+00:00","author":"Aristides Carvalho","twitter_card":"summary_large_image","schema":{"@context":"https:\/\/schema.org","@graph":[{"@type":"Article","@id":"https:\/\/anmp.pt\/distribuicao-de-eletricidade-em-baixa-tensaoanmp-assinou-acordo-com-e-redes\/#article","isPartOf":{"@id":"https:\/\/anmp.pt\/distribuicao-de-eletricidade-em-baixa-tensaoanmp-assinou-acordo-com-e-redes\/"},"author":{"name":"Aristides Carvalho","@id":"https:\/\/anmp.pt\/#\/schema\/person\/3e31ab197fc4b592367ad60b3dff1290"},"headline":"(Portugu\u00eas) Distribui\u00e7\u00e3o de eletricidade em baixa tens\u00e3o: ANMP assinou acordo com E-Redes","datePublished":"2022-12-13T11:55:47+00:00","dateModified":"2022-12-13T12:37:32+00:00","mainEntityOfPage":{"@id":"https:\/\/anmp.pt\/distribuicao-de-eletricidade-em-baixa-tensaoanmp-assinou-acordo-com-e-redes\/"},"wordCount":309,"publisher":{"@id":"https:\/\/anmp.pt\/#organization"},"articleSection":["Atualidade-2022"],"inLanguage":"es"},{"@type":"WebPage","@id":"https:\/\/anmp.pt\/distribuicao-de-eletricidade-em-baixa-tensaoanmp-assinou-acordo-com-e-redes\/","url":"https:\/\/anmp.pt\/distribuicao-de-eletricidade-em-baixa-tensaoanmp-assinou-acordo-com-e-redes\/","name":"[:pt]Distribui\u00e7\u00e3o de eletricidade em baixa tens\u00e3o: ANMP assinou acordo com E-Redes[:] - Portal Institucional","isPartOf":{"@id":"https:\/\/anmp.pt\/#website"},"datePublished":"2022-12-13T11:55:47+00:00","dateModified":"2022-12-13T12:37:32+00:00","breadcrumb":{"@id":"https:\/\/anmp.pt\/distribuicao-de-eletricidade-em-baixa-tensaoanmp-assinou-acordo-com-e-redes\/#breadcrumb"},"inLanguage":"es","potentialAction":[{"@type":"ReadAction","target":["https:\/\/anmp.pt\/distribuicao-de-eletricidade-em-baixa-tensaoanmp-assinou-acordo-com-e-redes\/"]}]},{"@type":"BreadcrumbList","@id":"https:\/\/anmp.pt\/distribuicao-de-eletricidade-em-baixa-tensaoanmp-assinou-acordo-com-e-redes\/#breadcrumb","itemListElement":[{"@type":"ListItem","position":1,"name":"In\u00edcio","item":"https:\/\/anmp.pt\/"},{"@type":"ListItem","position":2,"name":"Distribui\u00e7\u00e3o de eletricidade em baixa tens\u00e3o:ANMP assinou acordo com E-Redes"}]},{"@type":"WebSite","@id":"https:\/\/anmp.pt\/#website","url":"https:\/\/anmp.pt\/","name":"Associa\u00e7\u00e3o Nacional de Munic\u00edpios Portugueses","description":"Portal Institucional","publisher":{"@id":"https:\/\/anmp.pt\/#organization"},"potentialAction":[{"@type":"SearchAction","target":{"@type":"EntryPoint","urlTemplate":"https:\/\/anmp.pt\/?s={search_term_string}"},"query-input":{"@type":"PropertyValueSpecification","valueRequired":true,"valueName":"search_term_string"}}],"inLanguage":"es"},{"@type":"Organization","@id":"https:\/\/anmp.pt\/#organization","name":"Associa\u00e7\u00e3o Nacional de Munic\u00edpios Portugueses","url":"https:\/\/anmp.pt\/","logo":{"@type":"ImageObject","inLanguage":"es","@id":"https:\/\/anmp.pt\/#\/schema\/logo\/image\/","url":"https:\/\/anmp.pt\/wp-content\/uploads\/2020\/06\/logo980400.png","contentUrl":"https:\/\/anmp.pt\/wp-content\/uploads\/2020\/06\/logo980400.png","width":980,"height":400,"caption":"Associa\u00e7\u00e3o Nacional de Munic\u00edpios Portugueses"},"image":{"@id":"https:\/\/anmp.pt\/#\/schema\/logo\/image\/"},"sameAs":["https:\/\/www.facebook.com\/ANMP.PT"]},{"@type":"Person","@id":"https:\/\/anmp.pt\/#\/schema\/person\/3e31ab197fc4b592367ad60b3dff1290","name":"Aristides Carvalho","image":{"@type":"ImageObject","inLanguage":"es","@id":"https:\/\/anmp.pt\/#\/schema\/person\/image\/","url":"https:\/\/secure.gravatar.com\/avatar\/b27ae6c145f7c02bcfc86e34bcfc4a53?s=96&d=mm&r=g","contentUrl":"https:\/\/secure.gravatar.com\/avatar\/b27ae6c145f7c02bcfc86e34bcfc4a53?s=96&d=mm&r=g","caption":"Aristides Carvalho"}}]}},"_links":{"self":[{"href":"https:\/\/anmp.pt\/es\/wp-json\/wp\/v2\/posts\/50456","targetHints":{"allow":["GET"]}}],"collection":[{"href":"https:\/\/anmp.pt\/es\/wp-json\/wp\/v2\/posts"}],"about":[{"href":"https:\/\/anmp.pt\/es\/wp-json\/wp\/v2\/types\/post"}],"author":[{"embeddable":true,"href":"https:\/\/anmp.pt\/es\/wp-json\/wp\/v2\/users\/34"}],"replies":[{"embeddable":true,"href":"https:\/\/anmp.pt\/es\/wp-json\/wp\/v2\/comments?post=50456"}],"version-history":[{"count":0,"href":"https:\/\/anmp.pt\/es\/wp-json\/wp\/v2\/posts\/50456\/revisions"}],"wp:attachment":[{"href":"https:\/\/anmp.pt\/es\/wp-json\/wp\/v2\/media?parent=50456"}],"wp:term":[{"taxonomy":"category","embeddable":true,"href":"https:\/\/anmp.pt\/es\/wp-json\/wp\/v2\/categories?post=50456"},{"taxonomy":"post_tag","embeddable":true,"href":"https:\/\/anmp.pt\/es\/wp-json\/wp\/v2\/tags?post=50456"}],"curies":[{"name":"wp","href":"https:\/\/api.w.org\/{rel}","templated":true}]}}