{"id":17935,"date":"2017-06-20T12:26:33","date_gmt":"2017-06-20T11:26:33","guid":{"rendered":"https:\/\/anmp.pt\/?p=17935"},"modified":"2020-11-23T18:37:04","modified_gmt":"2020-11-23T18:37:04","slug":"premio-anmp-de-jornalismo-e-poder-local-2017-distinguiu-jornalistas-de-imprensa-radio-e-televisao","status":"publish","type":"post","link":"https:\/\/anmp.pt\/fr\/premio-anmp-de-jornalismo-e-poder-local-2017-distinguiu-jornalistas-de-imprensa-radio-e-televisao\/","title":{"rendered":"(Portugu\u00eas) Pr\u00e9mio ANMP de Jornalismo e Poder Local 2017 distinguiu Jornalistas de Imprensa, R\u00e1dio e Televis\u00e3o"},"content":{"rendered":"<p class=\"qtranxs-available-languages-message qtranxs-available-languages-message-fr\">D\u00e9sol\u00e9, cet article est seulement disponible en <a href=\"https:\/\/anmp.pt\/pt\/wp-json\/wp\/v2\/posts\/17935\" class=\"qtranxs-available-language-link qtranxs-available-language-link-pt\" title=\"Portugu\u00eas\">Portugu\u00eas<\/a>.<\/p><p>- Jornal de Not\u00edcias, Expresso e Di\u00e1rio de Not\u00edcias<br \/>\n&#8211; TSF, R\u00e1dio Not\u00edcias e Antena 1<br \/>\n&#8211; SIC e Centro TV<\/p>\n<p>O J\u00fari do Pr\u00e9mio ANMP de Jornalismo e Poder Local 2017 decidiu atribuir primeiros pr\u00e9mios e men\u00e7\u00f5es honrosas a trabalhos apresentados a concurso nas categorias de Imprensa, R\u00e1dio e Televis\u00e3o.<\/p>\n<p>A Mesa da entrega do Pr\u00e9mio ANMP de Jornalismo e Poder Local. Da esquerda para a direita: Rui Solheiro (Secret\u00e1rio Geral da ANMP), Fernando Nogueira (Presidente do CA da Lusit\u00e2nia Companhia de Seguros), Manuel Machado (Presidente da ANMP), Isabel Vargues (Professor universit\u00e1ria\/membro do j\u00fari) e Jo\u00e3o Fonseca (jornalista da Ag\u00eancia Lusa\/membro do j\u00fari)<\/p>\n<p>:: IMPRENSA<\/p>\n<p>O <a href=\"https:\/\/www.anmp.pt\/wp-content\/uploads\/2020\/11\/PremioANMP2017-40anos-JN.pdf\" target=\"_blank\" rel=\"noopener\">1.\u00ba Pr\u00e9mio, na categoria de Imprensa<\/a>, foi atribu\u00eddo \u00e0 globalidade do Dossi\u00ea \u201c40 anos a aproximar as popula\u00e7\u00f5es\u201d, do Jornal de Not\u00edcias, um trabalho conjunto dos jornalistas Alexandra Figueira, Carla Sofia Luz, Alexandra Lopes, Ana Peixoto Fernandes, C\u00e9lia Domingues, Roberto Bessa Moreira, Paulo Louren\u00e7o e Milene Marques, publicado a 2 de junho de 2016 e candidatado por Alexandra Figueira e Carla Sofia Luz.<br \/>\nO j\u00fari, que destacou a consist\u00eancia deste trabalho jornal\u00edstico do JN, decidiu tamb\u00e9m distinguir, com uma <a href=\"https:\/\/anmp.pt\/wp-content\/uploads\/2020\/03\/IMP_1MH_Capa.jpg\" target=\"_blank\" rel=\"noopener\">1.\u00aa Men\u00e7\u00e3o Honrosa<\/a>, o trabalho \u201cO novo fado de Lisboa\u201d, do Expresso, da autoria de Nelson Marques, publicado a 17 de dezembro de 2016.<br \/>\nAssim como entendeu atribuir uma <a href=\"https:\/\/anmp.pt\/wp-content\/uploads\/2020\/03\/IMP_2MH_Capa.jpg\" target=\"_blank\" rel=\"noopener\">2.\u00aa Men\u00e7\u00e3o Honrosa<\/a> ao Dossi\u00ea \u201cDesertifica\u00e7\u00e3o&#8230; Dev\u00edamos estar melhor&#8230; e cada vez estamos pior, Escolas que agora s\u00e3o ponto de encontro da aldeia, Na aldeia mais portuguesa quase n\u00e3o h\u00e1 portugueses\u201d, do Di\u00e1rio de Not\u00edcias, da autoria de C\u00e9u Neves, publicado a 10, 17 e 24 de abril de 2016.<\/p>\n<p>:: R\u00c1DIO<\/p>\n<p>Na Categoria de R\u00e1dio, o<a href=\"https:\/\/anmp.pt\/wp-content\/uploads\/2020\/03\/RAD_1P_apres.mp3\" target=\"_blank\" rel=\"noopener\"> 1.\u00ba Pr\u00e9mio foi atribu\u00eddo \u00e0 reportagem \u201cOuro Branco\u201d<\/a>, da autoria de Miguel Mid\u00f5es, da TSF R\u00e1dio Not\u00edcias, emitida em 6 de outubro de 2016, um trabalho que aborda o trabalho duro desenvolvido \u00e0 volta do sal na Figueira da Foz e em Aveiro, mas tamb\u00e9m a preserva\u00e7\u00e3o das tradi\u00e7\u00f5es relacionadas com este produto tradicional.<br \/>\nO j\u00fari decidiu tamb\u00e9m distinguir com uma <a href=\"https:\/\/anmp.pt\/wp-content\/uploads\/2020\/03\/RAD_1MH_apres.mp3\" target=\"_blank\" rel=\"noopener\">1.\u00aa Men\u00e7\u00e3o Honrosa<\/a> \u00e0 reportagem \u201cLisboa, cora\u00e7\u00e3o estrangeiro\u201d, de Ol\u00edvia Santos, da Antena 1, emitida a 14 de dezembro de 2016, bem como uma <a href=\"https:\/\/anmp.pt\/wp-content\/uploads\/2020\/03\/RAD_2MH_apres.mp3\" target=\"_blank\" rel=\"noopener\">2.\u00aa Men\u00e7\u00e3o Honrosa<\/a> \u00e0 reportagem \u201cUma ilha de esperan\u00e7a\u201d, da autoria de Celina Faria, da Antena 1 Madeira, emitida a 21 de setembro de 2016.<\/p>\n<p>:: TELEVIS\u00c3O<\/p>\n<p>Na categoria de Televis\u00e3o, o <a href=\"https:\/\/anmp.pt\/wp-content\/uploads\/2020\/03\/TV_1P_apres.mp4\" target=\"_blank\" rel=\"noopener\">1.\u00ba Pr\u00e9mio foi atribu\u00eddo \u00e0 r\u00fabrica \u201cEu \u00e9 que sou o presidente da junta\u201d<\/a>, da autoria de Miriam Alves, emitida no Jornal da Noite da SIC, em duas s\u00e9ries de 11 epis\u00f3dios, relativos a 11 freguesias, em 2016. Com imagem de Filipe Ferreira, edi\u00e7\u00e3o de imagem de Marco Carrasqueira, produ\u00e7\u00e3o editorial de Sandra Cadeireiro e grafismo de Patr\u00edcia Reis e Carla Gon\u00e7alves.<br \/>\nO j\u00fari decidiu ainda galardoar, com uma 1.\u00aa Men\u00e7\u00e3o Honrosa, a reportagem \u201cOr\u00e7amento Participativo\u201d, da autoria de Paulo Leit\u00e3o, da Centro TV, emitida em dezembro de 2016. Nesta categoria, o j\u00fari do Pr\u00e9mio decidiu n\u00e3o atribuir a <a href=\"https:\/\/anmp.pt\/wp-content\/uploads\/2020\/03\/TV_1P_apres.mp4\" target=\"_blank\" rel=\"noopener\">2.\u00aa Men\u00e7\u00e3o Honrosa<\/a>.<\/p>\n<p>Os pr\u00e9mios foram entregues em sess\u00e3o p\u00fablica, decorrida a 20 de junho 2017, presidida pelo Presidente da ANMP, Manuel Machado, com a presen\u00e7a do presidente do Conselho de Administra\u00e7\u00e3o da Lusit\u00e2nia, companhia de seguros, patrocinadora do Pr\u00e9mio ANMP de Jornalismo e Poder Local, Fernando Nogueira, o Secret\u00e1rio Geral da ANMP, Rui Solheiro e os membros do j\u00fari Isabel Vargues e Jo\u00e3o Fonseca.<\/p>","protected":false},"excerpt":{"rendered":"<p>D\u00e9sol\u00e9, cet article est seulement disponible en Portugu\u00eas.- Jornal de Not\u00edcias, Expresso e Di\u00e1rio de Not\u00edcias &#8211; TSF, R\u00e1dio Not\u00edcias e Antena 1 &#8211; SIC e Centro TV O J\u00fari do Pr\u00e9mio ANMP de Jornalismo e Poder Local 2017 decidiu atribuir primeiros pr\u00e9mios e men\u00e7\u00f5es honrosas a trabalhos apresentados a concurso nas categorias de Imprensa, [&hellip;]<\/p>\n","protected":false},"author":1,"featured_media":17936,"comment_status":"closed","ping_status":"closed","sticky":false,"template":"","format":"standard","meta":{"_acf_changed":false,"_exactmetrics_skip_tracking":false,"_exactmetrics_sitenote_active":false,"_exactmetrics_sitenote_note":"","_exactmetrics_sitenote_category":0,"footnotes":""},"categories":[1],"tags":[],"class_list":["post-17935","post","type-post","status-publish","format-standard","has-post-thumbnail","hentry","category-sem-categoria"],"acf":[],"yoast_head":"<!-- This site is optimized with the Yoast SEO plugin v23.9 - https:\/\/yoast.com\/wordpress\/plugins\/seo\/ -->\n<title><\/title>\n<meta name=\"robots\" content=\"index, follow, max-snippet:-1, max-image-preview:large, max-video-preview:-1\" \/>\n<link rel=\"canonical\" href=\"https:\/\/anmp.pt\/es\/premio-anmp-de-jornalismo-e-poder-local-2017-distinguiu-jornalistas-de-imprensa-radio-e-televisao\/\" \/>\n<meta property=\"og:locale\" content=\"fr_FR\" \/>\n<meta property=\"og:type\" content=\"article\" \/>\n<meta property=\"og:title\" content=\"[:pt]Pr\u00e9mio ANMP de Jornalismo e Poder Local 2017 distinguiu Jornalistas de Imprensa, R\u00e1dio e Televis\u00e3o[:] - Portal Institucional\" \/>\n<meta property=\"og:description\" content=\"D\u00e9sol\u00e9, cet article est seulement disponible en Portugu\u00eas.- Jornal de Not\u00edcias, Expresso e Di\u00e1rio de Not\u00edcias &#8211; TSF, R\u00e1dio Not\u00edcias e Antena 1 &#8211; SIC e Centro TV O J\u00fari do Pr\u00e9mio ANMP de Jornalismo e Poder Local 2017 decidiu atribuir primeiros pr\u00e9mios e men\u00e7\u00f5es honrosas a trabalhos apresentados a concurso nas categorias de Imprensa, [&hellip;]\" \/>\n<meta property=\"og:url\" content=\"https:\/\/anmp.pt\/es\/premio-anmp-de-jornalismo-e-poder-local-2017-distinguiu-jornalistas-de-imprensa-radio-e-televisao\/\" \/>\n<meta property=\"og:site_name\" content=\"Portal Institucional\" \/>\n<meta property=\"article:publisher\" content=\"https:\/\/www.facebook.com\/ANMP.PT\" \/>\n<meta property=\"article:published_time\" content=\"2017-06-20T11:26:33+00:00\" \/>\n<meta property=\"article:modified_time\" content=\"2020-11-23T18:37:04+00:00\" \/>\n<meta property=\"og:image\" content=\"https:\/\/anmp.pt\/wp-content\/uploads\/2020\/03\/01IMG_0166.jpg\" \/>\n\t<meta property=\"og:image:width\" content=\"1920\" \/>\n\t<meta property=\"og:image:height\" content=\"1280\" \/>\n\t<meta property=\"og:image:type\" content=\"image\/jpeg\" \/>\n<meta name=\"author\" content=\"technical@skillmind.pt\" \/>\n<meta name=\"twitter:card\" content=\"summary_large_image\" \/>\n<script type=\"application\/ld+json\" class=\"yoast-schema-graph\">{\"@context\":\"https:\/\/schema.org\",\"@graph\":[{\"@type\":\"Article\",\"@id\":\"https:\/\/anmp.pt\/es\/premio-anmp-de-jornalismo-e-poder-local-2017-distinguiu-jornalistas-de-imprensa-radio-e-televisao\/#article\",\"isPartOf\":{\"@id\":\"https:\/\/anmp.pt\/es\/premio-anmp-de-jornalismo-e-poder-local-2017-distinguiu-jornalistas-de-imprensa-radio-e-televisao\/\"},\"author\":{\"name\":\"technical@skillmind.pt\",\"@id\":\"https:\/\/anmp.pt\/#\/schema\/person\/c9e44afb55b611864317da7036f14b78\"},\"headline\":\"(Portugu\u00eas) Pr\u00e9mio ANMP de Jornalismo e Poder Local 2017 distinguiu Jornalistas de Imprensa, R\u00e1dio e Televis\u00e3o\",\"datePublished\":\"2017-06-20T11:26:33+00:00\",\"dateModified\":\"2020-11-23T18:37:04+00:00\",\"mainEntityOfPage\":{\"@id\":\"https:\/\/anmp.pt\/es\/premio-anmp-de-jornalismo-e-poder-local-2017-distinguiu-jornalistas-de-imprensa-radio-e-televisao\/\"},\"wordCount\":614,\"publisher\":{\"@id\":\"https:\/\/anmp.pt\/#organization\"},\"image\":{\"@id\":\"https:\/\/anmp.pt\/es\/premio-anmp-de-jornalismo-e-poder-local-2017-distinguiu-jornalistas-de-imprensa-radio-e-televisao\/#primaryimage\"},\"thumbnailUrl\":\"https:\/\/anmp.pt\/wp-content\/uploads\/2020\/03\/01IMG_0166.jpg\",\"articleSection\":[\"Sem categoria\"],\"inLanguage\":\"fr-FR\"},{\"@type\":\"WebPage\",\"@id\":\"https:\/\/anmp.pt\/es\/premio-anmp-de-jornalismo-e-poder-local-2017-distinguiu-jornalistas-de-imprensa-radio-e-televisao\/\",\"url\":\"https:\/\/anmp.pt\/es\/premio-anmp-de-jornalismo-e-poder-local-2017-distinguiu-jornalistas-de-imprensa-radio-e-televisao\/\",\"name\":\"[:pt]Pr\u00e9mio ANMP de Jornalismo e Poder Local 2017 distinguiu Jornalistas de Imprensa, R\u00e1dio e Televis\u00e3o[:] - Portal Institucional\",\"isPartOf\":{\"@id\":\"https:\/\/anmp.pt\/#website\"},\"primaryImageOfPage\":{\"@id\":\"https:\/\/anmp.pt\/es\/premio-anmp-de-jornalismo-e-poder-local-2017-distinguiu-jornalistas-de-imprensa-radio-e-televisao\/#primaryimage\"},\"image\":{\"@id\":\"https:\/\/anmp.pt\/es\/premio-anmp-de-jornalismo-e-poder-local-2017-distinguiu-jornalistas-de-imprensa-radio-e-televisao\/#primaryimage\"},\"thumbnailUrl\":\"https:\/\/anmp.pt\/wp-content\/uploads\/2020\/03\/01IMG_0166.jpg\",\"datePublished\":\"2017-06-20T11:26:33+00:00\",\"dateModified\":\"2020-11-23T18:37:04+00:00\",\"breadcrumb\":{\"@id\":\"https:\/\/anmp.pt\/es\/premio-anmp-de-jornalismo-e-poder-local-2017-distinguiu-jornalistas-de-imprensa-radio-e-televisao\/#breadcrumb\"},\"inLanguage\":\"fr-FR\",\"potentialAction\":[{\"@type\":\"ReadAction\",\"target\":[\"https:\/\/anmp.pt\/es\/premio-anmp-de-jornalismo-e-poder-local-2017-distinguiu-jornalistas-de-imprensa-radio-e-televisao\/\"]}]},{\"@type\":\"ImageObject\",\"inLanguage\":\"fr-FR\",\"@id\":\"https:\/\/anmp.pt\/es\/premio-anmp-de-jornalismo-e-poder-local-2017-distinguiu-jornalistas-de-imprensa-radio-e-televisao\/#primaryimage\",\"url\":\"https:\/\/anmp.pt\/wp-content\/uploads\/2020\/03\/01IMG_0166.jpg\",\"contentUrl\":\"https:\/\/anmp.pt\/wp-content\/uploads\/2020\/03\/01IMG_0166.jpg\",\"width\":1920,\"height\":1280},{\"@type\":\"BreadcrumbList\",\"@id\":\"https:\/\/anmp.pt\/es\/premio-anmp-de-jornalismo-e-poder-local-2017-distinguiu-jornalistas-de-imprensa-radio-e-televisao\/#breadcrumb\",\"itemListElement\":[{\"@type\":\"ListItem\",\"position\":1,\"name\":\"In\u00edcio\",\"item\":\"https:\/\/anmp.pt\/\"},{\"@type\":\"ListItem\",\"position\":2,\"name\":\"(Portugu\u00eas) Pr\u00e9mio ANMP de Jornalismo e Poder Local 2017 distinguiu Jornalistas de Imprensa, R\u00e1dio e Televis\u00e3o\"}]},{\"@type\":\"WebSite\",\"@id\":\"https:\/\/anmp.pt\/#website\",\"url\":\"https:\/\/anmp.pt\/\",\"name\":\"Associa\u00e7\u00e3o Nacional de Munic\u00edpios Portugueses\",\"description\":\"Portal Institucional\",\"publisher\":{\"@id\":\"https:\/\/anmp.pt\/#organization\"},\"potentialAction\":[{\"@type\":\"SearchAction\",\"target\":{\"@type\":\"EntryPoint\",\"urlTemplate\":\"https:\/\/anmp.pt\/?s={search_term_string}\"},\"query-input\":{\"@type\":\"PropertyValueSpecification\",\"valueRequired\":true,\"valueName\":\"search_term_string\"}}],\"inLanguage\":\"fr-FR\"},{\"@type\":\"Organization\",\"@id\":\"https:\/\/anmp.pt\/#organization\",\"name\":\"Associa\u00e7\u00e3o Nacional de Munic\u00edpios Portugueses\",\"url\":\"https:\/\/anmp.pt\/\",\"logo\":{\"@type\":\"ImageObject\",\"inLanguage\":\"fr-FR\",\"@id\":\"https:\/\/anmp.pt\/#\/schema\/logo\/image\/\",\"url\":\"https:\/\/anmp.pt\/wp-content\/uploads\/2020\/06\/logo980400.png\",\"contentUrl\":\"https:\/\/anmp.pt\/wp-content\/uploads\/2020\/06\/logo980400.png\",\"width\":980,\"height\":400,\"caption\":\"Associa\u00e7\u00e3o Nacional de Munic\u00edpios Portugueses\"},\"image\":{\"@id\":\"https:\/\/anmp.pt\/#\/schema\/logo\/image\/\"},\"sameAs\":[\"https:\/\/www.facebook.com\/ANMP.PT\"]},{\"@type\":\"Person\",\"@id\":\"https:\/\/anmp.pt\/#\/schema\/person\/c9e44afb55b611864317da7036f14b78\",\"name\":\"technical@skillmind.pt\",\"image\":{\"@type\":\"ImageObject\",\"inLanguage\":\"fr-FR\",\"@id\":\"https:\/\/anmp.pt\/#\/schema\/person\/image\/\",\"url\":\"https:\/\/secure.gravatar.com\/avatar\/1ba539f09e9b3468dd99ca1910cd910c?s=96&d=mm&r=g\",\"contentUrl\":\"https:\/\/secure.gravatar.com\/avatar\/1ba539f09e9b3468dd99ca1910cd910c?s=96&d=mm&r=g\",\"caption\":\"technical@skillmind.pt\"}}]}<\/script>\n<!-- \/ Yoast SEO plugin. -->","yoast_head_json":{"title":"[:pt]Pr\u00e9mio ANMP de Jornalismo e Poder Local 2017 distinguiu Jornalistas de Imprensa, R\u00e1dio e Televis\u00e3o[:] - Portal Institucional","robots":{"index":"index","follow":"follow","max-snippet":"max-snippet:-1","max-image-preview":"max-image-preview:large","max-video-preview":"max-video-preview:-1"},"canonical":"https:\/\/anmp.pt\/es\/premio-anmp-de-jornalismo-e-poder-local-2017-distinguiu-jornalistas-de-imprensa-radio-e-televisao\/","og_locale":"fr_FR","og_type":"article","og_title":"[:pt]Pr\u00e9mio ANMP de Jornalismo e Poder Local 2017 distinguiu Jornalistas de Imprensa, R\u00e1dio e Televis\u00e3o[:] - Portal Institucional","og_description":"D\u00e9sol\u00e9, cet article est seulement disponible en Portugu\u00eas.- Jornal de Not\u00edcias, Expresso e Di\u00e1rio de Not\u00edcias &#8211; TSF, R\u00e1dio Not\u00edcias e Antena 1 &#8211; SIC e Centro TV O J\u00fari do Pr\u00e9mio ANMP de Jornalismo e Poder Local 2017 decidiu atribuir primeiros pr\u00e9mios e men\u00e7\u00f5es honrosas a trabalhos apresentados a concurso nas categorias de Imprensa, [&hellip;]","og_url":"https:\/\/anmp.pt\/es\/premio-anmp-de-jornalismo-e-poder-local-2017-distinguiu-jornalistas-de-imprensa-radio-e-televisao\/","og_site_name":"Portal Institucional","article_publisher":"https:\/\/www.facebook.com\/ANMP.PT","article_published_time":"2017-06-20T11:26:33+00:00","article_modified_time":"2020-11-23T18:37:04+00:00","og_image":[{"width":1920,"height":1280,"url":"https:\/\/anmp.pt\/wp-content\/uploads\/2020\/03\/01IMG_0166.jpg","type":"image\/jpeg"}],"author":"technical@skillmind.pt","twitter_card":"summary_large_image","schema":{"@context":"https:\/\/schema.org","@graph":[{"@type":"Article","@id":"https:\/\/anmp.pt\/es\/premio-anmp-de-jornalismo-e-poder-local-2017-distinguiu-jornalistas-de-imprensa-radio-e-televisao\/#article","isPartOf":{"@id":"https:\/\/anmp.pt\/es\/premio-anmp-de-jornalismo-e-poder-local-2017-distinguiu-jornalistas-de-imprensa-radio-e-televisao\/"},"author":{"name":"technical@skillmind.pt","@id":"https:\/\/anmp.pt\/#\/schema\/person\/c9e44afb55b611864317da7036f14b78"},"headline":"(Portugu\u00eas) Pr\u00e9mio ANMP de Jornalismo e Poder Local 2017 distinguiu Jornalistas de Imprensa, R\u00e1dio e Televis\u00e3o","datePublished":"2017-06-20T11:26:33+00:00","dateModified":"2020-11-23T18:37:04+00:00","mainEntityOfPage":{"@id":"https:\/\/anmp.pt\/es\/premio-anmp-de-jornalismo-e-poder-local-2017-distinguiu-jornalistas-de-imprensa-radio-e-televisao\/"},"wordCount":614,"publisher":{"@id":"https:\/\/anmp.pt\/#organization"},"image":{"@id":"https:\/\/anmp.pt\/es\/premio-anmp-de-jornalismo-e-poder-local-2017-distinguiu-jornalistas-de-imprensa-radio-e-televisao\/#primaryimage"},"thumbnailUrl":"https:\/\/anmp.pt\/wp-content\/uploads\/2020\/03\/01IMG_0166.jpg","articleSection":["Sem categoria"],"inLanguage":"fr-FR"},{"@type":"WebPage","@id":"https:\/\/anmp.pt\/es\/premio-anmp-de-jornalismo-e-poder-local-2017-distinguiu-jornalistas-de-imprensa-radio-e-televisao\/","url":"https:\/\/anmp.pt\/es\/premio-anmp-de-jornalismo-e-poder-local-2017-distinguiu-jornalistas-de-imprensa-radio-e-televisao\/","name":"[:pt]Pr\u00e9mio ANMP de Jornalismo e Poder Local 2017 distinguiu Jornalistas de Imprensa, R\u00e1dio e Televis\u00e3o[:] - Portal Institucional","isPartOf":{"@id":"https:\/\/anmp.pt\/#website"},"primaryImageOfPage":{"@id":"https:\/\/anmp.pt\/es\/premio-anmp-de-jornalismo-e-poder-local-2017-distinguiu-jornalistas-de-imprensa-radio-e-televisao\/#primaryimage"},"image":{"@id":"https:\/\/anmp.pt\/es\/premio-anmp-de-jornalismo-e-poder-local-2017-distinguiu-jornalistas-de-imprensa-radio-e-televisao\/#primaryimage"},"thumbnailUrl":"https:\/\/anmp.pt\/wp-content\/uploads\/2020\/03\/01IMG_0166.jpg","datePublished":"2017-06-20T11:26:33+00:00","dateModified":"2020-11-23T18:37:04+00:00","breadcrumb":{"@id":"https:\/\/anmp.pt\/es\/premio-anmp-de-jornalismo-e-poder-local-2017-distinguiu-jornalistas-de-imprensa-radio-e-televisao\/#breadcrumb"},"inLanguage":"fr-FR","potentialAction":[{"@type":"ReadAction","target":["https:\/\/anmp.pt\/es\/premio-anmp-de-jornalismo-e-poder-local-2017-distinguiu-jornalistas-de-imprensa-radio-e-televisao\/"]}]},{"@type":"ImageObject","inLanguage":"fr-FR","@id":"https:\/\/anmp.pt\/es\/premio-anmp-de-jornalismo-e-poder-local-2017-distinguiu-jornalistas-de-imprensa-radio-e-televisao\/#primaryimage","url":"https:\/\/anmp.pt\/wp-content\/uploads\/2020\/03\/01IMG_0166.jpg","contentUrl":"https:\/\/anmp.pt\/wp-content\/uploads\/2020\/03\/01IMG_0166.jpg","width":1920,"height":1280},{"@type":"BreadcrumbList","@id":"https:\/\/anmp.pt\/es\/premio-anmp-de-jornalismo-e-poder-local-2017-distinguiu-jornalistas-de-imprensa-radio-e-televisao\/#breadcrumb","itemListElement":[{"@type":"ListItem","position":1,"name":"In\u00edcio","item":"https:\/\/anmp.pt\/"},{"@type":"ListItem","position":2,"name":"(Portugu\u00eas) Pr\u00e9mio ANMP de Jornalismo e Poder Local 2017 distinguiu Jornalistas de Imprensa, R\u00e1dio e Televis\u00e3o"}]},{"@type":"WebSite","@id":"https:\/\/anmp.pt\/#website","url":"https:\/\/anmp.pt\/","name":"Associa\u00e7\u00e3o Nacional de Munic\u00edpios Portugueses","description":"Portal Institucional","publisher":{"@id":"https:\/\/anmp.pt\/#organization"},"potentialAction":[{"@type":"SearchAction","target":{"@type":"EntryPoint","urlTemplate":"https:\/\/anmp.pt\/?s={search_term_string}"},"query-input":{"@type":"PropertyValueSpecification","valueRequired":true,"valueName":"search_term_string"}}],"inLanguage":"fr-FR"},{"@type":"Organization","@id":"https:\/\/anmp.pt\/#organization","name":"Associa\u00e7\u00e3o Nacional de Munic\u00edpios Portugueses","url":"https:\/\/anmp.pt\/","logo":{"@type":"ImageObject","inLanguage":"fr-FR","@id":"https:\/\/anmp.pt\/#\/schema\/logo\/image\/","url":"https:\/\/anmp.pt\/wp-content\/uploads\/2020\/06\/logo980400.png","contentUrl":"https:\/\/anmp.pt\/wp-content\/uploads\/2020\/06\/logo980400.png","width":980,"height":400,"caption":"Associa\u00e7\u00e3o Nacional de Munic\u00edpios Portugueses"},"image":{"@id":"https:\/\/anmp.pt\/#\/schema\/logo\/image\/"},"sameAs":["https:\/\/www.facebook.com\/ANMP.PT"]},{"@type":"Person","@id":"https:\/\/anmp.pt\/#\/schema\/person\/c9e44afb55b611864317da7036f14b78","name":"technical@skillmind.pt","image":{"@type":"ImageObject","inLanguage":"fr-FR","@id":"https:\/\/anmp.pt\/#\/schema\/person\/image\/","url":"https:\/\/secure.gravatar.com\/avatar\/1ba539f09e9b3468dd99ca1910cd910c?s=96&d=mm&r=g","contentUrl":"https:\/\/secure.gravatar.com\/avatar\/1ba539f09e9b3468dd99ca1910cd910c?s=96&d=mm&r=g","caption":"technical@skillmind.pt"}}]}},"_links":{"self":[{"href":"https:\/\/anmp.pt\/fr\/wp-json\/wp\/v2\/posts\/17935","targetHints":{"allow":["GET"]}}],"collection":[{"href":"https:\/\/anmp.pt\/fr\/wp-json\/wp\/v2\/posts"}],"about":[{"href":"https:\/\/anmp.pt\/fr\/wp-json\/wp\/v2\/types\/post"}],"author":[{"embeddable":true,"href":"https:\/\/anmp.pt\/fr\/wp-json\/wp\/v2\/users\/1"}],"replies":[{"embeddable":true,"href":"https:\/\/anmp.pt\/fr\/wp-json\/wp\/v2\/comments?post=17935"}],"version-history":[{"count":0,"href":"https:\/\/anmp.pt\/fr\/wp-json\/wp\/v2\/posts\/17935\/revisions"}],"wp:featuredmedia":[{"embeddable":true,"href":"https:\/\/anmp.pt\/fr\/wp-json\/wp\/v2\/media\/17936"}],"wp:attachment":[{"href":"https:\/\/anmp.pt\/fr\/wp-json\/wp\/v2\/media?parent=17935"}],"wp:term":[{"taxonomy":"category","embeddable":true,"href":"https:\/\/anmp.pt\/fr\/wp-json\/wp\/v2\/categories?post=17935"},{"taxonomy":"post_tag","embeddable":true,"href":"https:\/\/anmp.pt\/fr\/wp-json\/wp\/v2\/tags?post=17935"}],"curies":[{"name":"wp","href":"https:\/\/api.w.org\/{rel}","templated":true}]}}