{"id":46653,"date":"2022-07-05T14:38:01","date_gmt":"2022-07-05T13:38:01","guid":{"rendered":"https:\/\/www.anmp.pt\/?p=46653"},"modified":"2022-07-05T14:55:43","modified_gmt":"2022-07-05T13:55:43","slug":"acessibilidades-anmp-fefal-e-empa-assinam-protocolo","status":"publish","type":"post","link":"https:\/\/anmp.pt\/fr\/acessibilidades-anmp-fefal-e-empa-assinam-protocolo\/","title":{"rendered":"(Portugu\u00eas) Acessibilidades: ANMP, FEFAL e EMPA assinam Protocolo"},"content":{"rendered":"<p class=\"qtranxs-available-languages-message qtranxs-available-languages-message-fr\">D\u00e9sol\u00e9, cet article est seulement disponible en <a href=\"https:\/\/anmp.pt\/pt\/wp-json\/wp\/v2\/posts\/46653\" class=\"qtranxs-available-language-link qtranxs-available-language-link-pt\" title=\"Portugu\u00eas\">Portugu\u00eas<\/a>.<\/p><p>A Associa\u00e7\u00e3o Nacional de Munic\u00edpios Portugueses (ANMP), a Funda\u00e7\u00e3o para os Estudos e Forma\u00e7\u00e3o nas Autarquias Locais (FEFAL) e a Estrutura de Miss\u00e3o para a Promo\u00e7\u00e3o das Acessibilidades (EMPA) assinaram hoje, na sede da ANMP, em Coimbra, um Protocolo de Colabora\u00e7\u00e3o Institucional para a promo\u00e7\u00e3o das acessibilidades.<\/p>\n<p>Atrav\u00e9s deste Protocolo de Colabora\u00e7\u00e3o Institucional \u00e9 estabelecida, entre as partes, uma colabora\u00e7\u00e3o no dom\u00ednio da forma\u00e7\u00e3o do pessoal da Administra\u00e7\u00e3o Local nas tem\u00e1ticas abrangidas pelo regime jur\u00eddico da acessibilidade aos edif\u00edcios e estabelecimentos que recebem p\u00fablico, via p\u00fablica e edif\u00edcios habitacionais.<\/p>\n<p>A colabora\u00e7\u00e3o estabelecida neste Protocolo tem como objetivos o desenvolvimento de um plano de forma\u00e7\u00e3o que responda \u00e0s necessidades do pessoal da Administra\u00e7\u00e3o Local nas v\u00e1rias vertentes da mat\u00e9ria da acessibilidade; a realiza\u00e7\u00e3o de semin\u00e1rios tem\u00e1ticos no \u00e2mbito da implementa\u00e7\u00e3o da acessibilidade como elemento fundamental na qualidade de vida das pessoas e meio imprescind\u00edvel para o exerc\u00edcio dos direitos dos cidad\u00e3os; a conce\u00e7\u00e3o de uma rede de contactos na \u00e1rea da realiza\u00e7\u00e3o das a\u00e7\u00f5es necess\u00e1rias ao cumprimento das normas t\u00e9cnicas de acessibilidade; e a constitui\u00e7\u00e3o de um grupo de monitoriza\u00e7\u00e3o do desenvolvimento das a\u00e7\u00f5es enquadradas no Protocolo com representantes da EMPA, da FEFAL e da ANMP.<\/p>\n<p>Ap\u00f3s a assinatura do Protocolo, a presidente da Associa\u00e7\u00e3o Nacional de Munic\u00edpios Portugueses, Lu\u00edsa Salgueiro, sublinhou a import\u00e2ncia do trabalho dos munic\u00edpios nesta mat\u00e9ria das acessibilidades, no sentido de assegurar direitos iguais a todos os cidad\u00e3os. A Secret\u00e1ria de Estado da Inclus\u00e3o, Ana Sofia Antunes, destacou a relev\u00e2ncia do envolvimento das autarquias locais na prossecu\u00e7\u00e3o das acessibilidades, desde logo proporcionando a forma\u00e7\u00e3o aos t\u00e9cnicos municipais, de modo a que o trabalho a desenvolver seja uniforme em todo o pa\u00eds.<\/p>\n<p>&nbsp;<\/p>","protected":false},"excerpt":{"rendered":"<p>D\u00e9sol\u00e9, cet article est seulement disponible en Portugu\u00eas.A Associa\u00e7\u00e3o Nacional de Munic\u00edpios Portugueses (ANMP), a Funda\u00e7\u00e3o para os Estudos e Forma\u00e7\u00e3o nas Autarquias Locais (FEFAL) e a Estrutura de Miss\u00e3o para a Promo\u00e7\u00e3o das Acessibilidades (EMPA) assinaram hoje, na sede da ANMP, em Coimbra, um Protocolo de Colabora\u00e7\u00e3o Institucional para a promo\u00e7\u00e3o das acessibilidades. Atrav\u00e9s [&hellip;]<\/p>\n","protected":false},"author":34,"featured_media":0,"comment_status":"closed","ping_status":"closed","sticky":false,"template":"","format":"standard","meta":{"_acf_changed":false,"_exactmetrics_skip_tracking":false,"_exactmetrics_sitenote_active":false,"_exactmetrics_sitenote_note":"","_exactmetrics_sitenote_category":0,"footnotes":""},"categories":[1602],"tags":[],"class_list":["post-46653","post","type-post","status-publish","format-standard","hentry","category-atualidade-2022"],"acf":[],"yoast_head":"<!-- This site is optimized with the Yoast SEO plugin v23.9 - https:\/\/yoast.com\/wordpress\/plugins\/seo\/ -->\n<title><\/title>\n<meta name=\"robots\" content=\"index, follow, max-snippet:-1, max-image-preview:large, max-video-preview:-1\" \/>\n<link rel=\"canonical\" href=\"https:\/\/anmp.pt\/acessibilidades-anmp-fefal-e-empa-assinam-protocolo\/\" \/>\n<meta property=\"og:locale\" content=\"fr_FR\" \/>\n<meta property=\"og:type\" content=\"article\" \/>\n<meta property=\"og:title\" content=\"[:pt]Acessibilidades: ANMP, FEFAL e EMPA assinam Protocolo[:] - Portal Institucional\" \/>\n<meta property=\"og:description\" content=\"D\u00e9sol\u00e9, cet article est seulement disponible en Portugu\u00eas.A Associa\u00e7\u00e3o Nacional de Munic\u00edpios Portugueses (ANMP), a Funda\u00e7\u00e3o para os Estudos e Forma\u00e7\u00e3o nas Autarquias Locais (FEFAL) e a Estrutura de Miss\u00e3o para a Promo\u00e7\u00e3o das Acessibilidades (EMPA) assinaram hoje, na sede da ANMP, em Coimbra, um Protocolo de Colabora\u00e7\u00e3o Institucional para a promo\u00e7\u00e3o das acessibilidades. Atrav\u00e9s [&hellip;]\" \/>\n<meta property=\"og:url\" content=\"https:\/\/anmp.pt\/acessibilidades-anmp-fefal-e-empa-assinam-protocolo\/\" \/>\n<meta property=\"og:site_name\" content=\"Portal Institucional\" \/>\n<meta property=\"article:publisher\" content=\"https:\/\/www.facebook.com\/ANMP.PT\" \/>\n<meta property=\"article:published_time\" content=\"2022-07-05T13:38:01+00:00\" \/>\n<meta property=\"article:modified_time\" content=\"2022-07-05T13:55:43+00:00\" \/>\n<meta name=\"author\" content=\"Aristides Carvalho\" \/>\n<meta name=\"twitter:card\" content=\"summary_large_image\" \/>\n<script type=\"application\/ld+json\" class=\"yoast-schema-graph\">{\"@context\":\"https:\/\/schema.org\",\"@graph\":[{\"@type\":\"Article\",\"@id\":\"https:\/\/anmp.pt\/acessibilidades-anmp-fefal-e-empa-assinam-protocolo\/#article\",\"isPartOf\":{\"@id\":\"https:\/\/anmp.pt\/acessibilidades-anmp-fefal-e-empa-assinam-protocolo\/\"},\"author\":{\"name\":\"Aristides Carvalho\",\"@id\":\"https:\/\/anmp.pt\/#\/schema\/person\/3e31ab197fc4b592367ad60b3dff1290\"},\"headline\":\"(Portugu\u00eas) Acessibilidades: ANMP, FEFAL e EMPA assinam Protocolo\",\"datePublished\":\"2022-07-05T13:38:01+00:00\",\"dateModified\":\"2022-07-05T13:55:43+00:00\",\"mainEntityOfPage\":{\"@id\":\"https:\/\/anmp.pt\/acessibilidades-anmp-fefal-e-empa-assinam-protocolo\/\"},\"wordCount\":338,\"publisher\":{\"@id\":\"https:\/\/anmp.pt\/#organization\"},\"articleSection\":[\"Atualidade-2022\"],\"inLanguage\":\"fr-FR\"},{\"@type\":\"WebPage\",\"@id\":\"https:\/\/anmp.pt\/acessibilidades-anmp-fefal-e-empa-assinam-protocolo\/\",\"url\":\"https:\/\/anmp.pt\/acessibilidades-anmp-fefal-e-empa-assinam-protocolo\/\",\"name\":\"[:pt]Acessibilidades: ANMP, FEFAL e EMPA assinam Protocolo[:] - Portal Institucional\",\"isPartOf\":{\"@id\":\"https:\/\/anmp.pt\/#website\"},\"datePublished\":\"2022-07-05T13:38:01+00:00\",\"dateModified\":\"2022-07-05T13:55:43+00:00\",\"breadcrumb\":{\"@id\":\"https:\/\/anmp.pt\/acessibilidades-anmp-fefal-e-empa-assinam-protocolo\/#breadcrumb\"},\"inLanguage\":\"fr-FR\",\"potentialAction\":[{\"@type\":\"ReadAction\",\"target\":[\"https:\/\/anmp.pt\/acessibilidades-anmp-fefal-e-empa-assinam-protocolo\/\"]}]},{\"@type\":\"BreadcrumbList\",\"@id\":\"https:\/\/anmp.pt\/acessibilidades-anmp-fefal-e-empa-assinam-protocolo\/#breadcrumb\",\"itemListElement\":[{\"@type\":\"ListItem\",\"position\":1,\"name\":\"In\u00edcio\",\"item\":\"https:\/\/anmp.pt\/\"},{\"@type\":\"ListItem\",\"position\":2,\"name\":\"Acessibilidades: ANMP, FEFAL e EMPA assinam Protocolo\"}]},{\"@type\":\"WebSite\",\"@id\":\"https:\/\/anmp.pt\/#website\",\"url\":\"https:\/\/anmp.pt\/\",\"name\":\"Associa\u00e7\u00e3o Nacional de Munic\u00edpios Portugueses\",\"description\":\"Portal Institucional\",\"publisher\":{\"@id\":\"https:\/\/anmp.pt\/#organization\"},\"potentialAction\":[{\"@type\":\"SearchAction\",\"target\":{\"@type\":\"EntryPoint\",\"urlTemplate\":\"https:\/\/anmp.pt\/?s={search_term_string}\"},\"query-input\":{\"@type\":\"PropertyValueSpecification\",\"valueRequired\":true,\"valueName\":\"search_term_string\"}}],\"inLanguage\":\"fr-FR\"},{\"@type\":\"Organization\",\"@id\":\"https:\/\/anmp.pt\/#organization\",\"name\":\"Associa\u00e7\u00e3o Nacional de Munic\u00edpios Portugueses\",\"url\":\"https:\/\/anmp.pt\/\",\"logo\":{\"@type\":\"ImageObject\",\"inLanguage\":\"fr-FR\",\"@id\":\"https:\/\/anmp.pt\/#\/schema\/logo\/image\/\",\"url\":\"https:\/\/anmp.pt\/wp-content\/uploads\/2020\/06\/logo980400.png\",\"contentUrl\":\"https:\/\/anmp.pt\/wp-content\/uploads\/2020\/06\/logo980400.png\",\"width\":980,\"height\":400,\"caption\":\"Associa\u00e7\u00e3o Nacional de Munic\u00edpios Portugueses\"},\"image\":{\"@id\":\"https:\/\/anmp.pt\/#\/schema\/logo\/image\/\"},\"sameAs\":[\"https:\/\/www.facebook.com\/ANMP.PT\"]},{\"@type\":\"Person\",\"@id\":\"https:\/\/anmp.pt\/#\/schema\/person\/3e31ab197fc4b592367ad60b3dff1290\",\"name\":\"Aristides Carvalho\",\"image\":{\"@type\":\"ImageObject\",\"inLanguage\":\"fr-FR\",\"@id\":\"https:\/\/anmp.pt\/#\/schema\/person\/image\/\",\"url\":\"https:\/\/secure.gravatar.com\/avatar\/b27ae6c145f7c02bcfc86e34bcfc4a53?s=96&d=mm&r=g\",\"contentUrl\":\"https:\/\/secure.gravatar.com\/avatar\/b27ae6c145f7c02bcfc86e34bcfc4a53?s=96&d=mm&r=g\",\"caption\":\"Aristides Carvalho\"}}]}<\/script>\n<!-- \/ Yoast SEO plugin. -->","yoast_head_json":{"title":"[:pt]Acessibilidades: ANMP, FEFAL e EMPA assinam Protocolo[:] - Portal Institucional","robots":{"index":"index","follow":"follow","max-snippet":"max-snippet:-1","max-image-preview":"max-image-preview:large","max-video-preview":"max-video-preview:-1"},"canonical":"https:\/\/anmp.pt\/acessibilidades-anmp-fefal-e-empa-assinam-protocolo\/","og_locale":"fr_FR","og_type":"article","og_title":"[:pt]Acessibilidades: ANMP, FEFAL e EMPA assinam Protocolo[:] - Portal Institucional","og_description":"D\u00e9sol\u00e9, cet article est seulement disponible en Portugu\u00eas.A Associa\u00e7\u00e3o Nacional de Munic\u00edpios Portugueses (ANMP), a Funda\u00e7\u00e3o para os Estudos e Forma\u00e7\u00e3o nas Autarquias Locais (FEFAL) e a Estrutura de Miss\u00e3o para a Promo\u00e7\u00e3o das Acessibilidades (EMPA) assinaram hoje, na sede da ANMP, em Coimbra, um Protocolo de Colabora\u00e7\u00e3o Institucional para a promo\u00e7\u00e3o das acessibilidades. Atrav\u00e9s [&hellip;]","og_url":"https:\/\/anmp.pt\/acessibilidades-anmp-fefal-e-empa-assinam-protocolo\/","og_site_name":"Portal Institucional","article_publisher":"https:\/\/www.facebook.com\/ANMP.PT","article_published_time":"2022-07-05T13:38:01+00:00","article_modified_time":"2022-07-05T13:55:43+00:00","author":"Aristides Carvalho","twitter_card":"summary_large_image","schema":{"@context":"https:\/\/schema.org","@graph":[{"@type":"Article","@id":"https:\/\/anmp.pt\/acessibilidades-anmp-fefal-e-empa-assinam-protocolo\/#article","isPartOf":{"@id":"https:\/\/anmp.pt\/acessibilidades-anmp-fefal-e-empa-assinam-protocolo\/"},"author":{"name":"Aristides Carvalho","@id":"https:\/\/anmp.pt\/#\/schema\/person\/3e31ab197fc4b592367ad60b3dff1290"},"headline":"(Portugu\u00eas) Acessibilidades: ANMP, FEFAL e EMPA assinam Protocolo","datePublished":"2022-07-05T13:38:01+00:00","dateModified":"2022-07-05T13:55:43+00:00","mainEntityOfPage":{"@id":"https:\/\/anmp.pt\/acessibilidades-anmp-fefal-e-empa-assinam-protocolo\/"},"wordCount":338,"publisher":{"@id":"https:\/\/anmp.pt\/#organization"},"articleSection":["Atualidade-2022"],"inLanguage":"fr-FR"},{"@type":"WebPage","@id":"https:\/\/anmp.pt\/acessibilidades-anmp-fefal-e-empa-assinam-protocolo\/","url":"https:\/\/anmp.pt\/acessibilidades-anmp-fefal-e-empa-assinam-protocolo\/","name":"[:pt]Acessibilidades: ANMP, FEFAL e EMPA assinam Protocolo[:] - Portal Institucional","isPartOf":{"@id":"https:\/\/anmp.pt\/#website"},"datePublished":"2022-07-05T13:38:01+00:00","dateModified":"2022-07-05T13:55:43+00:00","breadcrumb":{"@id":"https:\/\/anmp.pt\/acessibilidades-anmp-fefal-e-empa-assinam-protocolo\/#breadcrumb"},"inLanguage":"fr-FR","potentialAction":[{"@type":"ReadAction","target":["https:\/\/anmp.pt\/acessibilidades-anmp-fefal-e-empa-assinam-protocolo\/"]}]},{"@type":"BreadcrumbList","@id":"https:\/\/anmp.pt\/acessibilidades-anmp-fefal-e-empa-assinam-protocolo\/#breadcrumb","itemListElement":[{"@type":"ListItem","position":1,"name":"In\u00edcio","item":"https:\/\/anmp.pt\/"},{"@type":"ListItem","position":2,"name":"Acessibilidades: ANMP, FEFAL e EMPA assinam Protocolo"}]},{"@type":"WebSite","@id":"https:\/\/anmp.pt\/#website","url":"https:\/\/anmp.pt\/","name":"Associa\u00e7\u00e3o Nacional de Munic\u00edpios Portugueses","description":"Portal Institucional","publisher":{"@id":"https:\/\/anmp.pt\/#organization"},"potentialAction":[{"@type":"SearchAction","target":{"@type":"EntryPoint","urlTemplate":"https:\/\/anmp.pt\/?s={search_term_string}"},"query-input":{"@type":"PropertyValueSpecification","valueRequired":true,"valueName":"search_term_string"}}],"inLanguage":"fr-FR"},{"@type":"Organization","@id":"https:\/\/anmp.pt\/#organization","name":"Associa\u00e7\u00e3o Nacional de Munic\u00edpios Portugueses","url":"https:\/\/anmp.pt\/","logo":{"@type":"ImageObject","inLanguage":"fr-FR","@id":"https:\/\/anmp.pt\/#\/schema\/logo\/image\/","url":"https:\/\/anmp.pt\/wp-content\/uploads\/2020\/06\/logo980400.png","contentUrl":"https:\/\/anmp.pt\/wp-content\/uploads\/2020\/06\/logo980400.png","width":980,"height":400,"caption":"Associa\u00e7\u00e3o Nacional de Munic\u00edpios Portugueses"},"image":{"@id":"https:\/\/anmp.pt\/#\/schema\/logo\/image\/"},"sameAs":["https:\/\/www.facebook.com\/ANMP.PT"]},{"@type":"Person","@id":"https:\/\/anmp.pt\/#\/schema\/person\/3e31ab197fc4b592367ad60b3dff1290","name":"Aristides Carvalho","image":{"@type":"ImageObject","inLanguage":"fr-FR","@id":"https:\/\/anmp.pt\/#\/schema\/person\/image\/","url":"https:\/\/secure.gravatar.com\/avatar\/b27ae6c145f7c02bcfc86e34bcfc4a53?s=96&d=mm&r=g","contentUrl":"https:\/\/secure.gravatar.com\/avatar\/b27ae6c145f7c02bcfc86e34bcfc4a53?s=96&d=mm&r=g","caption":"Aristides Carvalho"}}]}},"_links":{"self":[{"href":"https:\/\/anmp.pt\/fr\/wp-json\/wp\/v2\/posts\/46653","targetHints":{"allow":["GET"]}}],"collection":[{"href":"https:\/\/anmp.pt\/fr\/wp-json\/wp\/v2\/posts"}],"about":[{"href":"https:\/\/anmp.pt\/fr\/wp-json\/wp\/v2\/types\/post"}],"author":[{"embeddable":true,"href":"https:\/\/anmp.pt\/fr\/wp-json\/wp\/v2\/users\/34"}],"replies":[{"embeddable":true,"href":"https:\/\/anmp.pt\/fr\/wp-json\/wp\/v2\/comments?post=46653"}],"version-history":[{"count":0,"href":"https:\/\/anmp.pt\/fr\/wp-json\/wp\/v2\/posts\/46653\/revisions"}],"wp:attachment":[{"href":"https:\/\/anmp.pt\/fr\/wp-json\/wp\/v2\/media?parent=46653"}],"wp:term":[{"taxonomy":"category","embeddable":true,"href":"https:\/\/anmp.pt\/fr\/wp-json\/wp\/v2\/categories?post=46653"},{"taxonomy":"post_tag","embeddable":true,"href":"https:\/\/anmp.pt\/fr\/wp-json\/wp\/v2\/tags?post=46653"}],"curies":[{"name":"wp","href":"https:\/\/api.w.org\/{rel}","templated":true}]}}