{"id":48164,"date":"2022-09-20T15:51:23","date_gmt":"2022-09-20T14:51:23","guid":{"rendered":"https:\/\/www.anmp.pt\/?p=48164"},"modified":"2022-09-21T10:05:24","modified_gmt":"2022-09-21T09:05:24","slug":"anmp-entregou-premio-de-jornalismo-e-poder-local-2022","status":"publish","type":"post","link":"https:\/\/anmp.pt\/fr\/anmp-entregou-premio-de-jornalismo-e-poder-local-2022\/","title":{"rendered":"(Portugu\u00eas) ANMP entregou Pr\u00e9mio de Jornalismo e Poder Local 2022"},"content":{"rendered":"<p class=\"qtranxs-available-languages-message qtranxs-available-languages-message-fr\">D\u00e9sol\u00e9, cet article est seulement disponible en <a href=\"https:\/\/anmp.pt\/pt\/wp-json\/wp\/v2\/posts\/48164\" class=\"qtranxs-available-language-link qtranxs-available-language-link-pt\" title=\"Portugu\u00eas\">Portugu\u00eas<\/a>.<\/p><p><\/p>\n<p style=\"text-align: justify;\">Os premiados com o Pr\u00e9mio ANMP de Jornalismo e Poder Local 2022 receberam hoje a distin\u00e7\u00e3o, na sede da Associa\u00e7\u00e3o, em Coimbra. Nesta edi\u00e7\u00e3o, foram distinguidos trabalhos nas categorias de Imprensa e de R\u00e1dio.<\/p>\n<p style=\"text-align: justify;\">Na categoria de imprensa, o j\u00fari distinguiu, com o 1.o Pr\u00e9mio, o trabalho \u201cRefugiados em Portugal &#8211; Aos 62 anos e com 40 no ex\u00e9rcito afeg\u00e3o, vi muitas mudan\u00e7as. Tenho essas mem\u00f3rias\u201d, da jornalista C\u00e9u Neves, do Di\u00e1rio de Not\u00edcias.<\/p>\n<p style=\"text-align: justify;\">Nesta categoria, foi tamb\u00e9m galardoada, com uma 1.\u00aa Men\u00e7\u00e3o Honrosa, a reportagem \u201cPapaChicletes e EcoPontas despoluem em 25 concelhos\u201d, do jornalista Delfim Machado, do Jornal de Not\u00edcias.<\/p>\n<p style=\"text-align: justify;\">Na categoria de r\u00e1dio foi distinguida, com o 1.\u00ba Pr\u00e9mio, a reportagem \u201cA ilha do tempo\u201d, de Nuno Guedes, com sonoplastia de Pedro Picoto, emitida na TSF, R\u00e1dio Not\u00edcias.<\/p>\n<p style=\"text-align: justify;\">Nesta categoria, o j\u00fari premiou, com uma 1.\u00aa Men\u00e7\u00e3o Honrosa, o programa \u201cPra\u00e7a do Munic\u00edpio\u201d, da autoria de Afonso de Sousa, Carolina Ferreira, Diana Craveiro, M\u00e1rio Antunes, Nuno Amaral, Paula Veran, Rita Cola\u00e7o e coordena\u00e7\u00e3o de Nat\u00e1lia Carvalho, da Antena 1.<\/p>\n<p style=\"text-align: justify;\">Ainda nesta categoria, foi galardoado, com uma 2.\u00aa Men\u00e7\u00e3o Honrosa, o programa \u201cPortugal em Direto\u201d, de Cl\u00e1udia Costa (editora), Ana Gon\u00e7alves, Carolina Ferreira, Cl\u00e1udia Aguiar Rodrigues, Diana Craveiro, Manuel Branco, Maria de F\u00e1tima Bastos, Lurdes Dias (produtora), M\u00e1rio Antunes, Nuno Amaral, Patr\u00edcia Cassaca, Paulo Braz, Paulo Nobre, Pedro Ribeiro e Vitor Ascen\u00e7\u00e3o Silva, com coordena\u00e7\u00e3o de Ant\u00f3nio Jorge, da Antena 1.<\/p>\n<p style=\"text-align: justify;\">Na categoria de televis\u00e3o, o j\u00fari decidiu, por unanimidade, n\u00e3o atribuir pr\u00e9mio dado que a reportagem candidata n\u00e3o cumpriu o regulamento. Na categoria de fotojornalismo, n\u00e3o se apresentaram trabalhos a concurso.<\/p>\n<p>Encontra-se a decorrer o concurso para o Pr\u00e9mio ANMP de Jornalismo e Poder Local 2023, podendo o regulamento ser consultado <a href=\"https:\/\/www.anmp.pt\/file-viewer\/?pstid=48253\" target=\"_blank\" rel=\"noopener noreferrer\">aqui<\/a>.<\/p>\n<p>&nbsp;<\/p>\n<hr \/>\n<h2>Pr\u00e9mios:<\/h2>\n<h3>Imprensa<\/h3>\n<h4>:: 1.o Pr\u00e9mio,\u00a0 <a href=\"https:\/\/www.anmp.pt\/wp-content\/uploads\/2022\/09\/1-dn.pdf\" target=\"_blank\" rel=\"noopener noreferrer\">\u00ab\u00a0Refugiados em Portugal\u00a0\u00bb<\/a><\/h4>\n<p>&nbsp;<\/p>\n<h4>:: 1.\u00aa Men\u00e7\u00e3o Honrosa, a reportagem <a href=\"https:\/\/www.anmp.pt\/wp-content\/uploads\/2022\/09\/2-JN.pdf\" target=\"_blank\" rel=\"noopener noreferrer\">\u00ab\u00a0PapaChicletes e EcoPontas\u00a0\u00bb<\/a><\/h4>\n<p>&nbsp;<\/p>\n<h3>R\u00e1dio<\/h3>\n<h4>:: 1.\u00ba Pr\u00e9mio, a reportagem \u201cA ilha do tempo\u201d<\/h4>\n<!--[if lt IE 9]><script>document.createElement('audio');<\/script><![endif]-->\n<audio class=\"wp-audio-shortcode\" id=\"audio-48164-1\" preload=\"none\" style=\"width: 100%;\" controls=\"controls\"><source type=\"audio\/mpeg\" src=\"https:\/\/www.anmp.pt\/wp-content\/uploads\/2022\/09\/A-ilha-do-tempo-reportagem-TSF.mp3?_=1\" \/><a href=\"https:\/\/www.anmp.pt\/wp-content\/uploads\/2022\/09\/A-ilha-do-tempo-reportagem-TSF.mp3\">https:\/\/www.anmp.pt\/wp-content\/uploads\/2022\/09\/A-ilha-do-tempo-reportagem-TSF.mp3<\/a><\/audio>\n<h4><\/h4>\n<p>&nbsp;<\/p>\n<h4>:: 1.\u00aa Men\u00e7\u00e3o Honrosa, o programa \u201cPra\u00e7a do Munic\u00edpio\u201d<\/h4>\n<p style=\"padding-left: 40px;\">Albufeira<br \/>\n<audio class=\"wp-audio-shortcode\" id=\"audio-48164-2\" preload=\"none\" style=\"width: 100%;\" controls=\"controls\"><source type=\"audio\/mpeg\" src=\"https:\/\/www.anmp.pt\/wp-content\/uploads\/2022\/09\/Albufeira-008.mp3?_=2\" \/><a href=\"https:\/\/www.anmp.pt\/wp-content\/uploads\/2022\/09\/Albufeira-008.mp3\">https:\/\/www.anmp.pt\/wp-content\/uploads\/2022\/09\/Albufeira-008.mp3<\/a><\/audio><\/p>\n<p style=\"padding-left: 40px;\">Almada<br \/>\n<audio class=\"wp-audio-shortcode\" id=\"audio-48164-3\" preload=\"none\" style=\"width: 100%;\" controls=\"controls\"><source type=\"audio\/mpeg\" src=\"https:\/\/www.anmp.pt\/wp-content\/uploads\/2022\/09\/Almada-002.mp3?_=3\" \/><a href=\"https:\/\/www.anmp.pt\/wp-content\/uploads\/2022\/09\/Almada-002.mp3\">https:\/\/www.anmp.pt\/wp-content\/uploads\/2022\/09\/Almada-002.mp3<\/a><\/audio><\/p>\n<p style=\"padding-left: 40px;\">Coimbra<br \/>\n<audio class=\"wp-audio-shortcode\" id=\"audio-48164-4\" preload=\"none\" style=\"width: 100%;\" controls=\"controls\"><source type=\"audio\/mpeg\" src=\"https:\/\/www.anmp.pt\/wp-content\/uploads\/2022\/09\/Coimbra-004.mp3?_=4\" \/><a href=\"https:\/\/www.anmp.pt\/wp-content\/uploads\/2022\/09\/Coimbra-004.mp3\">https:\/\/www.anmp.pt\/wp-content\/uploads\/2022\/09\/Coimbra-004.mp3<\/a><\/audio><\/p>\n<p style=\"padding-left: 40px;\">Figueira da Foz<br \/>\n<audio class=\"wp-audio-shortcode\" id=\"audio-48164-5\" preload=\"none\" style=\"width: 100%;\" controls=\"controls\"><source type=\"audio\/mpeg\" src=\"https:\/\/www.anmp.pt\/wp-content\/uploads\/2022\/09\/Figueira-da-Foz-007.mp3?_=5\" \/><a href=\"https:\/\/www.anmp.pt\/wp-content\/uploads\/2022\/09\/Figueira-da-Foz-007.mp3\">https:\/\/www.anmp.pt\/wp-content\/uploads\/2022\/09\/Figueira-da-Foz-007.mp3<\/a><\/audio><\/p>\n<p style=\"padding-left: 40px;\">Guarda<br \/>\n<audio class=\"wp-audio-shortcode\" id=\"audio-48164-6\" preload=\"none\" style=\"width: 100%;\" controls=\"controls\"><source type=\"audio\/mpeg\" src=\"https:\/\/www.anmp.pt\/wp-content\/uploads\/2022\/09\/Guarda-009.mp3?_=6\" \/><a href=\"https:\/\/www.anmp.pt\/wp-content\/uploads\/2022\/09\/Guarda-009.mp3\">https:\/\/www.anmp.pt\/wp-content\/uploads\/2022\/09\/Guarda-009.mp3<\/a><\/audio><\/p>\n<p style=\"padding-left: 40px;\">Lisboa<br \/>\n<audio class=\"wp-audio-shortcode\" id=\"audio-48164-7\" preload=\"none\" style=\"width: 100%;\" controls=\"controls\"><source type=\"audio\/mpeg\" src=\"https:\/\/www.anmp.pt\/wp-content\/uploads\/2022\/09\/Lisboa-005.mp3?_=7\" \/><a href=\"https:\/\/www.anmp.pt\/wp-content\/uploads\/2022\/09\/Lisboa-005.mp3\">https:\/\/www.anmp.pt\/wp-content\/uploads\/2022\/09\/Lisboa-005.mp3<\/a><\/audio><\/p>\n<p style=\"padding-left: 40px;\">Miranda do Douro<br \/>\n<audio class=\"wp-audio-shortcode\" id=\"audio-48164-8\" preload=\"none\" style=\"width: 100%;\" controls=\"controls\"><source type=\"audio\/mpeg\" src=\"https:\/\/www.anmp.pt\/wp-content\/uploads\/2022\/09\/Miranda-Do-Douro-003.mp3?_=8\" \/><a href=\"https:\/\/www.anmp.pt\/wp-content\/uploads\/2022\/09\/Miranda-Do-Douro-003.mp3\">https:\/\/www.anmp.pt\/wp-content\/uploads\/2022\/09\/Miranda-Do-Douro-003.mp3<\/a><\/audio><\/p>\n<p style=\"padding-left: 40px;\">Ponte de Lima<br \/>\n<audio class=\"wp-audio-shortcode\" id=\"audio-48164-9\" preload=\"none\" style=\"width: 100%;\" controls=\"controls\"><source type=\"audio\/mpeg\" src=\"https:\/\/www.anmp.pt\/wp-content\/uploads\/2022\/09\/Ponte-de-Lima-006.mp3?_=9\" \/><a href=\"https:\/\/www.anmp.pt\/wp-content\/uploads\/2022\/09\/Ponte-de-Lima-006.mp3\">https:\/\/www.anmp.pt\/wp-content\/uploads\/2022\/09\/Ponte-de-Lima-006.mp3<\/a><\/audio><\/p>\n<p style=\"padding-left: 40px;\">Porto<br \/>\n<audio class=\"wp-audio-shortcode\" id=\"audio-48164-10\" preload=\"none\" style=\"width: 100%;\" controls=\"controls\"><source type=\"audio\/mpeg\" src=\"https:\/\/www.anmp.pt\/wp-content\/uploads\/2022\/09\/Porto-001.mp3?_=10\" \/><a href=\"https:\/\/www.anmp.pt\/wp-content\/uploads\/2022\/09\/Porto-001.mp3\">https:\/\/www.anmp.pt\/wp-content\/uploads\/2022\/09\/Porto-001.mp3<\/a><\/audio><\/p>\n<h4 style=\"padding-left: 40px;\"><\/h4>\n<p>&nbsp;<\/p>\n<h4>:: 2.\u00aa Men\u00e7\u00e3o Honrosa, o programa \u201cPortugal em Direto\u201d<\/h4>\n<p><audio class=\"wp-audio-shortcode\" id=\"audio-48164-11\" preload=\"none\" style=\"width: 100%;\" controls=\"controls\"><source type=\"audio\/mpeg\" src=\"https:\/\/www.anmp.pt\/wp-content\/uploads\/2022\/09\/PortugalDireto.mp3?_=11\" \/><a href=\"https:\/\/www.anmp.pt\/wp-content\/uploads\/2022\/09\/PortugalDireto.mp3\">https:\/\/www.anmp.pt\/wp-content\/uploads\/2022\/09\/PortugalDireto.mp3<\/a><\/audio><\/p>","protected":false},"excerpt":{"rendered":"<p>D\u00e9sol\u00e9, cet article est seulement disponible en Portugu\u00eas. Os premiados com o Pr\u00e9mio ANMP de Jornalismo e Poder Local 2022 receberam hoje a distin\u00e7\u00e3o, na sede da Associa\u00e7\u00e3o, em Coimbra. Nesta edi\u00e7\u00e3o, foram distinguidos trabalhos nas categorias de Imprensa e de R\u00e1dio. Na categoria de imprensa, o j\u00fari distinguiu, com o 1.o Pr\u00e9mio, o trabalho [&hellip;]<\/p>\n","protected":false},"author":34,"featured_media":0,"comment_status":"closed","ping_status":"closed","sticky":false,"template":"","format":"standard","meta":{"_acf_changed":false,"_exactmetrics_skip_tracking":false,"_exactmetrics_sitenote_active":false,"_exactmetrics_sitenote_note":"","_exactmetrics_sitenote_category":0,"footnotes":""},"categories":[1602],"tags":[],"class_list":["post-48164","post","type-post","status-publish","format-standard","hentry","category-atualidade-2022"],"acf":[],"yoast_head":"<!-- This site is optimized with the Yoast SEO plugin v23.9 - https:\/\/yoast.com\/wordpress\/plugins\/seo\/ -->\n<title><\/title>\n<meta name=\"robots\" content=\"index, follow, max-snippet:-1, max-image-preview:large, max-video-preview:-1\" \/>\n<link rel=\"canonical\" href=\"https:\/\/anmp.pt\/anmp-entregou-premio-de-jornalismo-e-poder-local-2022\/\" \/>\n<meta property=\"og:locale\" content=\"fr_FR\" \/>\n<meta property=\"og:type\" content=\"article\" \/>\n<meta property=\"og:title\" content=\"[:pt]ANMP entregou Pr\u00e9mio de Jornalismo e Poder Local 2022[:] - Portal Institucional\" \/>\n<meta property=\"og:description\" content=\"D\u00e9sol\u00e9, cet article est seulement disponible en Portugu\u00eas. Os premiados com o Pr\u00e9mio ANMP de Jornalismo e Poder Local 2022 receberam hoje a distin\u00e7\u00e3o, na sede da Associa\u00e7\u00e3o, em Coimbra. Nesta edi\u00e7\u00e3o, foram distinguidos trabalhos nas categorias de Imprensa e de R\u00e1dio. Na categoria de imprensa, o j\u00fari distinguiu, com o 1.o Pr\u00e9mio, o trabalho [&hellip;]\" \/>\n<meta property=\"og:url\" content=\"https:\/\/anmp.pt\/anmp-entregou-premio-de-jornalismo-e-poder-local-2022\/\" \/>\n<meta property=\"og:site_name\" content=\"Portal Institucional\" \/>\n<meta property=\"article:publisher\" content=\"https:\/\/www.facebook.com\/ANMP.PT\" \/>\n<meta property=\"article:published_time\" content=\"2022-09-20T14:51:23+00:00\" \/>\n<meta property=\"article:modified_time\" content=\"2022-09-21T09:05:24+00:00\" \/>\n<meta name=\"author\" content=\"Aristides Carvalho\" \/>\n<meta name=\"twitter:card\" content=\"summary_large_image\" \/>\n<script type=\"application\/ld+json\" class=\"yoast-schema-graph\">{\"@context\":\"https:\/\/schema.org\",\"@graph\":[{\"@type\":\"Article\",\"@id\":\"https:\/\/anmp.pt\/anmp-entregou-premio-de-jornalismo-e-poder-local-2022\/#article\",\"isPartOf\":{\"@id\":\"https:\/\/anmp.pt\/anmp-entregou-premio-de-jornalismo-e-poder-local-2022\/\"},\"author\":{\"name\":\"Aristides Carvalho\",\"@id\":\"https:\/\/anmp.pt\/#\/schema\/person\/3e31ab197fc4b592367ad60b3dff1290\"},\"headline\":\"(Portugu\u00eas) ANMP entregou Pr\u00e9mio de Jornalismo e Poder Local 2022\",\"datePublished\":\"2022-09-20T14:51:23+00:00\",\"dateModified\":\"2022-09-21T09:05:24+00:00\",\"mainEntityOfPage\":{\"@id\":\"https:\/\/anmp.pt\/anmp-entregou-premio-de-jornalismo-e-poder-local-2022\/\"},\"wordCount\":516,\"publisher\":{\"@id\":\"https:\/\/anmp.pt\/#organization\"},\"articleSection\":[\"Atualidade-2022\"],\"inLanguage\":\"fr-FR\"},{\"@type\":\"WebPage\",\"@id\":\"https:\/\/anmp.pt\/anmp-entregou-premio-de-jornalismo-e-poder-local-2022\/\",\"url\":\"https:\/\/anmp.pt\/anmp-entregou-premio-de-jornalismo-e-poder-local-2022\/\",\"name\":\"[:pt]ANMP entregou Pr\u00e9mio de Jornalismo e Poder Local 2022[:] - Portal Institucional\",\"isPartOf\":{\"@id\":\"https:\/\/anmp.pt\/#website\"},\"datePublished\":\"2022-09-20T14:51:23+00:00\",\"dateModified\":\"2022-09-21T09:05:24+00:00\",\"breadcrumb\":{\"@id\":\"https:\/\/anmp.pt\/anmp-entregou-premio-de-jornalismo-e-poder-local-2022\/#breadcrumb\"},\"inLanguage\":\"fr-FR\",\"potentialAction\":[{\"@type\":\"ReadAction\",\"target\":[\"https:\/\/anmp.pt\/anmp-entregou-premio-de-jornalismo-e-poder-local-2022\/\"]}]},{\"@type\":\"BreadcrumbList\",\"@id\":\"https:\/\/anmp.pt\/anmp-entregou-premio-de-jornalismo-e-poder-local-2022\/#breadcrumb\",\"itemListElement\":[{\"@type\":\"ListItem\",\"position\":1,\"name\":\"In\u00edcio\",\"item\":\"https:\/\/anmp.pt\/\"},{\"@type\":\"ListItem\",\"position\":2,\"name\":\"ANMP entregou Pr\u00e9mio de Jornalismo e Poder Local 2022\"}]},{\"@type\":\"WebSite\",\"@id\":\"https:\/\/anmp.pt\/#website\",\"url\":\"https:\/\/anmp.pt\/\",\"name\":\"Associa\u00e7\u00e3o Nacional de Munic\u00edpios Portugueses\",\"description\":\"Portal Institucional\",\"publisher\":{\"@id\":\"https:\/\/anmp.pt\/#organization\"},\"potentialAction\":[{\"@type\":\"SearchAction\",\"target\":{\"@type\":\"EntryPoint\",\"urlTemplate\":\"https:\/\/anmp.pt\/?s={search_term_string}\"},\"query-input\":{\"@type\":\"PropertyValueSpecification\",\"valueRequired\":true,\"valueName\":\"search_term_string\"}}],\"inLanguage\":\"fr-FR\"},{\"@type\":\"Organization\",\"@id\":\"https:\/\/anmp.pt\/#organization\",\"name\":\"Associa\u00e7\u00e3o Nacional de Munic\u00edpios Portugueses\",\"url\":\"https:\/\/anmp.pt\/\",\"logo\":{\"@type\":\"ImageObject\",\"inLanguage\":\"fr-FR\",\"@id\":\"https:\/\/anmp.pt\/#\/schema\/logo\/image\/\",\"url\":\"https:\/\/anmp.pt\/wp-content\/uploads\/2020\/06\/logo980400.png\",\"contentUrl\":\"https:\/\/anmp.pt\/wp-content\/uploads\/2020\/06\/logo980400.png\",\"width\":980,\"height\":400,\"caption\":\"Associa\u00e7\u00e3o Nacional de Munic\u00edpios Portugueses\"},\"image\":{\"@id\":\"https:\/\/anmp.pt\/#\/schema\/logo\/image\/\"},\"sameAs\":[\"https:\/\/www.facebook.com\/ANMP.PT\"]},{\"@type\":\"Person\",\"@id\":\"https:\/\/anmp.pt\/#\/schema\/person\/3e31ab197fc4b592367ad60b3dff1290\",\"name\":\"Aristides Carvalho\",\"image\":{\"@type\":\"ImageObject\",\"inLanguage\":\"fr-FR\",\"@id\":\"https:\/\/anmp.pt\/#\/schema\/person\/image\/\",\"url\":\"https:\/\/secure.gravatar.com\/avatar\/b27ae6c145f7c02bcfc86e34bcfc4a53?s=96&d=mm&r=g\",\"contentUrl\":\"https:\/\/secure.gravatar.com\/avatar\/b27ae6c145f7c02bcfc86e34bcfc4a53?s=96&d=mm&r=g\",\"caption\":\"Aristides Carvalho\"}}]}<\/script>\n<!-- \/ Yoast SEO plugin. -->","yoast_head_json":{"title":"[:pt]ANMP entregou Pr\u00e9mio de Jornalismo e Poder Local 2022[:] - Portal Institucional","robots":{"index":"index","follow":"follow","max-snippet":"max-snippet:-1","max-image-preview":"max-image-preview:large","max-video-preview":"max-video-preview:-1"},"canonical":"https:\/\/anmp.pt\/anmp-entregou-premio-de-jornalismo-e-poder-local-2022\/","og_locale":"fr_FR","og_type":"article","og_title":"[:pt]ANMP entregou Pr\u00e9mio de Jornalismo e Poder Local 2022[:] - Portal Institucional","og_description":"D\u00e9sol\u00e9, cet article est seulement disponible en Portugu\u00eas. Os premiados com o Pr\u00e9mio ANMP de Jornalismo e Poder Local 2022 receberam hoje a distin\u00e7\u00e3o, na sede da Associa\u00e7\u00e3o, em Coimbra. Nesta edi\u00e7\u00e3o, foram distinguidos trabalhos nas categorias de Imprensa e de R\u00e1dio. Na categoria de imprensa, o j\u00fari distinguiu, com o 1.o Pr\u00e9mio, o trabalho [&hellip;]","og_url":"https:\/\/anmp.pt\/anmp-entregou-premio-de-jornalismo-e-poder-local-2022\/","og_site_name":"Portal Institucional","article_publisher":"https:\/\/www.facebook.com\/ANMP.PT","article_published_time":"2022-09-20T14:51:23+00:00","article_modified_time":"2022-09-21T09:05:24+00:00","author":"Aristides Carvalho","twitter_card":"summary_large_image","schema":{"@context":"https:\/\/schema.org","@graph":[{"@type":"Article","@id":"https:\/\/anmp.pt\/anmp-entregou-premio-de-jornalismo-e-poder-local-2022\/#article","isPartOf":{"@id":"https:\/\/anmp.pt\/anmp-entregou-premio-de-jornalismo-e-poder-local-2022\/"},"author":{"name":"Aristides Carvalho","@id":"https:\/\/anmp.pt\/#\/schema\/person\/3e31ab197fc4b592367ad60b3dff1290"},"headline":"(Portugu\u00eas) ANMP entregou Pr\u00e9mio de Jornalismo e Poder Local 2022","datePublished":"2022-09-20T14:51:23+00:00","dateModified":"2022-09-21T09:05:24+00:00","mainEntityOfPage":{"@id":"https:\/\/anmp.pt\/anmp-entregou-premio-de-jornalismo-e-poder-local-2022\/"},"wordCount":516,"publisher":{"@id":"https:\/\/anmp.pt\/#organization"},"articleSection":["Atualidade-2022"],"inLanguage":"fr-FR"},{"@type":"WebPage","@id":"https:\/\/anmp.pt\/anmp-entregou-premio-de-jornalismo-e-poder-local-2022\/","url":"https:\/\/anmp.pt\/anmp-entregou-premio-de-jornalismo-e-poder-local-2022\/","name":"[:pt]ANMP entregou Pr\u00e9mio de Jornalismo e Poder Local 2022[:] - Portal Institucional","isPartOf":{"@id":"https:\/\/anmp.pt\/#website"},"datePublished":"2022-09-20T14:51:23+00:00","dateModified":"2022-09-21T09:05:24+00:00","breadcrumb":{"@id":"https:\/\/anmp.pt\/anmp-entregou-premio-de-jornalismo-e-poder-local-2022\/#breadcrumb"},"inLanguage":"fr-FR","potentialAction":[{"@type":"ReadAction","target":["https:\/\/anmp.pt\/anmp-entregou-premio-de-jornalismo-e-poder-local-2022\/"]}]},{"@type":"BreadcrumbList","@id":"https:\/\/anmp.pt\/anmp-entregou-premio-de-jornalismo-e-poder-local-2022\/#breadcrumb","itemListElement":[{"@type":"ListItem","position":1,"name":"In\u00edcio","item":"https:\/\/anmp.pt\/"},{"@type":"ListItem","position":2,"name":"ANMP entregou Pr\u00e9mio de Jornalismo e Poder Local 2022"}]},{"@type":"WebSite","@id":"https:\/\/anmp.pt\/#website","url":"https:\/\/anmp.pt\/","name":"Associa\u00e7\u00e3o Nacional de Munic\u00edpios Portugueses","description":"Portal Institucional","publisher":{"@id":"https:\/\/anmp.pt\/#organization"},"potentialAction":[{"@type":"SearchAction","target":{"@type":"EntryPoint","urlTemplate":"https:\/\/anmp.pt\/?s={search_term_string}"},"query-input":{"@type":"PropertyValueSpecification","valueRequired":true,"valueName":"search_term_string"}}],"inLanguage":"fr-FR"},{"@type":"Organization","@id":"https:\/\/anmp.pt\/#organization","name":"Associa\u00e7\u00e3o Nacional de Munic\u00edpios Portugueses","url":"https:\/\/anmp.pt\/","logo":{"@type":"ImageObject","inLanguage":"fr-FR","@id":"https:\/\/anmp.pt\/#\/schema\/logo\/image\/","url":"https:\/\/anmp.pt\/wp-content\/uploads\/2020\/06\/logo980400.png","contentUrl":"https:\/\/anmp.pt\/wp-content\/uploads\/2020\/06\/logo980400.png","width":980,"height":400,"caption":"Associa\u00e7\u00e3o Nacional de Munic\u00edpios Portugueses"},"image":{"@id":"https:\/\/anmp.pt\/#\/schema\/logo\/image\/"},"sameAs":["https:\/\/www.facebook.com\/ANMP.PT"]},{"@type":"Person","@id":"https:\/\/anmp.pt\/#\/schema\/person\/3e31ab197fc4b592367ad60b3dff1290","name":"Aristides Carvalho","image":{"@type":"ImageObject","inLanguage":"fr-FR","@id":"https:\/\/anmp.pt\/#\/schema\/person\/image\/","url":"https:\/\/secure.gravatar.com\/avatar\/b27ae6c145f7c02bcfc86e34bcfc4a53?s=96&d=mm&r=g","contentUrl":"https:\/\/secure.gravatar.com\/avatar\/b27ae6c145f7c02bcfc86e34bcfc4a53?s=96&d=mm&r=g","caption":"Aristides Carvalho"}}]}},"_links":{"self":[{"href":"https:\/\/anmp.pt\/fr\/wp-json\/wp\/v2\/posts\/48164","targetHints":{"allow":["GET"]}}],"collection":[{"href":"https:\/\/anmp.pt\/fr\/wp-json\/wp\/v2\/posts"}],"about":[{"href":"https:\/\/anmp.pt\/fr\/wp-json\/wp\/v2\/types\/post"}],"author":[{"embeddable":true,"href":"https:\/\/anmp.pt\/fr\/wp-json\/wp\/v2\/users\/34"}],"replies":[{"embeddable":true,"href":"https:\/\/anmp.pt\/fr\/wp-json\/wp\/v2\/comments?post=48164"}],"version-history":[{"count":0,"href":"https:\/\/anmp.pt\/fr\/wp-json\/wp\/v2\/posts\/48164\/revisions"}],"wp:attachment":[{"href":"https:\/\/anmp.pt\/fr\/wp-json\/wp\/v2\/media?parent=48164"}],"wp:term":[{"taxonomy":"category","embeddable":true,"href":"https:\/\/anmp.pt\/fr\/wp-json\/wp\/v2\/categories?post=48164"},{"taxonomy":"post_tag","embeddable":true,"href":"https:\/\/anmp.pt\/fr\/wp-json\/wp\/v2\/tags?post=48164"}],"curies":[{"name":"wp","href":"https:\/\/api.w.org\/{rel}","templated":true}]}}