{"id":6940,"date":"2019-07-09T12:00:33","date_gmt":"2019-07-09T11:00:33","guid":{"rendered":"https:\/\/anmp.pt\/?p=6940"},"modified":"2020-01-07T12:01:37","modified_gmt":"2020-01-07T12:01:37","slug":"reposicao-das-estacoes-dos-ctt-nas-sedes-de-municipio","status":"publish","type":"post","link":"https:\/\/anmp.pt\/fr\/reposicao-das-estacoes-dos-ctt-nas-sedes-de-municipio\/","title":{"rendered":"(Portugu\u00eas) Reposi\u00e7\u00e3o das esta\u00e7\u00f5es dos CTT nas sedes de Munic\u00edpio"},"content":{"rendered":"<p class=\"qtranxs-available-languages-message qtranxs-available-languages-message-fr\">D\u00e9sol\u00e9, cet article est seulement disponible en <a href=\"https:\/\/anmp.pt\/pt\/wp-json\/wp\/v2\/posts\/6940\" class=\"qtranxs-available-language-link qtranxs-available-language-link-pt\" title=\"Portugu\u00eas\">Portugu\u00eas<\/a>.<\/p><p><strong>ANMP regista com apre\u00e7o reposi\u00e7\u00e3o das esta\u00e7\u00f5es dos CTT nas sedes de Munic\u00edpio<\/strong><\/p>\n<p>O Presidente da Associa\u00e7\u00e3o Nacional de Munic\u00edpios Portugueses (ANMP) disse hoje, em Confer\u00eancia de Imprensa, no final da reuni\u00e3o habitual do seu Conselho Diretivo, em Coimbra, \u201cregistar com apre\u00e7o\u201d a inten\u00e7\u00e3o dos CTT de repor as esta\u00e7\u00f5es de correios encerradas em sedes de Munic\u00edpio, mas avisou querer que essa inten\u00e7\u00e3o se traduza na pr\u00e1tica e com \u201cm\u00e1xima urg\u00eancia\u201d.<\/p>\n<p>As declara\u00e7\u00f5es p\u00fablicas de respons\u00e1veis dos CTT \u201cv\u00e3o no sentido no sentido\u201d daquilo que preconizam os Munic\u00edpios e t\u00eam surgido \u201calguns sinais de melhoria\u201d em rela\u00e7\u00e3o ao servi\u00e7o postal universal, mas s\u00e3o necess\u00e1rias \u201ca\u00e7\u00f5es concretas\u201d, disse o presidente da ANMP, Manual Machado.<\/p>\n<p>\u201c\u00c9 inaceit\u00e1vel que haja um Munic\u00edpio no nosso pa\u00eds, um \u00fanico que seja, que n\u00e3o tenha esta\u00e7\u00e3o de correios e n\u00e3o tenha o servi\u00e7o postal universal, que \u00e9 uma concess\u00e3o do Estado e \u00e9 uma obriga\u00e7\u00e3o do Estado\u201d, sustentou Manuel Machado, que falava aos jornalistas depois de ter participado na reuni\u00e3o do Conselho Diretivo da Associa\u00e7\u00e3o.<\/p>\n<p>\u201cAs regress\u00f5es que se verificaram [nos servi\u00e7os de correios] t\u00eam de ser resolvidas com a m\u00e1xima urg\u00eancia\u201d, salientou, acrescentando que a ANMP n\u00e3o desiste, \u201cjunto da entidade reguladora [ANACOM, Autoridade Nacional de Comunica\u00e7\u00f5es], junto dos \u00f3rg\u00e3os de soberania\u201d, de exigir a resolu\u00e7\u00e3o da situa\u00e7\u00e3o enquanto \u201cem cada Munic\u00edpio, em cada sede de Munic\u00edpio, no m\u00ednimo\u201d, n\u00e3o existir uma esta\u00e7\u00e3o de correios.<br \/>\n\u201cA elimina\u00e7\u00e3o das esta\u00e7\u00f5es dos correios, como de outros servi\u00e7os p\u00fablicos essenciais, \u00e9 um contributo muito negativo para a desertifica\u00e7\u00e3o, para o isolamento das popula\u00e7\u00f5es, para o abandono das terras\u201d, defendeu, recordando que \u201cainda h\u00e1 Munic\u00edpios, umas dezenas, que n\u00e3o t\u00eam esta\u00e7\u00f5es de correios, que n\u00e3o t\u00eam servi\u00e7o postal universal, nos termos em que as regras da concess\u00e3o do Estado determinou\u201d.<\/p>\n<p>Quando fala de esta\u00e7\u00e3o ou posto de correios, o Presidente da ANMP refere-se ao \u201csentido formal do termo\u201d, sublinhando que \u201cn\u00e3o serve um quiosque, nem uma sapataria ou uma lavandaria\u201d, dado que \u201ca distribui\u00e7\u00e3o postal est\u00e1 sujeita a regras\u201d, designadamente de \u201creserva e de privacidade\u201d.<\/p>\n<p>Durante a reuni\u00e3o de hoje, na sede da Associa\u00e7\u00e3o, em Coimbra, o Conselho Diretivo da ANMP tamb\u00e9m se deteve sobre os temas que v\u00e3o ser debatidos no seu pr\u00f3ximo Congresso, a realizar em 29 e 30 de novembro, designadamente \u2018Organiza\u00e7\u00e3o do Estado\u2019, \u2018Modelo de desenvolvimento do Pa\u00eds\u2019 e \u2018Financiamento local\u2019 \u2013 e entregou os pr\u00e9mios aos vencedores do Pr\u00e9mio de Jornalismo e Poder Local 2019, que distinguiu trabalhos publicados durante o ano de 2018, nas categorias de Imprensa, R\u00e1dio e Televis\u00e3o.<\/p>","protected":false},"excerpt":{"rendered":"<p>D\u00e9sol\u00e9, cet article est seulement disponible en Portugu\u00eas.ANMP regista com apre\u00e7o reposi\u00e7\u00e3o das esta\u00e7\u00f5es dos CTT nas sedes de Munic\u00edpio O Presidente da Associa\u00e7\u00e3o Nacional de Munic\u00edpios Portugueses (ANMP) disse hoje, em Confer\u00eancia de Imprensa, no final da reuni\u00e3o habitual do seu Conselho Diretivo, em Coimbra, \u201cregistar com apre\u00e7o\u201d a inten\u00e7\u00e3o dos CTT de repor [&hellip;]<\/p>\n","protected":false},"author":1,"featured_media":6941,"comment_status":"closed","ping_status":"closed","sticky":false,"template":"","format":"standard","meta":{"_acf_changed":false,"_exactmetrics_skip_tracking":false,"_exactmetrics_sitenote_active":false,"_exactmetrics_sitenote_note":"","_exactmetrics_sitenote_category":0,"footnotes":""},"categories":[1],"tags":[],"class_list":["post-6940","post","type-post","status-publish","format-standard","has-post-thumbnail","hentry","category-sem-categoria"],"acf":[],"yoast_head":"<!-- This site is optimized with the Yoast SEO plugin v23.9 - https:\/\/yoast.com\/wordpress\/plugins\/seo\/ -->\n<title><\/title>\n<meta name=\"robots\" content=\"index, follow, max-snippet:-1, max-image-preview:large, max-video-preview:-1\" \/>\n<link rel=\"canonical\" href=\"https:\/\/anmp.pt\/fr\/reposicao-das-estacoes-dos-ctt-nas-sedes-de-municipio\/\" \/>\n<meta property=\"og:locale\" content=\"fr_FR\" \/>\n<meta property=\"og:type\" content=\"article\" \/>\n<meta property=\"og:title\" content=\"[:pt]Reposi\u00e7\u00e3o das esta\u00e7\u00f5es dos CTT nas sedes de Munic\u00edpio[:] - Portal Institucional\" \/>\n<meta property=\"og:description\" content=\"D\u00e9sol\u00e9, cet article est seulement disponible en Portugu\u00eas.ANMP regista com apre\u00e7o reposi\u00e7\u00e3o das esta\u00e7\u00f5es dos CTT nas sedes de Munic\u00edpio O Presidente da Associa\u00e7\u00e3o Nacional de Munic\u00edpios Portugueses (ANMP) disse hoje, em Confer\u00eancia de Imprensa, no final da reuni\u00e3o habitual do seu Conselho Diretivo, em Coimbra, \u201cregistar com apre\u00e7o\u201d a inten\u00e7\u00e3o dos CTT de repor [&hellip;]\" \/>\n<meta property=\"og:url\" content=\"https:\/\/anmp.pt\/fr\/reposicao-das-estacoes-dos-ctt-nas-sedes-de-municipio\/\" \/>\n<meta property=\"og:site_name\" content=\"Portal Institucional\" \/>\n<meta property=\"article:publisher\" content=\"https:\/\/www.facebook.com\/ANMP.PT\" \/>\n<meta property=\"article:published_time\" content=\"2019-07-09T11:00:33+00:00\" \/>\n<meta property=\"article:modified_time\" content=\"2020-01-07T12:01:37+00:00\" \/>\n<meta property=\"og:image\" content=\"https:\/\/anmp.pt\/wp-content\/uploads\/2020\/01\/rascunho-automatico-2.jpg\" \/>\n\t<meta property=\"og:image:width\" content=\"1920\" \/>\n\t<meta property=\"og:image:height\" content=\"1281\" \/>\n\t<meta property=\"og:image:type\" content=\"image\/jpeg\" \/>\n<meta name=\"author\" content=\"technical@skillmind.pt\" \/>\n<meta name=\"twitter:card\" content=\"summary_large_image\" \/>\n<script type=\"application\/ld+json\" class=\"yoast-schema-graph\">{\"@context\":\"https:\/\/schema.org\",\"@graph\":[{\"@type\":\"Article\",\"@id\":\"https:\/\/anmp.pt\/fr\/reposicao-das-estacoes-dos-ctt-nas-sedes-de-municipio\/#article\",\"isPartOf\":{\"@id\":\"https:\/\/anmp.pt\/fr\/reposicao-das-estacoes-dos-ctt-nas-sedes-de-municipio\/\"},\"author\":{\"name\":\"technical@skillmind.pt\",\"@id\":\"https:\/\/anmp.pt\/#\/schema\/person\/c9e44afb55b611864317da7036f14b78\"},\"headline\":\"(Portugu\u00eas) Reposi\u00e7\u00e3o das esta\u00e7\u00f5es dos CTT nas sedes de Munic\u00edpio\",\"datePublished\":\"2019-07-09T11:00:33+00:00\",\"dateModified\":\"2020-01-07T12:01:37+00:00\",\"mainEntityOfPage\":{\"@id\":\"https:\/\/anmp.pt\/fr\/reposicao-das-estacoes-dos-ctt-nas-sedes-de-municipio\/\"},\"wordCount\":503,\"publisher\":{\"@id\":\"https:\/\/anmp.pt\/#organization\"},\"image\":{\"@id\":\"https:\/\/anmp.pt\/fr\/reposicao-das-estacoes-dos-ctt-nas-sedes-de-municipio\/#primaryimage\"},\"thumbnailUrl\":\"https:\/\/anmp.pt\/wp-content\/uploads\/2020\/01\/rascunho-automatico-2.jpg\",\"articleSection\":[\"Sem categoria\"],\"inLanguage\":\"fr-FR\"},{\"@type\":\"WebPage\",\"@id\":\"https:\/\/anmp.pt\/fr\/reposicao-das-estacoes-dos-ctt-nas-sedes-de-municipio\/\",\"url\":\"https:\/\/anmp.pt\/fr\/reposicao-das-estacoes-dos-ctt-nas-sedes-de-municipio\/\",\"name\":\"[:pt]Reposi\u00e7\u00e3o das esta\u00e7\u00f5es dos CTT nas sedes de Munic\u00edpio[:] - Portal Institucional\",\"isPartOf\":{\"@id\":\"https:\/\/anmp.pt\/#website\"},\"primaryImageOfPage\":{\"@id\":\"https:\/\/anmp.pt\/fr\/reposicao-das-estacoes-dos-ctt-nas-sedes-de-municipio\/#primaryimage\"},\"image\":{\"@id\":\"https:\/\/anmp.pt\/fr\/reposicao-das-estacoes-dos-ctt-nas-sedes-de-municipio\/#primaryimage\"},\"thumbnailUrl\":\"https:\/\/anmp.pt\/wp-content\/uploads\/2020\/01\/rascunho-automatico-2.jpg\",\"datePublished\":\"2019-07-09T11:00:33+00:00\",\"dateModified\":\"2020-01-07T12:01:37+00:00\",\"breadcrumb\":{\"@id\":\"https:\/\/anmp.pt\/fr\/reposicao-das-estacoes-dos-ctt-nas-sedes-de-municipio\/#breadcrumb\"},\"inLanguage\":\"fr-FR\",\"potentialAction\":[{\"@type\":\"ReadAction\",\"target\":[\"https:\/\/anmp.pt\/fr\/reposicao-das-estacoes-dos-ctt-nas-sedes-de-municipio\/\"]}]},{\"@type\":\"ImageObject\",\"inLanguage\":\"fr-FR\",\"@id\":\"https:\/\/anmp.pt\/fr\/reposicao-das-estacoes-dos-ctt-nas-sedes-de-municipio\/#primaryimage\",\"url\":\"https:\/\/anmp.pt\/wp-content\/uploads\/2020\/01\/rascunho-automatico-2.jpg\",\"contentUrl\":\"https:\/\/anmp.pt\/wp-content\/uploads\/2020\/01\/rascunho-automatico-2.jpg\",\"width\":1920,\"height\":1281,\"caption\":\"Rascunho autom\u00e1tico 738\"},{\"@type\":\"BreadcrumbList\",\"@id\":\"https:\/\/anmp.pt\/fr\/reposicao-das-estacoes-dos-ctt-nas-sedes-de-municipio\/#breadcrumb\",\"itemListElement\":[{\"@type\":\"ListItem\",\"position\":1,\"name\":\"In\u00edcio\",\"item\":\"https:\/\/anmp.pt\/\"},{\"@type\":\"ListItem\",\"position\":2,\"name\":\"(Portugu\u00eas) Reposi\u00e7\u00e3o das esta\u00e7\u00f5es dos CTT nas sedes de Munic\u00edpio\"}]},{\"@type\":\"WebSite\",\"@id\":\"https:\/\/anmp.pt\/#website\",\"url\":\"https:\/\/anmp.pt\/\",\"name\":\"Associa\u00e7\u00e3o Nacional de Munic\u00edpios Portugueses\",\"description\":\"Portal Institucional\",\"publisher\":{\"@id\":\"https:\/\/anmp.pt\/#organization\"},\"potentialAction\":[{\"@type\":\"SearchAction\",\"target\":{\"@type\":\"EntryPoint\",\"urlTemplate\":\"https:\/\/anmp.pt\/?s={search_term_string}\"},\"query-input\":{\"@type\":\"PropertyValueSpecification\",\"valueRequired\":true,\"valueName\":\"search_term_string\"}}],\"inLanguage\":\"fr-FR\"},{\"@type\":\"Organization\",\"@id\":\"https:\/\/anmp.pt\/#organization\",\"name\":\"Associa\u00e7\u00e3o Nacional de Munic\u00edpios Portugueses\",\"url\":\"https:\/\/anmp.pt\/\",\"logo\":{\"@type\":\"ImageObject\",\"inLanguage\":\"fr-FR\",\"@id\":\"https:\/\/anmp.pt\/#\/schema\/logo\/image\/\",\"url\":\"https:\/\/anmp.pt\/wp-content\/uploads\/2020\/06\/logo980400.png\",\"contentUrl\":\"https:\/\/anmp.pt\/wp-content\/uploads\/2020\/06\/logo980400.png\",\"width\":980,\"height\":400,\"caption\":\"Associa\u00e7\u00e3o Nacional de Munic\u00edpios Portugueses\"},\"image\":{\"@id\":\"https:\/\/anmp.pt\/#\/schema\/logo\/image\/\"},\"sameAs\":[\"https:\/\/www.facebook.com\/ANMP.PT\"]},{\"@type\":\"Person\",\"@id\":\"https:\/\/anmp.pt\/#\/schema\/person\/c9e44afb55b611864317da7036f14b78\",\"name\":\"technical@skillmind.pt\",\"image\":{\"@type\":\"ImageObject\",\"inLanguage\":\"fr-FR\",\"@id\":\"https:\/\/anmp.pt\/#\/schema\/person\/image\/\",\"url\":\"https:\/\/secure.gravatar.com\/avatar\/1ba539f09e9b3468dd99ca1910cd910c?s=96&d=mm&r=g\",\"contentUrl\":\"https:\/\/secure.gravatar.com\/avatar\/1ba539f09e9b3468dd99ca1910cd910c?s=96&d=mm&r=g\",\"caption\":\"technical@skillmind.pt\"}}]}<\/script>\n<!-- \/ Yoast SEO plugin. -->","yoast_head_json":{"title":"[:pt]Reposi\u00e7\u00e3o das esta\u00e7\u00f5es dos CTT nas sedes de Munic\u00edpio[:] - Portal Institucional","robots":{"index":"index","follow":"follow","max-snippet":"max-snippet:-1","max-image-preview":"max-image-preview:large","max-video-preview":"max-video-preview:-1"},"canonical":"https:\/\/anmp.pt\/fr\/reposicao-das-estacoes-dos-ctt-nas-sedes-de-municipio\/","og_locale":"fr_FR","og_type":"article","og_title":"[:pt]Reposi\u00e7\u00e3o das esta\u00e7\u00f5es dos CTT nas sedes de Munic\u00edpio[:] - Portal Institucional","og_description":"D\u00e9sol\u00e9, cet article est seulement disponible en Portugu\u00eas.ANMP regista com apre\u00e7o reposi\u00e7\u00e3o das esta\u00e7\u00f5es dos CTT nas sedes de Munic\u00edpio O Presidente da Associa\u00e7\u00e3o Nacional de Munic\u00edpios Portugueses (ANMP) disse hoje, em Confer\u00eancia de Imprensa, no final da reuni\u00e3o habitual do seu Conselho Diretivo, em Coimbra, \u201cregistar com apre\u00e7o\u201d a inten\u00e7\u00e3o dos CTT de repor [&hellip;]","og_url":"https:\/\/anmp.pt\/fr\/reposicao-das-estacoes-dos-ctt-nas-sedes-de-municipio\/","og_site_name":"Portal Institucional","article_publisher":"https:\/\/www.facebook.com\/ANMP.PT","article_published_time":"2019-07-09T11:00:33+00:00","article_modified_time":"2020-01-07T12:01:37+00:00","og_image":[{"width":1920,"height":1281,"url":"https:\/\/anmp.pt\/wp-content\/uploads\/2020\/01\/rascunho-automatico-2.jpg","type":"image\/jpeg"}],"author":"technical@skillmind.pt","twitter_card":"summary_large_image","schema":{"@context":"https:\/\/schema.org","@graph":[{"@type":"Article","@id":"https:\/\/anmp.pt\/fr\/reposicao-das-estacoes-dos-ctt-nas-sedes-de-municipio\/#article","isPartOf":{"@id":"https:\/\/anmp.pt\/fr\/reposicao-das-estacoes-dos-ctt-nas-sedes-de-municipio\/"},"author":{"name":"technical@skillmind.pt","@id":"https:\/\/anmp.pt\/#\/schema\/person\/c9e44afb55b611864317da7036f14b78"},"headline":"(Portugu\u00eas) Reposi\u00e7\u00e3o das esta\u00e7\u00f5es dos CTT nas sedes de Munic\u00edpio","datePublished":"2019-07-09T11:00:33+00:00","dateModified":"2020-01-07T12:01:37+00:00","mainEntityOfPage":{"@id":"https:\/\/anmp.pt\/fr\/reposicao-das-estacoes-dos-ctt-nas-sedes-de-municipio\/"},"wordCount":503,"publisher":{"@id":"https:\/\/anmp.pt\/#organization"},"image":{"@id":"https:\/\/anmp.pt\/fr\/reposicao-das-estacoes-dos-ctt-nas-sedes-de-municipio\/#primaryimage"},"thumbnailUrl":"https:\/\/anmp.pt\/wp-content\/uploads\/2020\/01\/rascunho-automatico-2.jpg","articleSection":["Sem categoria"],"inLanguage":"fr-FR"},{"@type":"WebPage","@id":"https:\/\/anmp.pt\/fr\/reposicao-das-estacoes-dos-ctt-nas-sedes-de-municipio\/","url":"https:\/\/anmp.pt\/fr\/reposicao-das-estacoes-dos-ctt-nas-sedes-de-municipio\/","name":"[:pt]Reposi\u00e7\u00e3o das esta\u00e7\u00f5es dos CTT nas sedes de Munic\u00edpio[:] - Portal Institucional","isPartOf":{"@id":"https:\/\/anmp.pt\/#website"},"primaryImageOfPage":{"@id":"https:\/\/anmp.pt\/fr\/reposicao-das-estacoes-dos-ctt-nas-sedes-de-municipio\/#primaryimage"},"image":{"@id":"https:\/\/anmp.pt\/fr\/reposicao-das-estacoes-dos-ctt-nas-sedes-de-municipio\/#primaryimage"},"thumbnailUrl":"https:\/\/anmp.pt\/wp-content\/uploads\/2020\/01\/rascunho-automatico-2.jpg","datePublished":"2019-07-09T11:00:33+00:00","dateModified":"2020-01-07T12:01:37+00:00","breadcrumb":{"@id":"https:\/\/anmp.pt\/fr\/reposicao-das-estacoes-dos-ctt-nas-sedes-de-municipio\/#breadcrumb"},"inLanguage":"fr-FR","potentialAction":[{"@type":"ReadAction","target":["https:\/\/anmp.pt\/fr\/reposicao-das-estacoes-dos-ctt-nas-sedes-de-municipio\/"]}]},{"@type":"ImageObject","inLanguage":"fr-FR","@id":"https:\/\/anmp.pt\/fr\/reposicao-das-estacoes-dos-ctt-nas-sedes-de-municipio\/#primaryimage","url":"https:\/\/anmp.pt\/wp-content\/uploads\/2020\/01\/rascunho-automatico-2.jpg","contentUrl":"https:\/\/anmp.pt\/wp-content\/uploads\/2020\/01\/rascunho-automatico-2.jpg","width":1920,"height":1281,"caption":"Rascunho autom\u00e1tico 738"},{"@type":"BreadcrumbList","@id":"https:\/\/anmp.pt\/fr\/reposicao-das-estacoes-dos-ctt-nas-sedes-de-municipio\/#breadcrumb","itemListElement":[{"@type":"ListItem","position":1,"name":"In\u00edcio","item":"https:\/\/anmp.pt\/"},{"@type":"ListItem","position":2,"name":"(Portugu\u00eas) Reposi\u00e7\u00e3o das esta\u00e7\u00f5es dos CTT nas sedes de Munic\u00edpio"}]},{"@type":"WebSite","@id":"https:\/\/anmp.pt\/#website","url":"https:\/\/anmp.pt\/","name":"Associa\u00e7\u00e3o Nacional de Munic\u00edpios Portugueses","description":"Portal Institucional","publisher":{"@id":"https:\/\/anmp.pt\/#organization"},"potentialAction":[{"@type":"SearchAction","target":{"@type":"EntryPoint","urlTemplate":"https:\/\/anmp.pt\/?s={search_term_string}"},"query-input":{"@type":"PropertyValueSpecification","valueRequired":true,"valueName":"search_term_string"}}],"inLanguage":"fr-FR"},{"@type":"Organization","@id":"https:\/\/anmp.pt\/#organization","name":"Associa\u00e7\u00e3o Nacional de Munic\u00edpios Portugueses","url":"https:\/\/anmp.pt\/","logo":{"@type":"ImageObject","inLanguage":"fr-FR","@id":"https:\/\/anmp.pt\/#\/schema\/logo\/image\/","url":"https:\/\/anmp.pt\/wp-content\/uploads\/2020\/06\/logo980400.png","contentUrl":"https:\/\/anmp.pt\/wp-content\/uploads\/2020\/06\/logo980400.png","width":980,"height":400,"caption":"Associa\u00e7\u00e3o Nacional de Munic\u00edpios Portugueses"},"image":{"@id":"https:\/\/anmp.pt\/#\/schema\/logo\/image\/"},"sameAs":["https:\/\/www.facebook.com\/ANMP.PT"]},{"@type":"Person","@id":"https:\/\/anmp.pt\/#\/schema\/person\/c9e44afb55b611864317da7036f14b78","name":"technical@skillmind.pt","image":{"@type":"ImageObject","inLanguage":"fr-FR","@id":"https:\/\/anmp.pt\/#\/schema\/person\/image\/","url":"https:\/\/secure.gravatar.com\/avatar\/1ba539f09e9b3468dd99ca1910cd910c?s=96&d=mm&r=g","contentUrl":"https:\/\/secure.gravatar.com\/avatar\/1ba539f09e9b3468dd99ca1910cd910c?s=96&d=mm&r=g","caption":"technical@skillmind.pt"}}]}},"_links":{"self":[{"href":"https:\/\/anmp.pt\/fr\/wp-json\/wp\/v2\/posts\/6940","targetHints":{"allow":["GET"]}}],"collection":[{"href":"https:\/\/anmp.pt\/fr\/wp-json\/wp\/v2\/posts"}],"about":[{"href":"https:\/\/anmp.pt\/fr\/wp-json\/wp\/v2\/types\/post"}],"author":[{"embeddable":true,"href":"https:\/\/anmp.pt\/fr\/wp-json\/wp\/v2\/users\/1"}],"replies":[{"embeddable":true,"href":"https:\/\/anmp.pt\/fr\/wp-json\/wp\/v2\/comments?post=6940"}],"version-history":[{"count":0,"href":"https:\/\/anmp.pt\/fr\/wp-json\/wp\/v2\/posts\/6940\/revisions"}],"wp:featuredmedia":[{"embeddable":true,"href":"https:\/\/anmp.pt\/fr\/wp-json\/wp\/v2\/media\/6941"}],"wp:attachment":[{"href":"https:\/\/anmp.pt\/fr\/wp-json\/wp\/v2\/media?parent=6940"}],"wp:term":[{"taxonomy":"category","embeddable":true,"href":"https:\/\/anmp.pt\/fr\/wp-json\/wp\/v2\/categories?post=6940"},{"taxonomy":"post_tag","embeddable":true,"href":"https:\/\/anmp.pt\/fr\/wp-json\/wp\/v2\/tags?post=6940"}],"curies":[{"name":"wp","href":"https:\/\/api.w.org\/{rel}","templated":true}]}}