{"id":7835,"date":"2018-07-11T14:20:59","date_gmt":"2018-07-11T13:20:59","guid":{"rendered":"https:\/\/anmp.pt\/?p=7835"},"modified":"2020-01-10T14:22:51","modified_gmt":"2020-01-10T14:22:51","slug":"anmp-reuniu-com-uniao-das-associacoes-locais-de-angola","status":"publish","type":"post","link":"https:\/\/anmp.pt\/fr\/anmp-reuniu-com-uniao-das-associacoes-locais-de-angola\/","title":{"rendered":"(Portugu\u00eas) ANMP reuniu com Uni\u00e3o das Associa\u00e7\u00f5es Locais de Angola"},"content":{"rendered":"<p class=\"qtranxs-available-languages-message qtranxs-available-languages-message-fr\">D\u00e9sol\u00e9, cet article est seulement disponible en <a href=\"https:\/\/anmp.pt\/pt\/wp-json\/wp\/v2\/posts\/7835\" class=\"qtranxs-available-language-link qtranxs-available-language-link-pt\" title=\"Portugu\u00eas\">Portugu\u00eas<\/a>.<\/p><p>A Associa\u00e7\u00e3o Nacional de Munic\u00edpios Portugueses (ANMP) reuniu hoje (11 de julho de 2018) com a Uni\u00e3o das Associa\u00e7\u00f5es Locais de Angola (Amangola).<\/p>\n<p>Este encontro entre as associa\u00e7\u00f5es representativas dos Munic\u00edpios de Portugal e de Angola aconteceu no \u00e2mbito do processo de implementa\u00e7\u00e3o, naquele pa\u00eds africano, das autarquias locais democr\u00e1ticas em 2020.<\/p>\n<p>Nesta reuni\u00e3o, a ANMP e a Amangola analisaram o modo como a experi\u00eancia de 34 anos da Associa\u00e7\u00e3o portuguesa pode ser \u00fatil \u00e0 constru\u00e7\u00e3o do poder local democr\u00e1tico em Angola.<\/p>","protected":false},"excerpt":{"rendered":"<p>D\u00e9sol\u00e9, cet article est seulement disponible en Portugu\u00eas.A Associa\u00e7\u00e3o Nacional de Munic\u00edpios Portugueses (ANMP) reuniu hoje (11 de julho de 2018) com a Uni\u00e3o das Associa\u00e7\u00f5es Locais de Angola (Amangola). Este encontro entre as associa\u00e7\u00f5es representativas dos Munic\u00edpios de Portugal e de Angola aconteceu no \u00e2mbito do processo de implementa\u00e7\u00e3o, naquele pa\u00eds africano, das autarquias [&hellip;]<\/p>\n","protected":false},"author":1,"featured_media":7836,"comment_status":"closed","ping_status":"closed","sticky":false,"template":"","format":"standard","meta":{"_acf_changed":false,"_exactmetrics_skip_tracking":false,"_exactmetrics_sitenote_active":false,"_exactmetrics_sitenote_note":"","_exactmetrics_sitenote_category":0,"footnotes":""},"categories":[1],"tags":[],"class_list":["post-7835","post","type-post","status-publish","format-standard","has-post-thumbnail","hentry","category-sem-categoria"],"acf":[],"yoast_head":"<!-- This site is optimized with the Yoast SEO plugin v23.9 - https:\/\/yoast.com\/wordpress\/plugins\/seo\/ -->\n<title><\/title>\n<meta name=\"robots\" content=\"index, follow, max-snippet:-1, max-image-preview:large, max-video-preview:-1\" \/>\n<link rel=\"canonical\" href=\"https:\/\/anmp.pt\/anmp-reuniu-com-uniao-das-associacoes-locais-de-angola\/\" \/>\n<meta property=\"og:locale\" content=\"fr_FR\" \/>\n<meta property=\"og:type\" content=\"article\" \/>\n<meta property=\"og:title\" content=\"[:pt]ANMP reuniu com Uni\u00e3o das Associa\u00e7\u00f5es Locais de Angola[:] - Portal Institucional\" \/>\n<meta property=\"og:description\" content=\"D\u00e9sol\u00e9, cet article est seulement disponible en Portugu\u00eas.A Associa\u00e7\u00e3o Nacional de Munic\u00edpios Portugueses (ANMP) reuniu hoje (11 de julho de 2018) com a Uni\u00e3o das Associa\u00e7\u00f5es Locais de Angola (Amangola). Este encontro entre as associa\u00e7\u00f5es representativas dos Munic\u00edpios de Portugal e de Angola aconteceu no \u00e2mbito do processo de implementa\u00e7\u00e3o, naquele pa\u00eds africano, das autarquias [&hellip;]\" \/>\n<meta property=\"og:url\" content=\"https:\/\/anmp.pt\/anmp-reuniu-com-uniao-das-associacoes-locais-de-angola\/\" \/>\n<meta property=\"og:site_name\" content=\"Portal Institucional\" \/>\n<meta property=\"article:publisher\" content=\"https:\/\/www.facebook.com\/ANMP.PT\" \/>\n<meta property=\"article:published_time\" content=\"2018-07-11T13:20:59+00:00\" \/>\n<meta property=\"article:modified_time\" content=\"2020-01-10T14:22:51+00:00\" \/>\n<meta property=\"og:image\" content=\"https:\/\/anmp.pt\/wp-content\/uploads\/2020\/01\/rascunho-automatico-59.jpg\" \/>\n\t<meta property=\"og:image:width\" content=\"594\" \/>\n\t<meta property=\"og:image:height\" content=\"678\" \/>\n\t<meta property=\"og:image:type\" content=\"image\/jpeg\" \/>\n<meta name=\"author\" content=\"technical@skillmind.pt\" \/>\n<meta name=\"twitter:card\" content=\"summary_large_image\" \/>\n<script type=\"application\/ld+json\" class=\"yoast-schema-graph\">{\"@context\":\"https:\/\/schema.org\",\"@graph\":[{\"@type\":\"Article\",\"@id\":\"https:\/\/anmp.pt\/anmp-reuniu-com-uniao-das-associacoes-locais-de-angola\/#article\",\"isPartOf\":{\"@id\":\"https:\/\/anmp.pt\/anmp-reuniu-com-uniao-das-associacoes-locais-de-angola\/\"},\"author\":{\"name\":\"technical@skillmind.pt\",\"@id\":\"https:\/\/anmp.pt\/#\/schema\/person\/c9e44afb55b611864317da7036f14b78\"},\"headline\":\"(Portugu\u00eas) ANMP reuniu com Uni\u00e3o das Associa\u00e7\u00f5es Locais de Angola\",\"datePublished\":\"2018-07-11T13:20:59+00:00\",\"dateModified\":\"2020-01-10T14:22:51+00:00\",\"mainEntityOfPage\":{\"@id\":\"https:\/\/anmp.pt\/anmp-reuniu-com-uniao-das-associacoes-locais-de-angola\/\"},\"wordCount\":104,\"publisher\":{\"@id\":\"https:\/\/anmp.pt\/#organization\"},\"image\":{\"@id\":\"https:\/\/anmp.pt\/anmp-reuniu-com-uniao-das-associacoes-locais-de-angola\/#primaryimage\"},\"thumbnailUrl\":\"https:\/\/anmp.pt\/wp-content\/uploads\/2020\/01\/rascunho-automatico-59.jpg\",\"articleSection\":[\"Sem categoria\"],\"inLanguage\":\"fr-FR\"},{\"@type\":\"WebPage\",\"@id\":\"https:\/\/anmp.pt\/anmp-reuniu-com-uniao-das-associacoes-locais-de-angola\/\",\"url\":\"https:\/\/anmp.pt\/anmp-reuniu-com-uniao-das-associacoes-locais-de-angola\/\",\"name\":\"[:pt]ANMP reuniu com Uni\u00e3o das Associa\u00e7\u00f5es Locais de Angola[:] - Portal Institucional\",\"isPartOf\":{\"@id\":\"https:\/\/anmp.pt\/#website\"},\"primaryImageOfPage\":{\"@id\":\"https:\/\/anmp.pt\/anmp-reuniu-com-uniao-das-associacoes-locais-de-angola\/#primaryimage\"},\"image\":{\"@id\":\"https:\/\/anmp.pt\/anmp-reuniu-com-uniao-das-associacoes-locais-de-angola\/#primaryimage\"},\"thumbnailUrl\":\"https:\/\/anmp.pt\/wp-content\/uploads\/2020\/01\/rascunho-automatico-59.jpg\",\"datePublished\":\"2018-07-11T13:20:59+00:00\",\"dateModified\":\"2020-01-10T14:22:51+00:00\",\"breadcrumb\":{\"@id\":\"https:\/\/anmp.pt\/anmp-reuniu-com-uniao-das-associacoes-locais-de-angola\/#breadcrumb\"},\"inLanguage\":\"fr-FR\",\"potentialAction\":[{\"@type\":\"ReadAction\",\"target\":[\"https:\/\/anmp.pt\/anmp-reuniu-com-uniao-das-associacoes-locais-de-angola\/\"]}]},{\"@type\":\"ImageObject\",\"inLanguage\":\"fr-FR\",\"@id\":\"https:\/\/anmp.pt\/anmp-reuniu-com-uniao-das-associacoes-locais-de-angola\/#primaryimage\",\"url\":\"https:\/\/anmp.pt\/wp-content\/uploads\/2020\/01\/rascunho-automatico-59.jpg\",\"contentUrl\":\"https:\/\/anmp.pt\/wp-content\/uploads\/2020\/01\/rascunho-automatico-59.jpg\",\"width\":594,\"height\":678,\"caption\":\"Rascunho autom\u00e1tico 793\"},{\"@type\":\"BreadcrumbList\",\"@id\":\"https:\/\/anmp.pt\/anmp-reuniu-com-uniao-das-associacoes-locais-de-angola\/#breadcrumb\",\"itemListElement\":[{\"@type\":\"ListItem\",\"position\":1,\"name\":\"In\u00edcio\",\"item\":\"https:\/\/anmp.pt\/\"},{\"@type\":\"ListItem\",\"position\":2,\"name\":\"ANMP reuniu com Uni\u00e3o das Associa\u00e7\u00f5es Locais de Angola\"}]},{\"@type\":\"WebSite\",\"@id\":\"https:\/\/anmp.pt\/#website\",\"url\":\"https:\/\/anmp.pt\/\",\"name\":\"Associa\u00e7\u00e3o Nacional de Munic\u00edpios Portugueses\",\"description\":\"Portal Institucional\",\"publisher\":{\"@id\":\"https:\/\/anmp.pt\/#organization\"},\"potentialAction\":[{\"@type\":\"SearchAction\",\"target\":{\"@type\":\"EntryPoint\",\"urlTemplate\":\"https:\/\/anmp.pt\/?s={search_term_string}\"},\"query-input\":{\"@type\":\"PropertyValueSpecification\",\"valueRequired\":true,\"valueName\":\"search_term_string\"}}],\"inLanguage\":\"fr-FR\"},{\"@type\":\"Organization\",\"@id\":\"https:\/\/anmp.pt\/#organization\",\"name\":\"Associa\u00e7\u00e3o Nacional de Munic\u00edpios Portugueses\",\"url\":\"https:\/\/anmp.pt\/\",\"logo\":{\"@type\":\"ImageObject\",\"inLanguage\":\"fr-FR\",\"@id\":\"https:\/\/anmp.pt\/#\/schema\/logo\/image\/\",\"url\":\"https:\/\/anmp.pt\/wp-content\/uploads\/2020\/06\/logo980400.png\",\"contentUrl\":\"https:\/\/anmp.pt\/wp-content\/uploads\/2020\/06\/logo980400.png\",\"width\":980,\"height\":400,\"caption\":\"Associa\u00e7\u00e3o Nacional de Munic\u00edpios Portugueses\"},\"image\":{\"@id\":\"https:\/\/anmp.pt\/#\/schema\/logo\/image\/\"},\"sameAs\":[\"https:\/\/www.facebook.com\/ANMP.PT\"]},{\"@type\":\"Person\",\"@id\":\"https:\/\/anmp.pt\/#\/schema\/person\/c9e44afb55b611864317da7036f14b78\",\"name\":\"technical@skillmind.pt\",\"image\":{\"@type\":\"ImageObject\",\"inLanguage\":\"fr-FR\",\"@id\":\"https:\/\/anmp.pt\/#\/schema\/person\/image\/\",\"url\":\"https:\/\/secure.gravatar.com\/avatar\/1ba539f09e9b3468dd99ca1910cd910c?s=96&d=mm&r=g\",\"contentUrl\":\"https:\/\/secure.gravatar.com\/avatar\/1ba539f09e9b3468dd99ca1910cd910c?s=96&d=mm&r=g\",\"caption\":\"technical@skillmind.pt\"}}]}<\/script>\n<!-- \/ Yoast SEO plugin. -->","yoast_head_json":{"title":"[:pt]ANMP reuniu com Uni\u00e3o das Associa\u00e7\u00f5es Locais de Angola[:] - Portal Institucional","robots":{"index":"index","follow":"follow","max-snippet":"max-snippet:-1","max-image-preview":"max-image-preview:large","max-video-preview":"max-video-preview:-1"},"canonical":"https:\/\/anmp.pt\/anmp-reuniu-com-uniao-das-associacoes-locais-de-angola\/","og_locale":"fr_FR","og_type":"article","og_title":"[:pt]ANMP reuniu com Uni\u00e3o das Associa\u00e7\u00f5es Locais de Angola[:] - Portal Institucional","og_description":"D\u00e9sol\u00e9, cet article est seulement disponible en Portugu\u00eas.A Associa\u00e7\u00e3o Nacional de Munic\u00edpios Portugueses (ANMP) reuniu hoje (11 de julho de 2018) com a Uni\u00e3o das Associa\u00e7\u00f5es Locais de Angola (Amangola). Este encontro entre as associa\u00e7\u00f5es representativas dos Munic\u00edpios de Portugal e de Angola aconteceu no \u00e2mbito do processo de implementa\u00e7\u00e3o, naquele pa\u00eds africano, das autarquias [&hellip;]","og_url":"https:\/\/anmp.pt\/anmp-reuniu-com-uniao-das-associacoes-locais-de-angola\/","og_site_name":"Portal Institucional","article_publisher":"https:\/\/www.facebook.com\/ANMP.PT","article_published_time":"2018-07-11T13:20:59+00:00","article_modified_time":"2020-01-10T14:22:51+00:00","og_image":[{"width":594,"height":678,"url":"https:\/\/anmp.pt\/wp-content\/uploads\/2020\/01\/rascunho-automatico-59.jpg","type":"image\/jpeg"}],"author":"technical@skillmind.pt","twitter_card":"summary_large_image","schema":{"@context":"https:\/\/schema.org","@graph":[{"@type":"Article","@id":"https:\/\/anmp.pt\/anmp-reuniu-com-uniao-das-associacoes-locais-de-angola\/#article","isPartOf":{"@id":"https:\/\/anmp.pt\/anmp-reuniu-com-uniao-das-associacoes-locais-de-angola\/"},"author":{"name":"technical@skillmind.pt","@id":"https:\/\/anmp.pt\/#\/schema\/person\/c9e44afb55b611864317da7036f14b78"},"headline":"(Portugu\u00eas) ANMP reuniu com Uni\u00e3o das Associa\u00e7\u00f5es Locais de Angola","datePublished":"2018-07-11T13:20:59+00:00","dateModified":"2020-01-10T14:22:51+00:00","mainEntityOfPage":{"@id":"https:\/\/anmp.pt\/anmp-reuniu-com-uniao-das-associacoes-locais-de-angola\/"},"wordCount":104,"publisher":{"@id":"https:\/\/anmp.pt\/#organization"},"image":{"@id":"https:\/\/anmp.pt\/anmp-reuniu-com-uniao-das-associacoes-locais-de-angola\/#primaryimage"},"thumbnailUrl":"https:\/\/anmp.pt\/wp-content\/uploads\/2020\/01\/rascunho-automatico-59.jpg","articleSection":["Sem categoria"],"inLanguage":"fr-FR"},{"@type":"WebPage","@id":"https:\/\/anmp.pt\/anmp-reuniu-com-uniao-das-associacoes-locais-de-angola\/","url":"https:\/\/anmp.pt\/anmp-reuniu-com-uniao-das-associacoes-locais-de-angola\/","name":"[:pt]ANMP reuniu com Uni\u00e3o das Associa\u00e7\u00f5es Locais de Angola[:] - Portal Institucional","isPartOf":{"@id":"https:\/\/anmp.pt\/#website"},"primaryImageOfPage":{"@id":"https:\/\/anmp.pt\/anmp-reuniu-com-uniao-das-associacoes-locais-de-angola\/#primaryimage"},"image":{"@id":"https:\/\/anmp.pt\/anmp-reuniu-com-uniao-das-associacoes-locais-de-angola\/#primaryimage"},"thumbnailUrl":"https:\/\/anmp.pt\/wp-content\/uploads\/2020\/01\/rascunho-automatico-59.jpg","datePublished":"2018-07-11T13:20:59+00:00","dateModified":"2020-01-10T14:22:51+00:00","breadcrumb":{"@id":"https:\/\/anmp.pt\/anmp-reuniu-com-uniao-das-associacoes-locais-de-angola\/#breadcrumb"},"inLanguage":"fr-FR","potentialAction":[{"@type":"ReadAction","target":["https:\/\/anmp.pt\/anmp-reuniu-com-uniao-das-associacoes-locais-de-angola\/"]}]},{"@type":"ImageObject","inLanguage":"fr-FR","@id":"https:\/\/anmp.pt\/anmp-reuniu-com-uniao-das-associacoes-locais-de-angola\/#primaryimage","url":"https:\/\/anmp.pt\/wp-content\/uploads\/2020\/01\/rascunho-automatico-59.jpg","contentUrl":"https:\/\/anmp.pt\/wp-content\/uploads\/2020\/01\/rascunho-automatico-59.jpg","width":594,"height":678,"caption":"Rascunho autom\u00e1tico 793"},{"@type":"BreadcrumbList","@id":"https:\/\/anmp.pt\/anmp-reuniu-com-uniao-das-associacoes-locais-de-angola\/#breadcrumb","itemListElement":[{"@type":"ListItem","position":1,"name":"In\u00edcio","item":"https:\/\/anmp.pt\/"},{"@type":"ListItem","position":2,"name":"ANMP reuniu com Uni\u00e3o das Associa\u00e7\u00f5es Locais de Angola"}]},{"@type":"WebSite","@id":"https:\/\/anmp.pt\/#website","url":"https:\/\/anmp.pt\/","name":"Associa\u00e7\u00e3o Nacional de Munic\u00edpios Portugueses","description":"Portal Institucional","publisher":{"@id":"https:\/\/anmp.pt\/#organization"},"potentialAction":[{"@type":"SearchAction","target":{"@type":"EntryPoint","urlTemplate":"https:\/\/anmp.pt\/?s={search_term_string}"},"query-input":{"@type":"PropertyValueSpecification","valueRequired":true,"valueName":"search_term_string"}}],"inLanguage":"fr-FR"},{"@type":"Organization","@id":"https:\/\/anmp.pt\/#organization","name":"Associa\u00e7\u00e3o Nacional de Munic\u00edpios Portugueses","url":"https:\/\/anmp.pt\/","logo":{"@type":"ImageObject","inLanguage":"fr-FR","@id":"https:\/\/anmp.pt\/#\/schema\/logo\/image\/","url":"https:\/\/anmp.pt\/wp-content\/uploads\/2020\/06\/logo980400.png","contentUrl":"https:\/\/anmp.pt\/wp-content\/uploads\/2020\/06\/logo980400.png","width":980,"height":400,"caption":"Associa\u00e7\u00e3o Nacional de Munic\u00edpios Portugueses"},"image":{"@id":"https:\/\/anmp.pt\/#\/schema\/logo\/image\/"},"sameAs":["https:\/\/www.facebook.com\/ANMP.PT"]},{"@type":"Person","@id":"https:\/\/anmp.pt\/#\/schema\/person\/c9e44afb55b611864317da7036f14b78","name":"technical@skillmind.pt","image":{"@type":"ImageObject","inLanguage":"fr-FR","@id":"https:\/\/anmp.pt\/#\/schema\/person\/image\/","url":"https:\/\/secure.gravatar.com\/avatar\/1ba539f09e9b3468dd99ca1910cd910c?s=96&d=mm&r=g","contentUrl":"https:\/\/secure.gravatar.com\/avatar\/1ba539f09e9b3468dd99ca1910cd910c?s=96&d=mm&r=g","caption":"technical@skillmind.pt"}}]}},"_links":{"self":[{"href":"https:\/\/anmp.pt\/fr\/wp-json\/wp\/v2\/posts\/7835","targetHints":{"allow":["GET"]}}],"collection":[{"href":"https:\/\/anmp.pt\/fr\/wp-json\/wp\/v2\/posts"}],"about":[{"href":"https:\/\/anmp.pt\/fr\/wp-json\/wp\/v2\/types\/post"}],"author":[{"embeddable":true,"href":"https:\/\/anmp.pt\/fr\/wp-json\/wp\/v2\/users\/1"}],"replies":[{"embeddable":true,"href":"https:\/\/anmp.pt\/fr\/wp-json\/wp\/v2\/comments?post=7835"}],"version-history":[{"count":0,"href":"https:\/\/anmp.pt\/fr\/wp-json\/wp\/v2\/posts\/7835\/revisions"}],"wp:featuredmedia":[{"embeddable":true,"href":"https:\/\/anmp.pt\/fr\/wp-json\/wp\/v2\/media\/7836"}],"wp:attachment":[{"href":"https:\/\/anmp.pt\/fr\/wp-json\/wp\/v2\/media?parent=7835"}],"wp:term":[{"taxonomy":"category","embeddable":true,"href":"https:\/\/anmp.pt\/fr\/wp-json\/wp\/v2\/categories?post=7835"},{"taxonomy":"post_tag","embeddable":true,"href":"https:\/\/anmp.pt\/fr\/wp-json\/wp\/v2\/tags?post=7835"}],"curies":[{"name":"wp","href":"https:\/\/api.w.org\/{rel}","templated":true}]}}